{"id":414079,"date":"2020-11-26T23:55:08","date_gmt":"2020-11-26T22:55:08","guid":{"rendered":"https:\/\/hashtag.al\/?p=414079"},"modified":"2020-11-27T00:35:50","modified_gmt":"2020-11-26T23:35:50","slug":"komuna-e-bujanocit-propozoi-qe-cakaj-te-shpallej-qytetar-nderi-ministrja-serbe-nuk-pranon-na-akuzoi-per-krime-lufte-dhe-gjenocid","status":"publish","type":"post","link":"https:\/\/www.hashtag.al\/index.php\/2020\/11\/26\/komuna-e-bujanocit-propozoi-qe-cakaj-te-shpallej-qytetar-nderi-ministrja-serbe-nuk-pranon-na-akuzoi-per-krime-lufte-dhe-gjenocid\/","title":{"rendered":"Komuna e Bujanocit propozoi q\u00eb Cakaj t\u00eb shpallej \u201cQytetar Nderi\u201d, Ministrja serbe nuk pranon: Na akuzoi p\u00ebr krime lufte dhe gjenocid","gt_translate_keys":[{"key":"rendered","format":"text"}]},"content":{"rendered":"<p><img loading=\"lazy\" decoding=\"async\" class=\"aligncenter size-full wp-image-385838\" src=\"https:\/\/hashtag.al\/wp-content\/uploads\/2020\/07\/cakaj.jpg\" alt=\"\" width=\"2000\" height=\"1125\" srcset=\"https:\/\/www.hashtag.al\/wp-content\/uploads\/2020\/07\/cakaj.jpg 2000w, https:\/\/www.hashtag.al\/wp-content\/uploads\/2020\/07\/cakaj-300x169.jpg 300w, https:\/\/www.hashtag.al\/wp-content\/uploads\/2020\/07\/cakaj-768x432.jpg 768w, https:\/\/www.hashtag.al\/wp-content\/uploads\/2020\/07\/cakaj-1024x576.jpg 1024w\" sizes=\"auto, (max-width: 2000px) 100vw, 2000px\" \/><\/p>\n<p><span style=\"color: #000000;\">Ministrja e Administrat\u00ebs Publike dhe Vet\u00ebadministrimit Lokal n\u00eb Serbi, Marija Obradovi\u00e7, gjat\u00eb nj\u00eb paraqitje n\u00eb seanc\u00ebn e sotme t\u00eb Kuvendit t\u00eb Serbis\u00eb, mes tjerash ka refuzuar edhe propozimin e Kuvendit komunal t\u00eb Bujanocit, q\u00eb ministri Gent Cakaj t\u00eb shpallet \u201cQytetar Nderi\u201d i Bujanocit.<\/span><\/p>\n<p><span style=\"color: #000000;\">\u201c26 k\u00ebshilltar\u00eb, nga 41 sa ka Kuvendi i Bujanocit, kan\u00eb propozuar q\u00eb Gent Cakaj t\u00eb shpallet qytetar nderi i Bujanocit. Po, ata e kan\u00eb d\u00ebrguar propozimin m\u00eb 20 n\u00ebntor, dhe n\u00eb m\u00ebnyr\u00eb legale kan\u00eb vepruar, ku un\u00eb si ministre \u00ebsht\u00eb dashur t\u00eb n\u00ebnshkruaj propozimin. Por, un\u00eb sot kam n\u00ebnshkruar vendimin me t\u00eb cilin refuzohet, propozimi i Kuvendit komunal t\u00eb Bujanocit, q\u00eb ministri shqiptar, Gent Cakaj t\u00eb shpallet qytetar nderi i Bujanocit\u201d \u2013 deklaroi ministrja Obradovi\u00e7.<\/span><\/p>\n<p><span style=\"color: #000000;\">Ajo si arsyetim p\u00ebr refuzimin e propozimit t\u00eb Bujanocit, ka deklaruar se ministri shqiptar Gent Cakaj vazhdimisht ka akuzuar Serbin\u00eb p\u00ebr krime t\u00eb kryera ndaj shqiptar\u00ebve t\u00eb Kosov\u00ebs, shkruan Gazeta Express.<\/span><\/p>\n<p><span style=\"color: #000000;\">\u201c<em>Ministri Gent Cakaj, ka deklaruar se gjat\u00eb luft\u00ebs n\u00eb Kosov\u00eb, se Serbia \u00ebsht\u00eb p\u00ebrgjegj\u00ebse p\u00ebr vrasjen e mij\u00ebra shqiptar\u00ebve, p\u00ebr dep\u00ebrtimin e miliona shqiptar\u00ebve dhe djegien e mij\u00ebra sht\u00ebpive q\u00eb n\u00eb esenc\u00eb n\u00eb vler\u00eb prej miliona dollar\u00ebve<\/em>\u201d, ka deklaruar ministrja Obradovi\u00e7.<\/span><\/p>\n<p><span style=\"color: #000000;\">Ajo m\u00eb pas, ka pyetur se a duhet t\u00eb n\u00ebnshkruaj\u00eb nj\u00eb dokument p\u00ebr nj\u00eb minist\u00ebr shqiptar q\u00eb akuzon Serbin\u00eb, derisa \u00ebsht\u00eb e vet\u00ebdijshme q\u00eb ministri Cakaj, i ka ndihmuar shqiptar\u00ebt p\u00ebr krijimin e koalicionit p\u00ebr zgjedhje Parlamentare.<\/span><\/p>\n<p><span style=\"color: #000000;\">Kuvendi Komunal i Bujanocit, n\u00eb seanc\u00ebn e saj t\u00eb fundit t\u00eb mbajtur para dy jav\u00ebve, me shumic\u00eb votash ka propozuar q\u00eb ministri i Pun\u00ebve t\u00eb Jashtme t\u00eb Shqip\u00ebris\u00eb, Gent Cakaj t\u00eb shpallet qytetar nderi i Komun\u00ebs s\u00eb Bujanocit.<\/span><\/p>\n","protected":false,"gt_translate_keys":[{"key":"rendered","format":"html"}]},"excerpt":{"rendered":"<p>Ministrja e Administrat\u00ebs Publike dhe Vet\u00ebadministrimit Lokal n\u00eb Serbi, Marija Obradovi\u00e7, gjat\u00eb nj\u00eb paraqitje n\u00eb seanc\u00ebn e sotme t\u00eb Kuvendit t\u00eb Serbis\u00eb, mes tjerash ka refuzuar edhe propozimin e Kuvendit komunal t\u00eb Bujanocit, q\u00eb ministri Gent Cakaj t\u00eb shpallet \u201cQytetar Nderi\u201d i Bujanocit. \u201c26 k\u00ebshilltar\u00eb, nga 41 sa ka Kuvendi i Bujanocit, kan\u00eb propozuar q\u00eb [&hellip;]<\/p>\n","protected":false,"gt_translate_keys":[{"key":"rendered","format":"html"}]},"author":32,"featured_media":385838,"comment_status":"open","ping_status":"open","sticky":false,"template":"","format":"standard","meta":{"footnotes":""},"categories":[65,13],"tags":[],"class_list":["post-414079","post","type-post","status-publish","format-standard","has-post-thumbnail","hentry","category-lajme","category-te-fundit"],"gt_translate_keys":[{"key":"link","format":"url"}],"_links":{"self":[{"href":"https:\/\/www.hashtag.al\/index.php\/wp-json\/wp\/v2\/posts\/414079","targetHints":{"allow":["GET"]}}],"collection":[{"href":"https:\/\/www.hashtag.al\/index.php\/wp-json\/wp\/v2\/posts"}],"about":[{"href":"https:\/\/www.hashtag.al\/index.php\/wp-json\/wp\/v2\/types\/post"}],"author":[{"embeddable":true,"href":"https:\/\/www.hashtag.al\/index.php\/wp-json\/wp\/v2\/users\/32"}],"replies":[{"embeddable":true,"href":"https:\/\/www.hashtag.al\/index.php\/wp-json\/wp\/v2\/comments?post=414079"}],"version-history":[{"count":0,"href":"https:\/\/www.hashtag.al\/index.php\/wp-json\/wp\/v2\/posts\/414079\/revisions"}],"wp:featuredmedia":[{"embeddable":true,"href":"https:\/\/www.hashtag.al\/index.php\/wp-json\/wp\/v2\/media\/385838"}],"wp:attachment":[{"href":"https:\/\/www.hashtag.al\/index.php\/wp-json\/wp\/v2\/media?parent=414079"}],"wp:term":[{"taxonomy":"category","embeddable":true,"href":"https:\/\/www.hashtag.al\/index.php\/wp-json\/wp\/v2\/categories?post=414079"},{"taxonomy":"post_tag","embeddable":true,"href":"https:\/\/www.hashtag.al\/index.php\/wp-json\/wp\/v2\/tags?post=414079"}],"curies":[{"name":"wp","href":"https:\/\/api.w.org\/{rel}","templated":true}]}}