{"id":414074,"date":"2020-11-26T23:20:09","date_gmt":"2020-11-26T22:20:09","guid":{"rendered":"https:\/\/hashtag.al\/?p=414074"},"modified":"2020-11-26T23:20:09","modified_gmt":"2020-11-26T22:20:09","slug":"rama-i-ka-ofruar-para-komandantit-te-uck-se-per-te-terhequr-fjalet-e-mira-per-mua-denoncimi-i-bashes","status":"publish","type":"post","link":"https:\/\/www.hashtag.al\/index.php\/2020\/11\/26\/rama-i-ka-ofruar-para-komandantit-te-uck-se-per-te-terhequr-fjalet-e-mira-per-mua-denoncimi-i-bashes\/","title":{"rendered":"\u201cRama i ka ofruar para komandantit t\u00eb U\u00c7K-s\u00eb p\u00ebr t\u00eb t\u00ebrhequr fjal\u00ebt e mira p\u00ebr mua\u201d-Denoncimi i Bash\u00ebs","gt_translate_keys":[{"key":"rendered","format":"text"}]},"content":{"rendered":"<p><img loading=\"lazy\" decoding=\"async\" class=\"aligncenter size-full wp-image-414075\" src=\"https:\/\/hashtag.al\/wp-content\/uploads\/2020\/11\/basha12.jpg\" alt=\"\" width=\"900\" height=\"572\" srcset=\"https:\/\/www.hashtag.al\/wp-content\/uploads\/2020\/11\/basha12.jpg 900w, https:\/\/www.hashtag.al\/wp-content\/uploads\/2020\/11\/basha12-300x191.jpg 300w, https:\/\/www.hashtag.al\/wp-content\/uploads\/2020\/11\/basha12-768x488.jpg 768w\" sizes=\"auto, (max-width: 900px) 100vw, 900px\" \/><\/p>\n<p><span style=\"color: #000000;\">Kryetari i PD-s\u00eb Lulzim Basha gjat\u00eb emisionit \u201c\u00c7im Peka Live\u201d duke folur p\u00ebr akuzat ndaj tij p\u00ebr pun\u00ebn gjat\u00eb koh\u00ebs s\u00eb pas luft\u00ebs n\u00eb Kosov\u00eb ka b\u00ebr\u00eb nj\u00eb denoncim.<\/span><\/p>\n<p><span style=\"color: #000000;\">Basha pasi theksoi se akuzat nga Milaim Bellanica n\u00eb drejtim t\u00eb tij p\u00ebr kaset\u00ebn e Krushes u demontuan nda media dhe vet\u00eb miku i Ram\u00ebs, denoncoi se Kryeministri ka shkuar m\u00eb tej duke i ofruar para nj\u00eb komandanti t\u00eb U\u00c7K-s\u00eb p\u00ebr t\u00eb t\u00ebrhequr fjal\u00ebt e mira p\u00ebr kryedemokratin.<\/span><\/p>\n<p><span style=\"color: #000000;\">Basha nuk pranoi t\u00eb jap\u00eb emrin e komandantit t\u00eb cilit sipas tij i jan\u00eb ofruar para apo tendera nga Rama.<\/span><\/p>\n<p><span style=\"color: #000000;\">\u201c<em>Sa her\u00eb vijn\u00eb zgjedhjet, k\u00ebt\u00eb histori nxjerr dhe k\u00ebt\u00eb histori ja rr\u00ebzojn\u00eb miqt\u00eb e tij m\u00eb t\u00eb ngusht\u00eb, Dash Peza, Paton Haxhiu. Ja nxor\u00ebn q\u00eb jan\u00eb shpifje. Doni t\u00eb dini di\u00e7ka? Ta b\u00ebj nj\u00eb lajm t\u00eb vog\u00ebl sot? Sot ka \u00e7uar nj\u00eb personazh t\u00eb Tiran\u00ebs tek nj\u00eb nga komandant\u00ebt e UCK-s\u00eb dhe I ka th\u00ebn\u00eb Ed Rama t\u00eb ka th\u00ebn\u00eb hap goj\u00ebn tender apo lek\u00eb, t\u00ebrhiq disa fjal\u00eb q\u00eb ke th\u00ebn\u00eb t\u00eb mira p\u00ebr Lul Bash\u00ebn q\u00eb t\u00eb vazhdojm\u00eb fushat\u00ebn ndaj tij. Pra kjo \u00ebsht\u00eb si\u00e7 e kuptoni dhe ju me induktim, s\u2019ka nevoj\u00eb<\/em>\u201d-deklaroi Basha.<\/span><\/p>\n","protected":false,"gt_translate_keys":[{"key":"rendered","format":"html"}]},"excerpt":{"rendered":"<p>Kryetari i PD-s\u00eb Lulzim Basha gjat\u00eb emisionit \u201c\u00c7im Peka Live\u201d duke folur p\u00ebr akuzat ndaj tij p\u00ebr pun\u00ebn gjat\u00eb koh\u00ebs s\u00eb pas luft\u00ebs n\u00eb Kosov\u00eb ka b\u00ebr\u00eb nj\u00eb denoncim. Basha pasi theksoi se akuzat nga Milaim Bellanica n\u00eb drejtim t\u00eb tij p\u00ebr kaset\u00ebn e Krushes u demontuan nda media dhe vet\u00eb miku i Ram\u00ebs, denoncoi [&hellip;]<\/p>\n","protected":false,"gt_translate_keys":[{"key":"rendered","format":"html"}]},"author":32,"featured_media":414075,"comment_status":"open","ping_status":"open","sticky":false,"template":"","format":"standard","meta":{"footnotes":""},"categories":[65,13],"tags":[],"class_list":["post-414074","post","type-post","status-publish","format-standard","has-post-thumbnail","hentry","category-lajme","category-te-fundit"],"gt_translate_keys":[{"key":"link","format":"url"}],"_links":{"self":[{"href":"https:\/\/www.hashtag.al\/index.php\/wp-json\/wp\/v2\/posts\/414074","targetHints":{"allow":["GET"]}}],"collection":[{"href":"https:\/\/www.hashtag.al\/index.php\/wp-json\/wp\/v2\/posts"}],"about":[{"href":"https:\/\/www.hashtag.al\/index.php\/wp-json\/wp\/v2\/types\/post"}],"author":[{"embeddable":true,"href":"https:\/\/www.hashtag.al\/index.php\/wp-json\/wp\/v2\/users\/32"}],"replies":[{"embeddable":true,"href":"https:\/\/www.hashtag.al\/index.php\/wp-json\/wp\/v2\/comments?post=414074"}],"version-history":[{"count":0,"href":"https:\/\/www.hashtag.al\/index.php\/wp-json\/wp\/v2\/posts\/414074\/revisions"}],"wp:featuredmedia":[{"embeddable":true,"href":"https:\/\/www.hashtag.al\/index.php\/wp-json\/wp\/v2\/media\/414075"}],"wp:attachment":[{"href":"https:\/\/www.hashtag.al\/index.php\/wp-json\/wp\/v2\/media?parent=414074"}],"wp:term":[{"taxonomy":"category","embeddable":true,"href":"https:\/\/www.hashtag.al\/index.php\/wp-json\/wp\/v2\/categories?post=414074"},{"taxonomy":"post_tag","embeddable":true,"href":"https:\/\/www.hashtag.al\/index.php\/wp-json\/wp\/v2\/tags?post=414074"}],"curies":[{"name":"wp","href":"https:\/\/api.w.org\/{rel}","templated":true}]}}