{"id":414035,"date":"2020-11-26T18:46:23","date_gmt":"2020-11-26T17:46:23","guid":{"rendered":"https:\/\/hashtag.al\/?p=414035"},"modified":"2020-11-26T18:46:23","modified_gmt":"2020-11-26T17:46:23","slug":"gjendet-i-pajete-nje-35-vjecar-ne-durres-dyshohet-se-ka-vrare-veten","status":"publish","type":"post","link":"https:\/\/www.hashtag.al\/index.php\/2020\/11\/26\/gjendet-i-pajete-nje-35-vjecar-ne-durres-dyshohet-se-ka-vrare-veten\/","title":{"rendered":"Gjendet i pajet\u00eb nj\u00eb 35 vje\u00e7ar n\u00eb Durr\u00ebs, dyshohet se ka vrar\u00eb veten","gt_translate_keys":[{"key":"rendered","format":"text"}]},"content":{"rendered":"<p><img loading=\"lazy\" decoding=\"async\" class=\"aligncenter size-full wp-image-404816\" src=\"https:\/\/hashtag.al\/wp-content\/uploads\/2020\/10\/POLICIA.jpg\" alt=\"\" width=\"512\" height=\"244\" srcset=\"https:\/\/www.hashtag.al\/wp-content\/uploads\/2020\/10\/POLICIA.jpg 512w, https:\/\/www.hashtag.al\/wp-content\/uploads\/2020\/10\/POLICIA-300x143.jpg 300w\" sizes=\"auto, (max-width: 512px) 100vw, 512px\" \/><\/p>\n<p><span style=\"color: #000000;\">Nj\u00eb 35-vje\u00e7ar \u00ebsht\u00eb gjetur i pajet\u00eb n\u00eb banes\u00ebn e tij n\u00eb Durr\u00ebs.<\/span><\/p>\n<p><span style=\"color: #000000;\">35 vje\u00e7ari me iniciale S.A dyshohet se ka vrar\u00eb veten me arm\u00eb zjarri.<\/span><\/p>\n<p><span style=\"color: #000000;\">Nga kqyrja paraprake nuk ka shenja dhune p\u00ebrve\u00e7 plag\u00ebs s\u00eb shkaktuar nga arma e zjarrit.<\/span><\/p>\n<p><span style=\"color: #000000;\">\u201cM\u00eb dat\u00eb 26.11.2020, n\u00eb or\u00ebn 18:05, n\u00eb lagjen nr.16, Durr\u00ebs, \u00ebsht\u00eb gjetur n\u00eb banes\u00eb, dyshohet i vetvrar\u00eb me arm\u00eb zjarri (pistolet\u00eb), shtetasi S. A., rreth 35 vje\u00e7.<\/span><\/p>\n<p><span style=\"color: #000000;\">Nga kqyrja paraprake e trupit, nuk jan\u00eb konstatuar shenja dhune ose d\u00ebmtime t\u00eb tjera, p\u00ebrve\u00e7 asaj t\u00eb shkaktuar nga arma e zjarrit.<\/span><\/p>\n<p><span style=\"color: #000000;\">Grupi hetimor n\u00ebn drejtimin e Prokuroris\u00eb po punon p\u00ebr dokumentimin e plot\u00eb t\u00eb shkakut dhe rrethanave t\u00eb ngjarjes\u201d-thuhet n\u00eb njoftimin e policis\u00eb.<\/span><\/p>\n<p>&nbsp;<\/p>\n","protected":false,"gt_translate_keys":[{"key":"rendered","format":"html"}]},"excerpt":{"rendered":"<p>Nj\u00eb 35-vje\u00e7ar \u00ebsht\u00eb gjetur i pajet\u00eb n\u00eb banes\u00ebn e tij n\u00eb Durr\u00ebs. 35 vje\u00e7ari me iniciale S.A dyshohet se ka vrar\u00eb veten me arm\u00eb zjarri. Nga kqyrja paraprake nuk ka shenja dhune p\u00ebrve\u00e7 plag\u00ebs s\u00eb shkaktuar nga arma e zjarrit. \u201cM\u00eb dat\u00eb 26.11.2020, n\u00eb or\u00ebn 18:05, n\u00eb lagjen nr.16, Durr\u00ebs, \u00ebsht\u00eb gjetur n\u00eb banes\u00eb, dyshohet [&hellip;]<\/p>\n","protected":false,"gt_translate_keys":[{"key":"rendered","format":"html"}]},"author":32,"featured_media":393679,"comment_status":"open","ping_status":"open","sticky":false,"template":"","format":"standard","meta":{"footnotes":""},"categories":[65,13],"tags":[],"class_list":["post-414035","post","type-post","status-publish","format-standard","has-post-thumbnail","hentry","category-lajme","category-te-fundit"],"gt_translate_keys":[{"key":"link","format":"url"}],"_links":{"self":[{"href":"https:\/\/www.hashtag.al\/index.php\/wp-json\/wp\/v2\/posts\/414035","targetHints":{"allow":["GET"]}}],"collection":[{"href":"https:\/\/www.hashtag.al\/index.php\/wp-json\/wp\/v2\/posts"}],"about":[{"href":"https:\/\/www.hashtag.al\/index.php\/wp-json\/wp\/v2\/types\/post"}],"author":[{"embeddable":true,"href":"https:\/\/www.hashtag.al\/index.php\/wp-json\/wp\/v2\/users\/32"}],"replies":[{"embeddable":true,"href":"https:\/\/www.hashtag.al\/index.php\/wp-json\/wp\/v2\/comments?post=414035"}],"version-history":[{"count":0,"href":"https:\/\/www.hashtag.al\/index.php\/wp-json\/wp\/v2\/posts\/414035\/revisions"}],"wp:featuredmedia":[{"embeddable":true,"href":"https:\/\/www.hashtag.al\/index.php\/wp-json\/wp\/v2\/media\/393679"}],"wp:attachment":[{"href":"https:\/\/www.hashtag.al\/index.php\/wp-json\/wp\/v2\/media?parent=414035"}],"wp:term":[{"taxonomy":"category","embeddable":true,"href":"https:\/\/www.hashtag.al\/index.php\/wp-json\/wp\/v2\/categories?post=414035"},{"taxonomy":"post_tag","embeddable":true,"href":"https:\/\/www.hashtag.al\/index.php\/wp-json\/wp\/v2\/tags?post=414035"}],"curies":[{"name":"wp","href":"https:\/\/api.w.org\/{rel}","templated":true}]}}