{"id":413993,"date":"2020-11-26T14:05:24","date_gmt":"2020-11-26T13:05:24","guid":{"rendered":"https:\/\/hashtag.al\/?p=413993"},"modified":"2020-11-26T14:05:24","modified_gmt":"2020-11-26T13:05:24","slug":"balla-komisioni-ska-lidhje-me-bashen-demokratet-ti-kerkojne-sqarime-mbi-rolin-e-tij-ne-luften-e-uck-se","status":"publish","type":"post","link":"https:\/\/www.hashtag.al\/index.php\/2020\/11\/26\/balla-komisioni-ska-lidhje-me-bashen-demokratet-ti-kerkojne-sqarime-mbi-rolin-e-tij-ne-luften-e-uck-se\/","title":{"rendered":"Balla: Komisioni s&#8217;ka lidhje me Bash\u00ebn, demokrat\u00ebt t&#8217;i k\u00ebrkojn\u00eb sqarime mbi rolin e tij n\u00eb luft\u00ebn e U\u00c7K-s\u00eb","gt_translate_keys":[{"key":"rendered","format":"text"}]},"content":{"rendered":"<p><img loading=\"lazy\" decoding=\"async\" class=\"aligncenter size-full wp-image-408535\" src=\"https:\/\/hashtag.al\/wp-content\/uploads\/2020\/10\/balla-1.jpg\" alt=\"\" width=\"770\" height=\"344\" srcset=\"https:\/\/www.hashtag.al\/wp-content\/uploads\/2020\/10\/balla-1.jpg 770w, https:\/\/www.hashtag.al\/wp-content\/uploads\/2020\/10\/balla-1-300x134.jpg 300w, https:\/\/www.hashtag.al\/wp-content\/uploads\/2020\/10\/balla-1-768x343.jpg 768w\" sizes=\"auto, (max-width: 770px) 100vw, 770px\" \/><\/p>\n<p><span style=\"color: #000000;\">Numri dy i PS-s\u00eb, Balla, u b\u00ebri thirrje demokrat\u00ebve q\u00eb t\u00eb ngrihen e t\u2019i k\u00ebrkojn\u00eb kreut t\u00eb PD-s\u00eb, Basha, sqarime mbi rolin e tij n\u00eb luft\u00ebn e U\u00c7K-s\u00eb. <\/span><\/p>\n<p><span style=\"color: #000000;\">Teksa foli lidhur me komisionin e propozuar hetimor p\u00ebr t\u00eb sqaruar t\u00eb ashtuquajturat akuza p\u00ebr krime lufte n\u00eb territorin e Shqip\u00ebris\u00eb gjat\u00eb Luft\u00ebs n\u00eb Kosov\u00eb, ai tha se objekt i k\u00ebtij komision nuk \u00ebsht\u00eb kryedemokrati.<\/span><\/p>\n<p><span style=\"color: #000000;\"><em>\u201cSot jemi n\u00eb nj\u00eb moment ku nga rezoluta dhe raporti kemi kaluar n\u00eb nj\u00eb faz\u00eb, ku jan\u00eb ngritur aktakuza p\u00ebrkundrejt luft\u00ebtar\u00ebve t\u00eb Kosov\u00ebs. Shqip\u00ebria \u00ebsht\u00eb sot n\u00eb nj\u00eb dokument zyrtar t\u00eb nj\u00eb Dhome Speciale, n\u00eb kuad\u00ebr t\u00eb tribunalit t\u00eb Hag\u00ebs, p\u00ebr t\u2019u verifikuar. Ka pasur nj\u00eb p\u00ebrpjekje p\u00ebr t\u00eb identifikuar k\u00ebt\u00eb komision t\u00eb posa\u00e7\u00ebm me di\u00e7ka tjet\u00ebr, me p\u00ebrfshirjen e Lulzim Bash\u00ebs, nuk ka t\u00eb b\u00ebj\u00eb fare komisioni me t\u00eb. I b\u00ebj thirrje Bash\u00ebs t\u00eb qet\u00ebsohet, nuk ka komision p\u00ebr ta hetuar, pasi do t\u00eb ishte humbje kohe. Luli e ka v\u00ebn\u00eb vul\u00ebn e turpit, i takon demokrat\u00ebve t\u00eb ngrihen e t\u2019i k\u00ebrkojn\u00eb t\u00eb sqarohet p\u00ebr rolin e tij n\u00eb luft\u00ebn e U\u00c7K. E vetmja gj\u00eb q\u00eb nuk m\u00eb shkon kurr\u00eb n\u00eb mendje \u00ebsht\u00eb t\u00eb b\u00ebj politik\u00eb me nj\u00eb \u00e7\u00ebshtje t\u00eb interesit komb\u00ebtar. Menj\u00ebher\u00eb sapo ta kemi miratuar komisionin, do duhet q\u00eb p\u00ebrmes dokumenteve zyrtare t\u00eb sqarojm\u00eb \u00e7do institucion q\u00eb n\u00eb Shqip\u00ebri nuk jan\u00eb kryer krime lufte apo kund\u00ebr njer\u00ebzimit.\u201d<\/em> &#8211; tha Balla.<\/span><\/p>\n","protected":false,"gt_translate_keys":[{"key":"rendered","format":"html"}]},"excerpt":{"rendered":"<p>Numri dy i PS-s\u00eb, Balla, u b\u00ebri thirrje demokrat\u00ebve q\u00eb t\u00eb ngrihen e t\u2019i k\u00ebrkojn\u00eb kreut t\u00eb PD-s\u00eb, Basha, sqarime mbi rolin e tij n\u00eb luft\u00ebn e U\u00c7K-s\u00eb. Teksa foli lidhur me komisionin e propozuar hetimor p\u00ebr t\u00eb sqaruar t\u00eb ashtuquajturat akuza p\u00ebr krime lufte n\u00eb territorin e Shqip\u00ebris\u00eb gjat\u00eb Luft\u00ebs n\u00eb Kosov\u00eb, ai tha [&hellip;]<\/p>\n","protected":false,"gt_translate_keys":[{"key":"rendered","format":"html"}]},"author":51,"featured_media":408535,"comment_status":"open","ping_status":"open","sticky":false,"template":"","format":"standard","meta":{"footnotes":""},"categories":[65,13],"tags":[],"class_list":["post-413993","post","type-post","status-publish","format-standard","has-post-thumbnail","hentry","category-lajme","category-te-fundit"],"gt_translate_keys":[{"key":"link","format":"url"}],"_links":{"self":[{"href":"https:\/\/www.hashtag.al\/index.php\/wp-json\/wp\/v2\/posts\/413993","targetHints":{"allow":["GET"]}}],"collection":[{"href":"https:\/\/www.hashtag.al\/index.php\/wp-json\/wp\/v2\/posts"}],"about":[{"href":"https:\/\/www.hashtag.al\/index.php\/wp-json\/wp\/v2\/types\/post"}],"author":[{"embeddable":true,"href":"https:\/\/www.hashtag.al\/index.php\/wp-json\/wp\/v2\/users\/51"}],"replies":[{"embeddable":true,"href":"https:\/\/www.hashtag.al\/index.php\/wp-json\/wp\/v2\/comments?post=413993"}],"version-history":[{"count":0,"href":"https:\/\/www.hashtag.al\/index.php\/wp-json\/wp\/v2\/posts\/413993\/revisions"}],"wp:featuredmedia":[{"embeddable":true,"href":"https:\/\/www.hashtag.al\/index.php\/wp-json\/wp\/v2\/media\/408535"}],"wp:attachment":[{"href":"https:\/\/www.hashtag.al\/index.php\/wp-json\/wp\/v2\/media?parent=413993"}],"wp:term":[{"taxonomy":"category","embeddable":true,"href":"https:\/\/www.hashtag.al\/index.php\/wp-json\/wp\/v2\/categories?post=413993"},{"taxonomy":"post_tag","embeddable":true,"href":"https:\/\/www.hashtag.al\/index.php\/wp-json\/wp\/v2\/tags?post=413993"}],"curies":[{"name":"wp","href":"https:\/\/api.w.org\/{rel}","templated":true}]}}