{"id":413884,"date":"2020-11-26T09:12:38","date_gmt":"2020-11-26T08:12:38","guid":{"rendered":"https:\/\/hashtag.al\/?p=413884"},"modified":"2020-11-26T09:14:59","modified_gmt":"2020-11-26T08:14:59","slug":"franca-u-kerkon-gjigandeve-te-teknologjise-amerikane-te-paguajne-miliona-euro-aplikon-taksen-e-re-te-sherbimeve-dixhitale","status":"publish","type":"post","link":"https:\/\/www.hashtag.al\/index.php\/2020\/11\/26\/franca-u-kerkon-gjigandeve-te-teknologjise-amerikane-te-paguajne-miliona-euro-aplikon-taksen-e-re-te-sherbimeve-dixhitale\/","title":{"rendered":"Franca u k\u00ebrkon gjigand\u00ebve t\u00eb teknologjis\u00eb amerikane t\u00eb paguajn\u00eb miliona euro, aplikon taks\u00ebn e re t\u00eb sh\u00ebrbimeve dixhitale","gt_translate_keys":[{"key":"rendered","format":"text"}]},"content":{"rendered":"<p><a href=\"https:\/\/hashtag.al\/wp-content\/uploads\/2020\/11\/5fbe721b85f5404aa43cc470.jpg\"><img loading=\"lazy\" decoding=\"async\" class=\"aligncenter size-full wp-image-413885\" src=\"https:\/\/hashtag.al\/wp-content\/uploads\/2020\/11\/5fbe721b85f5404aa43cc470.jpg\" alt=\"\" width=\"980\" height=\"551\" srcset=\"https:\/\/www.hashtag.al\/wp-content\/uploads\/2020\/11\/5fbe721b85f5404aa43cc470.jpg 980w, https:\/\/www.hashtag.al\/wp-content\/uploads\/2020\/11\/5fbe721b85f5404aa43cc470-300x169.jpg 300w, https:\/\/www.hashtag.al\/wp-content\/uploads\/2020\/11\/5fbe721b85f5404aa43cc470-768x432.jpg 768w\" sizes=\"auto, (max-width: 980px) 100vw, 980px\" \/><\/a><\/p>\n<p><span style=\"color: #000000;\">Autoritetet franceze t\u00eb taksave kan\u00eb kontaktuar nj\u00eb num\u00ebr t\u00eb madh t\u00eb kompanive t\u00eb teknologjis\u00eb amerikane, duke u k\u00ebrkuar t\u00eb paguajn\u00eb miliona euro, pas vendosjes s\u00eb taks\u00ebn s\u00eb re dixhitale.<\/span><\/p>\n<p><span style=\"color: #000000;\">&#8220;Amazon&#8221; dhe &#8220;Facebook&#8221; jan\u00eb nd\u00ebr kompanit\u00eb q\u00eb jan\u00eb njoftuar se pritet t\u00eb paguajn\u00eb taks\u00ebn prej 3 % p\u00ebr \u00e7do t\u00eb ardhur t\u00eb gjeneruar nga kompanit\u00eb e m\u00ebdha t\u00eb teknologjis\u00eb q\u00eb operojn\u00eb n\u00eb Franc\u00eb, shkruan <span style=\"color: #0000ff;\"><a style=\"color: #0000ff;\" href=\"https:\/\/www.rt.com\/news\/507792-france-demands-millions-digital-tax\/?utm_source=browser&amp;utm_medium=aplication_chrome&amp;utm_campaign=chrome&amp;fbclid=IwAR3p6uBfWMFl-z3yUSt8DjLy9S8tN3aq8QCAcNu0H2xSmnvGpC9L3SvT-g4\">RT<\/a><\/span>.<\/span><\/p>\n<p><span style=\"color: #000000;\">Ministri i Financave i Franc\u00ebs, Bruno LeMaire, ka vler\u00ebsuar se taksa e re mund t\u00eb sjell\u00eb rreth 500 milion euro t\u00eb ardhura p\u00ebr qeverin\u00eb. Mir\u00ebpo SHBA-ja e ka kritikuar k\u00ebt\u00eb mas\u00eb si t\u00eb padrejt\u00eb ndaj kompanive amerikane dhe k\u00ebrc\u00ebnoi t\u00eb hakmerret me tarifa p\u00ebr mallrat franceze, p\u00ebrfshir\u00eb k\u00ebtu djathin dhe ver\u00ebn, duke rrezikuar potencialisht nj\u00eb luft\u00eb tregtare midis dy kombeve.<\/span><\/p>\n<p><span style=\"color: #000000;\">Taksa e re u miratua fillimisht nga qeveria franceze n\u00eb korrik t\u00eb vitit 2019, por vendi ra dakord t\u00eb pezulloj\u00eb mbledhjen e taks\u00ebs n\u00eb janar, n\u00eb m\u00ebnyr\u00eb q\u00eb t\u00eb lejoj\u00eb Organizat\u00ebn p\u00ebr Bashk\u00ebpunim Ekonomik dhe Zhvillim (OECD) t\u00eb krijoj\u00eb nj\u00eb korniz\u00eb nd\u00ebrkomb\u00ebtare p\u00ebr kompanit\u00eb e teknologjis\u00eb.<\/span><\/p>\n<p><span style=\"color: #000000;\">Kompanit\u00eb e teknologjis\u00eb zakonisht e kan\u00eb shmangur pagimin e taksave n\u00eb vendet n\u00eb t\u00eb cilat veprojn\u00eb, duke e vendosur selin\u00eb e tyre n\u00eb kombe me ligje m\u00eb t\u00eb relaksuara t\u00eb taksave. SHBA fillimisht mori pjes\u00eb n\u00eb procesin e OECD, por u t\u00ebrhoq nga bisedimet n\u00eb qershor.<\/span><\/p>\n<p><span style=\"color: #000000;\">Nj\u00eb z\u00ebdh\u00ebn\u00ebs n\u00eb ministrin\u00eb e financave t\u00eb Franc\u00ebs e mbrojti taks\u00ebn, duke u th\u00ebn\u00eb mediave britanike se<em> &#8220;Franca mbetet e p\u00ebrkushtuar p\u00ebr t\u00eb gjetur nj\u00eb zgjidhje nd\u00ebrkomb\u00ebtare n\u00eb m\u00ebnyr\u00eb q\u00eb kompanit\u00eb dixhitale t\u00eb paguajn\u00eb pjes\u00ebn e tyre t\u00eb drejt\u00eb t\u00eb taksave ashtu si kompanit\u00eb e tjera&#8221;.<\/em><\/span><\/p>\n<p><span style=\"color: #000000;\">Franca nuk \u00ebsht\u00eb vendi i par\u00eb q\u00eb fut nj\u00eb taks\u00eb t\u00eb sh\u00ebrbimeve dixhitale. Spanja dhe Mbret\u00ebria e Bashkuar kan\u00eb aprovuar nj\u00eb l\u00ebgjislacion t\u00eb ngjash\u00ebm p\u00ebr t&#8217;u p\u00ebrpjekur t\u00eb detyrojn\u00eb kompanit\u00eb e teknologjis\u00eb, t\u00eb paguajn\u00eb nj\u00eb pjes\u00eb m\u00eb t\u00eb drejt\u00eb t\u00eb taksave mbi fitimet e gjeneruara n\u00eb ato vende.<\/span><\/p>\n","protected":false,"gt_translate_keys":[{"key":"rendered","format":"html"}]},"excerpt":{"rendered":"<p>Autoritetet franceze t\u00eb taksave kan\u00eb kontaktuar nj\u00eb num\u00ebr t\u00eb madh t\u00eb kompanive t\u00eb teknologjis\u00eb amerikane, duke u k\u00ebrkuar t\u00eb paguajn\u00eb miliona euro, pas vendosjes s\u00eb taks\u00ebn s\u00eb re dixhitale. &#8220;Amazon&#8221; dhe &#8220;Facebook&#8221; jan\u00eb nd\u00ebr kompanit\u00eb q\u00eb jan\u00eb njoftuar se pritet t\u00eb paguajn\u00eb taks\u00ebn prej 3 % p\u00ebr \u00e7do t\u00eb ardhur t\u00eb gjeneruar nga kompanit\u00eb e [&hellip;]<\/p>\n","protected":false,"gt_translate_keys":[{"key":"rendered","format":"html"}]},"author":30,"featured_media":413885,"comment_status":"open","ping_status":"open","sticky":false,"template":"","format":"standard","meta":{"footnotes":""},"categories":[6],"tags":[],"class_list":["post-413884","post","type-post","status-publish","format-standard","has-post-thumbnail","hentry","category-nderkombetare"],"gt_translate_keys":[{"key":"link","format":"url"}],"_links":{"self":[{"href":"https:\/\/www.hashtag.al\/index.php\/wp-json\/wp\/v2\/posts\/413884","targetHints":{"allow":["GET"]}}],"collection":[{"href":"https:\/\/www.hashtag.al\/index.php\/wp-json\/wp\/v2\/posts"}],"about":[{"href":"https:\/\/www.hashtag.al\/index.php\/wp-json\/wp\/v2\/types\/post"}],"author":[{"embeddable":true,"href":"https:\/\/www.hashtag.al\/index.php\/wp-json\/wp\/v2\/users\/30"}],"replies":[{"embeddable":true,"href":"https:\/\/www.hashtag.al\/index.php\/wp-json\/wp\/v2\/comments?post=413884"}],"version-history":[{"count":0,"href":"https:\/\/www.hashtag.al\/index.php\/wp-json\/wp\/v2\/posts\/413884\/revisions"}],"wp:featuredmedia":[{"embeddable":true,"href":"https:\/\/www.hashtag.al\/index.php\/wp-json\/wp\/v2\/media\/413885"}],"wp:attachment":[{"href":"https:\/\/www.hashtag.al\/index.php\/wp-json\/wp\/v2\/media?parent=413884"}],"wp:term":[{"taxonomy":"category","embeddable":true,"href":"https:\/\/www.hashtag.al\/index.php\/wp-json\/wp\/v2\/categories?post=413884"},{"taxonomy":"post_tag","embeddable":true,"href":"https:\/\/www.hashtag.al\/index.php\/wp-json\/wp\/v2\/tags?post=413884"}],"curies":[{"name":"wp","href":"https:\/\/api.w.org\/{rel}","templated":true}]}}