{"id":413877,"date":"2020-11-26T08:36:24","date_gmt":"2020-11-26T07:36:24","guid":{"rendered":"https:\/\/hashtag.al\/?p=413877"},"modified":"2020-11-26T08:55:01","modified_gmt":"2020-11-26T07:55:01","slug":"rama-rrefen-perjetimet-e-tij-nje-vit-pas-termetit-ishin-ditet-me-te-cmendura-te-jetes","status":"publish","type":"post","link":"https:\/\/www.hashtag.al\/index.php\/2020\/11\/26\/rama-rrefen-perjetimet-e-tij-nje-vit-pas-termetit-ishin-ditet-me-te-cmendura-te-jetes\/","title":{"rendered":"Rama rr\u00ebfen p\u00ebrjetimet e tij nj\u00eb vit pas t\u00ebrmetit: Ishin dit\u00ebt m\u00eb t\u00eb \u00e7mendura t\u00eb jet\u00ebs","gt_translate_keys":[{"key":"rendered","format":"text"}]},"content":{"rendered":"<p><a href=\"https:\/\/hashtag.al\/wp-content\/uploads\/2020\/11\/RAMA-3.jpg\"><img loading=\"lazy\" decoding=\"async\" class=\"aligncenter size-full wp-image-413878\" src=\"https:\/\/hashtag.al\/wp-content\/uploads\/2020\/11\/RAMA-3.jpg\" alt=\"\" width=\"870\" height=\"496\" srcset=\"https:\/\/www.hashtag.al\/wp-content\/uploads\/2020\/11\/RAMA-3.jpg 870w, https:\/\/www.hashtag.al\/wp-content\/uploads\/2020\/11\/RAMA-3-300x171.jpg 300w, https:\/\/www.hashtag.al\/wp-content\/uploads\/2020\/11\/RAMA-3-768x438.jpg 768w\" sizes=\"auto, (max-width: 870px) 100vw, 870px\" \/><\/a><\/p>\n<p><span style=\"color: #000000;\">Kryeministri Edi Rama e ka nisur dit\u00ebn e sotme duke p\u00ebrkujtuar t\u00ebrmetin tragjik t\u00eb 26 n\u00ebntorit t\u00eb vitit 2019, q\u00eb u mori jet\u00ebn 51 njer\u00ebzve.<\/span><\/p>\n<p><span style=\"color: #000000;\"><em>\u00a0\u201cI paharruar kujtimi i viktimave t\u00eb tragjedis\u00eb s\u00eb nj\u00eb viti m\u00eb pare. M\u00eb e keqja \u00ebsht\u00eb pas krah\u00ebve dhe m\u00eb e mira \u00ebsht\u00eb e gjitha p\u00ebrpara nesh\u201d<\/em>&#8211; shkruan Rama, nd\u00ebrsa publikon disa pamje nga t\u00ebrmeti si dhe nj\u00eb rr\u00ebfim p\u00ebr p\u00ebrjetimet e tij.<\/span><\/p>\n<p><span style=\"color: #000000;\">Rama\u00a0e ka nisur rr\u00ebfimin e tij me momentet e para t\u00eb zgjimit nga l\u00ebkundjet. Tregon se si u nis me urgjenc\u00eb p\u00ebr Durr\u00ebs, se si rrug\u00ebs n\u00eb makin\u00eb u d\u00ebrgoi mesazhe krer\u00ebve t\u00eb qeverive q\u00eb ai thot\u00eb se i ndjente m\u00eb af\u00ebr n\u00eb ato momente.<\/span><\/p>\n<p><span style=\"color: #000000;\">Flet p\u00ebr ndihm\u00ebn e ofruar nga vendet mike me Shqip\u00ebrin\u00eb, p\u00ebr sjelljen e ekipeve t\u00eb k\u00ebrkim-shp\u00ebtimit dhe fondeve t\u00eb mbledhura n\u00eb Konferenc\u00ebn e Donator\u00ebve.<\/span><\/p>\n<p><span style=\"color: #000000;\">Nj\u00eb detaj q\u00eb vihet re n\u00eb videon e k\u00ebtij rr\u00ebfimi t\u00eb kryeministrit jan\u00eb efektet e p\u00ebrdorura t\u00eb ndri\u00e7imit dhe ngjyrave. Fillimisht nis me nj\u00eb sfond t\u00eb zi, ku fytyra e kryeministrit merr ngjyr\u00eb blu. Nd\u00ebrsa kur fillon flet p\u00ebr ndihm\u00ebn nga vendet e tjera, fytyra e tij nis e ndri\u00e7ohet dal\u00ebngadal\u00eb.<\/span><\/p>\n<p><strong><span style=\"color: #000000;\">RR\u00cbFIMI I RAM\u00cbS<\/span><\/strong><\/p>\n<p><span style=\"color: #000000;\">U zgjuam nat\u00ebn nga tundjet e sht\u00ebpis\u00eb, ishin tmerr, menj\u00ebher\u00eb telefonatat, Durr\u00ebsi keq. Aty ishte dhe epiqendra mb\u00ebrrin makina dhe nisem direkt p\u00ebr Durr\u00ebs. <\/span><\/p>\n<p><span style=\"color: #000000;\">Gjat\u00eb rrug\u00ebs flisja me k\u00eb mundesha me ministrat, kryetar\u00ebt e Bashksis\u00eb. La\u00e7i keq, Thumana shum\u00eb keq. S&#8217;e kishim provuar kurr\u00eb m\u00eb par\u00eb di\u00e7ka t\u00eb till\u00eb n\u00eb jet\u00ebn ton\u00eb. I kam \u00e7uar n\u00eb makin\u00eb n\u00eb at\u00eb stres dhe nxitim SMS disa shefa t\u00eb qeverive q\u00eb i ndjeja m\u00eb af\u00ebr n\u00eb at\u00eb moment.<\/span><\/p>\n<p><span style=\"color: #000000;\">Arrijm\u00eb n\u00eb Durr\u00ebs arritja ishte drith\u00ebruese tek rr\u00ebnojat e pallatit q\u00eb kishte z\u00ebn\u00eb posht\u00eb banor\u00ebt. Shoh p\u00ebrpara Edisonin, nj\u00eb ish-deputet tonin q\u00eb k\u00ebrkonte motr\u00ebn bashk\u00eb me f\u00ebmij\u00ebt. Nj\u00eb tmerr!<\/span><\/p>\n<p><span style=\"color: #000000;\">Nd\u00ebrkoh\u00eb kisha nj\u00eb frik\u00eb, nj\u00eb frik\u00eb t\u00eb \u00e7uditshme nga vetmia. Nga nj\u00eb ndjenj\u00eb vetmie. Si dilet nga kjo situat\u00eb katastrofike p\u00ebr mij\u00ebra e mij\u00ebra njer\u00ebz?! Kan\u00eb qen\u00eb dit\u00ebt dhe net\u00ebt m\u00eb t\u00eb \u00e7mendura t\u00eb jet\u00ebs time. Nuk mbaja mend m\u00eb as datat pas 2 ose tre dit\u00ebsh.<\/span><\/p>\n<p><span style=\"color: #000000;\">Nd\u00ebrkoh\u00eb kujtoj frik\u00ebn e njer\u00ebzve dhe grumbullimet jasht\u00eb nat\u00ebn, turma-turma. Ato daljet me furi kur dikush shp\u00ebrndante lajmin se po vjen prap\u00eb t\u00ebrmeti. Ankthi ishte sa kampe, sa kampe mund t\u00eb ngrem\u00eb n\u00eb \u00e7adra me kushte minimale p\u00ebr gjith\u00eb k\u00ebt\u00eb milet? E pamundur!<\/span><\/p>\n<p><span style=\"color: #000000;\">Duke kaluar me makin\u00eb n\u00eb rrug\u00ebn e plazhit, m\u00eb lindi ideja e hoteleve. Dhe \u00e7far\u00eb leht\u00ebsimi ishte p\u00ebr \u00e7do familje q\u00eb futej n\u00eb autobuz p\u00ebr t\u00eb shkuar n\u00eb hotel. Iku edhe nj\u00eb, iku edhe nj\u00eb, iku edhe nj\u00eb.<\/span><\/p>\n<p><span style=\"color: #000000;\">Dhe nd\u00ebrkoh\u00eb, hotelet q\u00eb mbusheshin e mbusheshin. U jam mir\u00ebnjoh\u00ebs t\u00eb gjith\u00eb pronar\u00ebve q\u00eb hap\u00ebn aq shum\u00eb lokale. As vet\u00eb se besoj se Shqip\u00ebria pati aq miq q\u00eb na u gjenden n\u00eb k\u00ebrkim shp\u00ebtim, n\u00eb at\u00eb moment aq t\u00eb zymt\u00eb, as vet\u00eb se besoj.<\/span><\/p>\n<p><span style=\"color: #000000;\">Arrit\u00ebm t\u00eb mbledhim m\u00eb shum\u00eb se 1 miliard\u00eb n\u00eb Bruksel dhe ishte nj\u00eb \u00e7lirim i madh sepse q\u00eb n\u00eb at\u00eb moment Shqip\u00ebria s&#8217;kishte telash me financimin. Ishte e mrekullueshme se si t\u00eb gjith\u00eb njer\u00ebzit n\u00eb Shqip\u00ebri dhe diaspor\u00eb u b\u00ebm\u00eb bashk\u00eb dhe m\u00eb e keqja kaloi.<\/span><\/p>\n<p><span style=\"color: #000000;\">\u00c7do kriz\u00eb \u00ebsht\u00eb nj\u00eb mund\u00ebsi dhe e dija se duhet ta shnd\u00ebrronim k\u00ebt\u00eb kriz\u00eb n\u00eb nj\u00eb prespektiv\u00eb t\u00eb re, por edhe p\u00ebr Shqip\u00ebrin\u00eb p\u00ebr nj\u00eb rast p\u00ebr t\u00eb dal\u00eb m\u00eb t\u00eb lidhur me nj\u00ebri-tjetrin\u00a0 qeveria me popullin. Dhe k\u00ebshtu po ndodh njer\u00ebzit kan\u00eb filluar t\u00eb kthehen n\u00eb sht\u00ebpi, f\u00ebmij\u00ebt n\u00eb shkolla fantastike q\u00eb as nuk krahasohen me ato q\u00eb humb\u00ebn at\u00eb nat\u00eb. Sapo kan\u00eb nisur pallatet e para q\u00eb do jen\u00eb po aq fantastike sa lagjet e reja.<\/span><\/p>\n<p><span style=\"color: #000000;\">Njer\u00ebzit ankohen me t\u00eb drejt\u00eb sepse ka ende p\u00ebr t\u00eb b\u00ebr\u00eb, un\u00eb nuk k\u00ebnaqem kurr\u00eb nga vetja. N\u00eb k\u00ebt\u00eb pun\u00eb kam m\u00ebsuar durimin. Duhet shum\u00eb durim. Shqiprin\u00eb\u00a0 egjet\u00ebm si ato pallatet q\u00eb ramn\u00eb dhe po\u00a0 e mbajm\u00eb. Na duhet koh\u00eb dhe pun\u00eb e durim sepse p\u00ebrkushtimi i madh nuk na mungon. Kjo mbase \u00ebsht\u00eb pak, por kjo \u00ebsht\u00eb shum\u00eb e sigurt.<\/span><\/p>\n","protected":false,"gt_translate_keys":[{"key":"rendered","format":"html"}]},"excerpt":{"rendered":"<p>Kryeministri Edi Rama e ka nisur dit\u00ebn e sotme duke p\u00ebrkujtuar t\u00ebrmetin tragjik t\u00eb 26 n\u00ebntorit t\u00eb vitit 2019, q\u00eb u mori jet\u00ebn 51 njer\u00ebzve. \u00a0\u201cI paharruar kujtimi i viktimave t\u00eb tragjedis\u00eb s\u00eb nj\u00eb viti m\u00eb pare. M\u00eb e keqja \u00ebsht\u00eb pas krah\u00ebve dhe m\u00eb e mira \u00ebsht\u00eb e gjitha p\u00ebrpara nesh\u201d&#8211; shkruan Rama, nd\u00ebrsa [&hellip;]<\/p>\n","protected":false,"gt_translate_keys":[{"key":"rendered","format":"html"}]},"author":30,"featured_media":413878,"comment_status":"open","ping_status":"open","sticky":false,"template":"","format":"standard","meta":{"footnotes":""},"categories":[65,13],"tags":[],"class_list":["post-413877","post","type-post","status-publish","format-standard","has-post-thumbnail","hentry","category-lajme","category-te-fundit"],"gt_translate_keys":[{"key":"link","format":"url"}],"_links":{"self":[{"href":"https:\/\/www.hashtag.al\/index.php\/wp-json\/wp\/v2\/posts\/413877","targetHints":{"allow":["GET"]}}],"collection":[{"href":"https:\/\/www.hashtag.al\/index.php\/wp-json\/wp\/v2\/posts"}],"about":[{"href":"https:\/\/www.hashtag.al\/index.php\/wp-json\/wp\/v2\/types\/post"}],"author":[{"embeddable":true,"href":"https:\/\/www.hashtag.al\/index.php\/wp-json\/wp\/v2\/users\/30"}],"replies":[{"embeddable":true,"href":"https:\/\/www.hashtag.al\/index.php\/wp-json\/wp\/v2\/comments?post=413877"}],"version-history":[{"count":0,"href":"https:\/\/www.hashtag.al\/index.php\/wp-json\/wp\/v2\/posts\/413877\/revisions"}],"wp:featuredmedia":[{"embeddable":true,"href":"https:\/\/www.hashtag.al\/index.php\/wp-json\/wp\/v2\/media\/413878"}],"wp:attachment":[{"href":"https:\/\/www.hashtag.al\/index.php\/wp-json\/wp\/v2\/media?parent=413877"}],"wp:term":[{"taxonomy":"category","embeddable":true,"href":"https:\/\/www.hashtag.al\/index.php\/wp-json\/wp\/v2\/categories?post=413877"},{"taxonomy":"post_tag","embeddable":true,"href":"https:\/\/www.hashtag.al\/index.php\/wp-json\/wp\/v2\/tags?post=413877"}],"curies":[{"name":"wp","href":"https:\/\/api.w.org\/{rel}","templated":true}]}}