{"id":413858,"date":"2020-11-26T08:01:24","date_gmt":"2020-11-26T07:01:24","guid":{"rendered":"https:\/\/hashtag.al\/?p=413858"},"modified":"2020-11-26T08:08:39","modified_gmt":"2020-11-26T07:08:39","slug":"sot-behet-nje-vit-nga-termeti-me-i-fuqishem-qe-ka-goditur-shqiperine-nder-dekada","status":"publish","type":"post","link":"https:\/\/www.hashtag.al\/index.php\/2020\/11\/26\/sot-behet-nje-vit-nga-termeti-me-i-fuqishem-qe-ka-goditur-shqiperine-nder-dekada\/","title":{"rendered":"Sot b\u00ebhet nj\u00eb vit nga t\u00ebrmeti m\u00eb i fuqish\u00ebm q\u00eb ka goditur Shqip\u00ebrin\u00eb nd\u00ebr dekada","gt_translate_keys":[{"key":"rendered","format":"text"}]},"content":{"rendered":"<p>&nbsp;<\/p>\n<p><a href=\"https:\/\/hashtag.al\/wp-content\/uploads\/2020\/11\/thumanepallate.jpg\"><img loading=\"lazy\" decoding=\"async\" class=\"aligncenter size-full wp-image-413859\" src=\"https:\/\/hashtag.al\/wp-content\/uploads\/2020\/11\/thumanepallate.jpg\" alt=\"\" width=\"1280\" height=\"720\" srcset=\"https:\/\/www.hashtag.al\/wp-content\/uploads\/2020\/11\/thumanepallate.jpg 1280w, https:\/\/www.hashtag.al\/wp-content\/uploads\/2020\/11\/thumanepallate-300x169.jpg 300w, https:\/\/www.hashtag.al\/wp-content\/uploads\/2020\/11\/thumanepallate-768x432.jpg 768w, https:\/\/www.hashtag.al\/wp-content\/uploads\/2020\/11\/thumanepallate-1024x576.jpg 1024w\" sizes=\"auto, (max-width: 1280px) 100vw, 1280px\" \/><\/a><\/p>\n<p><span style=\"color: #000000;\">Ishte ora 03:56 m\u00ebngjesin e 26 n\u00ebntorit t\u00eb kaluar, kur nj\u00eb l\u00ebkundje e fuqishme me magnitud\u00eb 6.4 t\u00eb shkall\u00ebs Rihter, goditi Durr\u00ebsin e Tiran\u00ebn.<\/span><\/p>\n<p><span style=\"color: #000000;\">T\u00ebrmeti q\u00eb zgjati p\u00ebr rreth 50 sekonda, i mori jet\u00ebn 51 personave dhe la t\u00eb plagosur t\u00eb pakt\u00ebn 913 t\u00eb tjer\u00eb.<\/span><\/p>\n<p><span style=\"color: #000000;\">Shqiptar\u00ebt nd\u00ebr dekada nuk kishin p\u00ebrjetuar nj\u00eb t\u00ebrmet kaq t\u00eb fuqish\u00ebm se ky. P\u00ebrpos viktimave q\u00eb mori, l\u00ebkundjet e fuqishme lan\u00eb pa banesa 202 mij\u00eb njer\u00ebz.<\/span><\/p>\n<p><a href=\"https:\/\/hashtag.al\/wp-content\/uploads\/2020\/11\/termeti-flamuri-780x439.jpg\"><img loading=\"lazy\" decoding=\"async\" class=\"aligncenter size-full wp-image-413868\" src=\"https:\/\/hashtag.al\/wp-content\/uploads\/2020\/11\/termeti-flamuri-780x439.jpg\" alt=\"\" width=\"780\" height=\"439\" srcset=\"https:\/\/www.hashtag.al\/wp-content\/uploads\/2020\/11\/termeti-flamuri-780x439.jpg 780w, https:\/\/www.hashtag.al\/wp-content\/uploads\/2020\/11\/termeti-flamuri-780x439-300x169.jpg 300w, https:\/\/www.hashtag.al\/wp-content\/uploads\/2020\/11\/termeti-flamuri-780x439-768x432.jpg 768w\" sizes=\"auto, (max-width: 780px) 100vw, 780px\" \/><\/a><\/p>\n<p><span style=\"color: #000000;\">Durr\u00ebsi, Kruja dhe Tirana ishin tre bashkit\u00eb q\u00eb pat\u00ebn d\u00ebmet m\u00eb t\u00eb m\u00ebdha nga t\u00ebrmeti, por nuk mbeten pas as bashkit\u00eb e Shijakut, Kruj\u00ebs, Kamz\u00ebs, Kavaj\u00ebs, Kurbinit, Lezh\u00ebs, Rrogozhin\u00ebs.<\/span><\/p>\n<p><span style=\"color: #000000;\">E nd\u00ebrkoh\u00eb q\u00eb shum\u00eb njer\u00ebz n\u00ebn rr\u00ebnoja luftonin me vdekjen, t\u00eb tjer\u00ebt ishin n\u00eb panik p\u00ebr shkak t\u00eb post-l\u00ebkundjeve. P\u00ebr disa dit\u00eb me radh\u00eb, Durr\u00ebsi e Tirana ishin bosh, pasi njer\u00ebzit ishin zhvendosur tek t\u00eb af\u00ebrmit n\u00eb periferi. Nd\u00ebrkoh\u00eb ata q\u00eb q\u00ebndronin n\u00eb qytet, e kalonin nat\u00ebn n\u00eb rrug\u00eb.<\/span><\/p>\n<p><a href=\"https:\/\/hashtag.al\/wp-content\/uploads\/2020\/11\/UA-1024x768-1024x768.jpeg\"><img loading=\"lazy\" decoding=\"async\" class=\"aligncenter size-full wp-image-413862\" src=\"https:\/\/hashtag.al\/wp-content\/uploads\/2020\/11\/UA-1024x768-1024x768.jpeg\" alt=\"\" width=\"1024\" height=\"768\" srcset=\"https:\/\/www.hashtag.al\/wp-content\/uploads\/2020\/11\/UA-1024x768-1024x768.jpeg 1024w, https:\/\/www.hashtag.al\/wp-content\/uploads\/2020\/11\/UA-1024x768-1024x768-300x225.jpeg 300w, https:\/\/www.hashtag.al\/wp-content\/uploads\/2020\/11\/UA-1024x768-1024x768-768x576.jpeg 768w\" sizes=\"auto, (max-width: 1024px) 100vw, 1024px\" \/><\/a><\/p>\n<p><span style=\"color: #000000;\">Autoriteteve shqiptare ju erdh\u00ebn n\u00eb ndihm\u00eb grupe nga e gjith\u00eb bota, p\u00ebr t\u00eb shp\u00ebtuar njer\u00ebzit e mbetur n\u00ebn rr\u00ebnoja, apo p\u00ebr t\u00eb rimarr\u00eb trupat e tyre.<\/span><\/p>\n<p><a href=\"https:\/\/hashtag.al\/wp-content\/uploads\/2020\/11\/termeti1128a.jpg\"><img loading=\"lazy\" decoding=\"async\" class=\"aligncenter size-full wp-image-413867\" src=\"https:\/\/hashtag.al\/wp-content\/uploads\/2020\/11\/termeti1128a.jpg\" alt=\"\" width=\"610\" height=\"342\" srcset=\"https:\/\/www.hashtag.al\/wp-content\/uploads\/2020\/11\/termeti1128a.jpg 610w, https:\/\/www.hashtag.al\/wp-content\/uploads\/2020\/11\/termeti1128a-300x168.jpg 300w\" sizes=\"auto, (max-width: 610px) 100vw, 610px\" \/><\/a> <a href=\"https:\/\/hashtag.al\/wp-content\/uploads\/2020\/11\/termeti26nentor-1.jpg\"><img loading=\"lazy\" decoding=\"async\" class=\"aligncenter size-full wp-image-413866\" src=\"https:\/\/hashtag.al\/wp-content\/uploads\/2020\/11\/termeti26nentor-1.jpg\" alt=\"\" width=\"940\" height=\"580\" srcset=\"https:\/\/www.hashtag.al\/wp-content\/uploads\/2020\/11\/termeti26nentor-1.jpg 940w, https:\/\/www.hashtag.al\/wp-content\/uploads\/2020\/11\/termeti26nentor-1-300x185.jpg 300w, https:\/\/www.hashtag.al\/wp-content\/uploads\/2020\/11\/termeti26nentor-1-768x474.jpg 768w\" sizes=\"auto, (max-width: 940px) 100vw, 940px\" \/><\/a> <a href=\"https:\/\/hashtag.al\/wp-content\/uploads\/2020\/11\/termeti-2.jpg\"><img loading=\"lazy\" decoding=\"async\" class=\"aligncenter size-full wp-image-413865\" src=\"https:\/\/hashtag.al\/wp-content\/uploads\/2020\/11\/termeti-2.jpg\" alt=\"\" width=\"700\" height=\"394\" srcset=\"https:\/\/www.hashtag.al\/wp-content\/uploads\/2020\/11\/termeti-2.jpg 700w, https:\/\/www.hashtag.al\/wp-content\/uploads\/2020\/11\/termeti-2-300x169.jpg 300w\" sizes=\"auto, (max-width: 700px) 100vw, 700px\" \/><\/a><\/p>\n<p><span style=\"color: #000000;\">Operacionet e k\u00ebrkim-shp\u00ebtimit u kryen nga 9 ekipe, t\u00eb p\u00ebrb\u00ebr\u00eb nga 278 trupa shqiptar\u00eb dhe 669 t\u00eb huaj. Thirrjes s\u00eb par\u00eb p\u00ebr ndihm\u00eb iu p\u00ebrgjigj\u00ebn:<\/span><\/p>\n<p><span style=\"color: #000000;\">\u2013\u00a0\u00a0\u00a0 142 forca nga Kosova;<\/span><\/p>\n<p><span style=\"color: #000000;\">\u2013\u00a0\u00a0\u00a0 180 nga Italia;<\/span><\/p>\n<p><span style=\"color: #000000;\">\u2013\u00a0\u00a0\u00a0 91 nga Franca;<\/span><\/p>\n<p><span style=\"color: #000000;\">\u2013\u00a0\u00a0\u00a0 57 nga Greqia;<\/span><\/p>\n<p><span style=\"color: #000000;\">\u2013\u00a0\u00a0\u00a0 54 nga Rumania;<\/span><\/p>\n<p><span style=\"color: #000000;\">\u2013\u00a0\u00a0\u00a0 17 nga Zvicra, Izraeli, Turqia, dhe Serbia.<\/span><\/p>\n<p><a href=\"https:\/\/hashtag.al\/wp-content\/uploads\/2020\/11\/termeti26nentor-1-1.jpg\"><img loading=\"lazy\" decoding=\"async\" class=\"aligncenter size-full wp-image-413863\" src=\"https:\/\/hashtag.al\/wp-content\/uploads\/2020\/11\/termeti26nentor-1-1.jpg\" alt=\"\" width=\"940\" height=\"580\" srcset=\"https:\/\/www.hashtag.al\/wp-content\/uploads\/2020\/11\/termeti26nentor-1-1.jpg 940w, https:\/\/www.hashtag.al\/wp-content\/uploads\/2020\/11\/termeti26nentor-1-1-300x185.jpg 300w, https:\/\/www.hashtag.al\/wp-content\/uploads\/2020\/11\/termeti26nentor-1-1-768x474.jpg 768w\" sizes=\"auto, (max-width: 940px) 100vw, 940px\" \/><\/a><\/p>\n<p><span style=\"color: #000000;\">Solidariteti nuk mungoi as n\u00eb forma monetare, pasi n\u00eb Konferenc\u00ebn e Donator\u00ebve u mblodh\u00ebn 1.15 miliard\u00eb euro. Nga vendet shuma e mbledhur n\u00eb total ishte afro 400 milion\u00eb euro dhe afro 800 milion\u00eb euro ishin n\u00eb form\u00eb huaje nga Bankat.<\/span><\/p>\n<p><span style=\"color: #000000;\">T\u00ebrmeti nxori n\u00eb pah problemin q\u00eb ekzistonte n\u00eb vend me nd\u00ebrtimet e kryera pa zbatuar kriteret e duhura.<\/span><\/p>\n<p><span style=\"color: #000000;\">Inxhinieri rumun Cezar Aanicai tha n\u00eb nj\u00eb intervist\u00eb se nga inspektimet n\u00eb terren ka evidentuar d\u00ebme t\u00eb m\u00ebdha nga t\u00ebrmeti ku t\u00eb \u00e7ara t\u00eb m\u00ebdha n\u00eb muret e brendshme nuk i ka par\u00eb n\u00eb ans\u00eb vend tjet\u00ebr.<\/span><\/p>\n<p><span style=\"color: #000000;\">Ai shtoi se duhet t\u00eb ket\u00eb nj\u00eb kontroll m\u00eb t\u00eb rrepte n\u00eb nd\u00ebrtime dhe t\u00eb ndryshoj\u00eb legjislacioni.<\/span><\/p>\n<p><span style=\"color: #000000;\">T\u00ebrmetet n\u00eb sip\u00ebrfaqe jan\u00eb t\u00eb v\u00ebshtira dhe ky ishte nj\u00eb t\u00ebrmet me sip\u00ebrfaqe t\u00eb pak\u00ebt e ka pasur edhe pasoja t\u00eb r\u00ebnda. Ky ishte t\u00ebrmeti m\u00eb i fuqish\u00ebm q\u00eb ka goditur Shqip\u00ebrin\u00eb n\u00eb m\u00eb shum\u00eb se dyzet vjet. <strong>\/Hashtag.al<\/strong><\/span><\/p>\n<p><a href=\"https:\/\/hashtag.al\/wp-content\/uploads\/2019\/11\/termet26nentor.jpg11.jpg\"><img loading=\"lazy\" decoding=\"async\" class=\"aligncenter size-full wp-image-336866\" src=\"https:\/\/hashtag.al\/wp-content\/uploads\/2019\/11\/termet26nentor.jpg11.jpg\" alt=\"\" width=\"962\" height=\"607\" srcset=\"https:\/\/www.hashtag.al\/wp-content\/uploads\/2019\/11\/termet26nentor.jpg11.jpg 962w, https:\/\/www.hashtag.al\/wp-content\/uploads\/2019\/11\/termet26nentor.jpg11-300x189.jpg 300w, https:\/\/www.hashtag.al\/wp-content\/uploads\/2019\/11\/termet26nentor.jpg11-768x485.jpg 768w\" sizes=\"auto, (max-width: 962px) 100vw, 962px\" \/><\/a> <a href=\"https:\/\/hashtag.al\/wp-content\/uploads\/2019\/11\/termet26nentor.jpg9_.jpg\"><img loading=\"lazy\" decoding=\"async\" class=\"aligncenter size-full wp-image-336867\" src=\"https:\/\/hashtag.al\/wp-content\/uploads\/2019\/11\/termet26nentor.jpg9_.jpg\" alt=\"\" width=\"962\" height=\"572\" srcset=\"https:\/\/www.hashtag.al\/wp-content\/uploads\/2019\/11\/termet26nentor.jpg9_.jpg 962w, https:\/\/www.hashtag.al\/wp-content\/uploads\/2019\/11\/termet26nentor.jpg9_-300x178.jpg 300w, https:\/\/www.hashtag.al\/wp-content\/uploads\/2019\/11\/termet26nentor.jpg9_-768x457.jpg 768w\" sizes=\"auto, (max-width: 962px) 100vw, 962px\" \/><\/a> <a href=\"https:\/\/hashtag.al\/wp-content\/uploads\/2019\/11\/termet26nentor-1.jpg5_-1.jpg\"><img loading=\"lazy\" decoding=\"async\" class=\"aligncenter size-full wp-image-336869\" src=\"https:\/\/hashtag.al\/wp-content\/uploads\/2019\/11\/termet26nentor-1.jpg5_-1.jpg\" alt=\"\" width=\"962\" height=\"594\" srcset=\"https:\/\/www.hashtag.al\/wp-content\/uploads\/2019\/11\/termet26nentor-1.jpg5_-1.jpg 962w, https:\/\/www.hashtag.al\/wp-content\/uploads\/2019\/11\/termet26nentor-1.jpg5_-1-300x185.jpg 300w, https:\/\/www.hashtag.al\/wp-content\/uploads\/2019\/11\/termet26nentor-1.jpg5_-1-768x474.jpg 768w\" sizes=\"auto, (max-width: 962px) 100vw, 962px\" \/><\/a> <a href=\"https:\/\/hashtag.al\/wp-content\/uploads\/2019\/11\/termet26nentor.jpg7_.jpg\"><img loading=\"lazy\" decoding=\"async\" class=\"aligncenter size-full wp-image-336864\" src=\"https:\/\/hashtag.al\/wp-content\/uploads\/2019\/11\/termet26nentor.jpg7_.jpg\" alt=\"\" width=\"962\" height=\"579\" srcset=\"https:\/\/www.hashtag.al\/wp-content\/uploads\/2019\/11\/termet26nentor.jpg7_.jpg 962w, https:\/\/www.hashtag.al\/wp-content\/uploads\/2019\/11\/termet26nentor.jpg7_-300x181.jpg 300w, https:\/\/www.hashtag.al\/wp-content\/uploads\/2019\/11\/termet26nentor.jpg7_-768x462.jpg 768w\" sizes=\"auto, (max-width: 962px) 100vw, 962px\" \/><\/a> <a href=\"https:\/\/hashtag.al\/wp-content\/uploads\/2019\/11\/termet26nentor.jpg12.jpg\"><img loading=\"lazy\" decoding=\"async\" class=\"aligncenter size-full wp-image-336865\" src=\"https:\/\/hashtag.al\/wp-content\/uploads\/2019\/11\/termet26nentor.jpg12.jpg\" alt=\"\" width=\"962\" height=\"628\" srcset=\"https:\/\/www.hashtag.al\/wp-content\/uploads\/2019\/11\/termet26nentor.jpg12.jpg 962w, https:\/\/www.hashtag.al\/wp-content\/uploads\/2019\/11\/termet26nentor.jpg12-300x196.jpg 300w, https:\/\/www.hashtag.al\/wp-content\/uploads\/2019\/11\/termet26nentor.jpg12-768x501.jpg 768w\" sizes=\"auto, (max-width: 962px) 100vw, 962px\" \/><\/a><\/p>\n<p>&nbsp;<\/p>\n","protected":false,"gt_translate_keys":[{"key":"rendered","format":"html"}]},"excerpt":{"rendered":"<p>&nbsp; Ishte ora 03:56 m\u00ebngjesin e 26 n\u00ebntorit t\u00eb kaluar, kur nj\u00eb l\u00ebkundje e fuqishme me magnitud\u00eb 6.4 t\u00eb shkall\u00ebs Rihter, goditi Durr\u00ebsin e Tiran\u00ebn. T\u00ebrmeti q\u00eb zgjati p\u00ebr rreth 50 sekonda, i mori jet\u00ebn 51 personave dhe la t\u00eb plagosur t\u00eb pakt\u00ebn 913 t\u00eb tjer\u00eb. Shqiptar\u00ebt nd\u00ebr dekada nuk kishin p\u00ebrjetuar nj\u00eb t\u00ebrmet kaq [&hellip;]<\/p>\n","protected":false,"gt_translate_keys":[{"key":"rendered","format":"html"}]},"author":30,"featured_media":413859,"comment_status":"open","ping_status":"open","sticky":false,"template":"","format":"standard","meta":{"footnotes":""},"categories":[22,65,13],"tags":[],"class_list":["post-413858","post","type-post","status-publish","format-standard","has-post-thumbnail","hentry","category-ballina","category-lajme","category-te-fundit"],"gt_translate_keys":[{"key":"link","format":"url"}],"_links":{"self":[{"href":"https:\/\/www.hashtag.al\/index.php\/wp-json\/wp\/v2\/posts\/413858","targetHints":{"allow":["GET"]}}],"collection":[{"href":"https:\/\/www.hashtag.al\/index.php\/wp-json\/wp\/v2\/posts"}],"about":[{"href":"https:\/\/www.hashtag.al\/index.php\/wp-json\/wp\/v2\/types\/post"}],"author":[{"embeddable":true,"href":"https:\/\/www.hashtag.al\/index.php\/wp-json\/wp\/v2\/users\/30"}],"replies":[{"embeddable":true,"href":"https:\/\/www.hashtag.al\/index.php\/wp-json\/wp\/v2\/comments?post=413858"}],"version-history":[{"count":0,"href":"https:\/\/www.hashtag.al\/index.php\/wp-json\/wp\/v2\/posts\/413858\/revisions"}],"wp:featuredmedia":[{"embeddable":true,"href":"https:\/\/www.hashtag.al\/index.php\/wp-json\/wp\/v2\/media\/413859"}],"wp:attachment":[{"href":"https:\/\/www.hashtag.al\/index.php\/wp-json\/wp\/v2\/media?parent=413858"}],"wp:term":[{"taxonomy":"category","embeddable":true,"href":"https:\/\/www.hashtag.al\/index.php\/wp-json\/wp\/v2\/categories?post=413858"},{"taxonomy":"post_tag","embeddable":true,"href":"https:\/\/www.hashtag.al\/index.php\/wp-json\/wp\/v2\/tags?post=413858"}],"curies":[{"name":"wp","href":"https:\/\/api.w.org\/{rel}","templated":true}]}}