{"id":413836,"date":"2020-11-25T23:59:50","date_gmt":"2020-11-25T22:59:50","guid":{"rendered":"https:\/\/hashtag.al\/?p=413836"},"modified":"2020-11-26T00:00:33","modified_gmt":"2020-11-25T23:00:33","slug":"i-afermi-humbi-jeten-nga-covid-19-deshmitari-tregon-si-u-fsheh-vdekja-video","status":"publish","type":"post","link":"https:\/\/www.hashtag.al\/index.php\/2020\/11\/25\/i-afermi-humbi-jeten-nga-covid-19-deshmitari-tregon-si-u-fsheh-vdekja-video\/","title":{"rendered":"I af\u00ebrmi humbi jet\u00ebn nga Covid-19, d\u00ebshmitari tregon si u fsheh vdekja (Video)","gt_translate_keys":[{"key":"rendered","format":"text"}]},"content":{"rendered":"<p><img loading=\"lazy\" decoding=\"async\" class=\"aligncenter size-full wp-image-413837\" src=\"https:\/\/hashtag.al\/wp-content\/uploads\/2020\/11\/deshmia.png\" alt=\"\" width=\"661\" height=\"293\" srcset=\"https:\/\/www.hashtag.al\/wp-content\/uploads\/2020\/11\/deshmia.png 661w, https:\/\/www.hashtag.al\/wp-content\/uploads\/2020\/11\/deshmia-300x133.png 300w\" sizes=\"auto, (max-width: 661px) 100vw, 661px\" \/><\/p>\n<p><span style=\"color: #000000;\">Genc Xhabija i cili n\u00eb muajin prill t\u00eb k\u00ebtij viti humbi t\u00eb af\u00ebrmin e tij p\u00ebr shkak t\u00eb Covid-19 ka dh\u00ebn\u00eb d\u00ebshmin\u00eb se si u fsheh vdekja.<\/span><\/p>\n<p><span style=\"color: #000000;\">\u201c<em>Quhem Genc Xhabija, jetoj n\u00eb Paris. Dh\u00ebndri im vdiq ashtu si dhe ju e keni n\u00eb certefikat\u00ebn e vdekjes me arrest kardiak. Ai vdiq n\u00eb spitalin infektiv m\u00eb 4 prill t\u00eb 2020 pasi q\u00ebndroi dy jav\u00eb n\u00eb spital, i kaloi t\u00eb gjitha etapat e s\u00ebmundjes fatkeq\u00ebsisht deri n\u00eb reanimacion por nuk arriti t\u00eb fitoj\u00eb. Shkuam n\u00eb spital gjendja ishte her\u00eb mir\u00eb her\u00eb keq deri sa dh\u00ebndri vdiq.<\/em><\/span><\/p>\n<p><span style=\"color: #000000;\"><em>E pranuam vdekjen sepse jemi t\u00eb pafuqish\u00ebm. Gjat\u00eb koh\u00ebs q\u00eb kan\u00eb qen\u00eb n\u00eb spital motra ime i dha 300 mij\u00eb lek\u00eb t\u00eb vjetra dit\u00ebn q\u00eb shkoi n\u00eb spital dhe asnj\u00eb lek\u00eb m\u00eb pas nuk u kthye mbrapa.\u201d-<\/em>rr\u00ebfeu ai n\u00eb emisionin Tempora.<\/span><\/p>\n<p><span style=\"color: #000000;\">Xhabija tregon dhe vendimin e bashkis\u00eb p\u00ebr t\u00eb mos mb\u00ebshtetur fatur\u00ebn e ceremonis\u00eb mortore pasi vdekja kishte ndodhur para se k\u00ebshilli bashkiak t\u00eb merrte vendimin.<\/span><\/p>\n<p><img loading=\"lazy\" decoding=\"async\" class=\"aligncenter size-full wp-image-413838\" src=\"https:\/\/hashtag.al\/wp-content\/uploads\/2020\/11\/certifikata.png\" alt=\"\" width=\"648\" height=\"296\" srcset=\"https:\/\/www.hashtag.al\/wp-content\/uploads\/2020\/11\/certifikata.png 648w, https:\/\/www.hashtag.al\/wp-content\/uploads\/2020\/11\/certifikata-300x137.png 300w\" sizes=\"auto, (max-width: 648px) 100vw, 648px\" \/><\/p>\n<p><span style=\"color: #000000;\">\u201c<em>Motr\u00ebs time dhe mbes\u00ebs q\u00eb kan\u00eb qen\u00eb 4 n\u00eb sht\u00ebpi u \u00ebsht\u00eb b\u00ebr\u00eb tamponi dhe kan\u00eb dal\u00eb negative.\u00a0 M\u00eb von\u00eb mor\u00ebm vesh q\u00eb K\u00ebshilli Bashkiak i Tiran\u00ebs ka marr\u00eb nj\u00eb vendim p\u00ebr rimbursimin p\u00ebr kthimin e lek\u00ebve t\u00eb k\u00ebtyre varrimeve.<\/em><\/span><\/p>\n<p><span style=\"color: #000000;\"><em>Por, ne si familje u interesuam pran\u00eb Bashkis\u00eb s\u00eb Tiran\u00ebs na than\u00eb jo sepse Selimi ka vdekur para se t\u00eb merret vendimi k\u00ebshillit bashkiak, pra duhet t\u00eb zgjedhim dhe koh\u00ebn kur duhet t\u00eb vdesim q\u00eb shteti t\u00eb t\u00eb ndihmoj\u00eb<\/em>\u201d-tha ai.<\/span><\/p>\n<p><iframe loading=\"lazy\" src=\"https:\/\/www.youtube.com\/embed\/M5TgUc51azs\" width=\"683\" height=\"384\" frameborder=\"0\" allowfullscreen=\"allowfullscreen\"><\/iframe><\/p>\n","protected":false,"gt_translate_keys":[{"key":"rendered","format":"html"}]},"excerpt":{"rendered":"<p>Genc Xhabija i cili n\u00eb muajin prill t\u00eb k\u00ebtij viti humbi t\u00eb af\u00ebrmin e tij p\u00ebr shkak t\u00eb Covid-19 ka dh\u00ebn\u00eb d\u00ebshmin\u00eb se si u fsheh vdekja. \u201cQuhem Genc Xhabija, jetoj n\u00eb Paris. Dh\u00ebndri im vdiq ashtu si dhe ju e keni n\u00eb certefikat\u00ebn e vdekjes me arrest kardiak. Ai vdiq n\u00eb spitalin infektiv m\u00eb [&hellip;]<\/p>\n","protected":false,"gt_translate_keys":[{"key":"rendered","format":"html"}]},"author":32,"featured_media":413837,"comment_status":"open","ping_status":"open","sticky":false,"template":"","format":"standard","meta":{"footnotes":""},"categories":[65,13],"tags":[],"class_list":["post-413836","post","type-post","status-publish","format-standard","has-post-thumbnail","hentry","category-lajme","category-te-fundit"],"gt_translate_keys":[{"key":"link","format":"url"}],"_links":{"self":[{"href":"https:\/\/www.hashtag.al\/index.php\/wp-json\/wp\/v2\/posts\/413836","targetHints":{"allow":["GET"]}}],"collection":[{"href":"https:\/\/www.hashtag.al\/index.php\/wp-json\/wp\/v2\/posts"}],"about":[{"href":"https:\/\/www.hashtag.al\/index.php\/wp-json\/wp\/v2\/types\/post"}],"author":[{"embeddable":true,"href":"https:\/\/www.hashtag.al\/index.php\/wp-json\/wp\/v2\/users\/32"}],"replies":[{"embeddable":true,"href":"https:\/\/www.hashtag.al\/index.php\/wp-json\/wp\/v2\/comments?post=413836"}],"version-history":[{"count":0,"href":"https:\/\/www.hashtag.al\/index.php\/wp-json\/wp\/v2\/posts\/413836\/revisions"}],"wp:featuredmedia":[{"embeddable":true,"href":"https:\/\/www.hashtag.al\/index.php\/wp-json\/wp\/v2\/media\/413837"}],"wp:attachment":[{"href":"https:\/\/www.hashtag.al\/index.php\/wp-json\/wp\/v2\/media?parent=413836"}],"wp:term":[{"taxonomy":"category","embeddable":true,"href":"https:\/\/www.hashtag.al\/index.php\/wp-json\/wp\/v2\/categories?post=413836"},{"taxonomy":"post_tag","embeddable":true,"href":"https:\/\/www.hashtag.al\/index.php\/wp-json\/wp\/v2\/tags?post=413836"}],"curies":[{"name":"wp","href":"https:\/\/api.w.org\/{rel}","templated":true}]}}