{"id":413781,"date":"2020-11-25T17:08:13","date_gmt":"2020-11-25T16:08:13","guid":{"rendered":"https:\/\/hashtag.al\/?p=413781"},"modified":"2020-11-25T17:08:13","modified_gmt":"2020-11-25T16:08:13","slug":"zbardhet-perplasja-me-arme-ne-elbasan-dy-personat-nxorren-armet-pas-sherrit","status":"publish","type":"post","link":"https:\/\/www.hashtag.al\/index.php\/2020\/11\/25\/zbardhet-perplasja-me-arme-ne-elbasan-dy-personat-nxorren-armet-pas-sherrit\/","title":{"rendered":"Zbardhet p\u00ebrplasja me arm\u00eb n\u00eb Elbasan, dy personat nxorr\u00ebn arm\u00ebt pas sherrit","gt_translate_keys":[{"key":"rendered","format":"text"}]},"content":{"rendered":"<p><img loading=\"lazy\" decoding=\"async\" class=\"aligncenter size-full wp-image-413782\" src=\"https:\/\/hashtag.al\/wp-content\/uploads\/2020\/11\/elbasanpolici.jpg\" alt=\"\" width=\"770\" height=\"435\" srcset=\"https:\/\/www.hashtag.al\/wp-content\/uploads\/2020\/11\/elbasanpolici.jpg 770w, https:\/\/www.hashtag.al\/wp-content\/uploads\/2020\/11\/elbasanpolici-300x169.jpg 300w, https:\/\/www.hashtag.al\/wp-content\/uploads\/2020\/11\/elbasanpolici-768x434.jpg 768w\" sizes=\"auto, (max-width: 770px) 100vw, 770px\" \/><\/p>\n<p><span style=\"color: #000000;\">\u00cbsht\u00eb ndaluar n\u00eb Elbasan autori i dyshuar i t\u00eb sht\u00ebnave me arm\u00eb. Ngjarja ndodhi paraditen e sotme teksa ndaj nj\u00eb makine n\u00eb l\u00ebvizje u q\u00ebllua me arm\u00eb zjarri.<\/span><\/p>\n<p><span style=\"color: #000000;\"> I plagosur mbeti 38-vje\u00e7ari Elvis (Ko\u00e7i) \u00c7aushllari i njohur me nofk\u00ebn \u2018kor\u00e7ari\u2019, nd\u00ebrsa \u00ebsht\u00eb shpallur n\u00eb k\u00ebrkim Migert Qosja. <\/span><\/p>\n<p><span style=\"color: #000000;\">Sipas bluve t\u00eb Elbasanit, dy personat e lartp\u00ebrmendur jan\u00eb konfliktuar fizikisht me nj\u00ebri-tjetrin e m\u00eb pas kan\u00eb p\u00ebrdorur arm\u00ebt q\u00eb kishin me vete. <\/span><\/p>\n<p><span style=\"color: #000000;\">\u00c7aushllari \u00ebsht\u00eb plagosur leht\u00eb dhe \u00ebsht\u00eb arrestuar n\u00eb spitalin e Traum\u00ebs n\u00eb Tiran\u00eb nd\u00ebrsa n\u00eb k\u00ebrkim \u00ebsht\u00eb shpallur Qosja.<\/span><\/p>\n<p><span style=\"color: #000000;\"><strong>Njoftimi<\/strong><\/span><\/p>\n<p><span style=\"color: #000000;\">Zbardhet ngjarja e ndodhur mesdit\u00ebn e sotme n\u00eb Elbasan. Policia v\u00eb n\u00eb pranga nj\u00eb nga autor\u00ebt e ngjarjes. Shpallet n\u00eb k\u00ebrkim autori tjet\u00ebr.<\/span><\/p>\n<p><span style=\"color: #000000;\">Strukturat hetimore t\u00eb Drejtoris\u00eb Vendore t\u00eb Policis\u00eb Elbasan, n\u00ebn drejtimin e Prokuroris\u00eb s\u00eb Rrethit Gjyq\u00ebsor Elbasan, menj\u00ebher\u00eb pas ngjarjes s\u00eb ndodhur rreth\u00a0 or\u00ebs 11:50, n\u00eb lagjen \u2018Emin Matraxhiu\u2019, Elbasan, ku gjat\u00eb nj\u00eb konflikti t\u00eb \u00e7astit mes dy drejtues automjetesh ishin p\u00ebrdorur dhe arm\u00eb zjarri, organizuan pun\u00ebn dhe fal\u00eb veprimeve t\u00eb shpejta hetimore dhe profesionale, b\u00ebn\u00eb t\u00eb mundur zbardhjen e ngjarjes.<\/span><\/p>\n<p><span style=\"color: #000000;\">Si rezultat i veprimeve u b\u00eb identifikimi, lokalizimi dhe arrestimi i nj\u00ebrit prej autor\u00ebve, shtetasi Elvis Ko\u00e7i (\u00c7aushllari), 28 vje\u00e7, banues n\u00eb Elbasan.<\/span><\/p>\n<p><span style=\"color: #000000;\">Si dhe u b\u00eb shpallja n\u00eb k\u00ebrkim e autorit tjet\u00ebr t\u00eb k\u00ebsaj ngjarjeje, shtetasi Migert Qosja, 25 vje\u00e7, banues n\u00eb Elbasan.<\/span><\/p>\n<p><span style=\"color: #000000;\">Nga veprimet e para hetimore rezulton se Elvisi, duke drejtuar automjetin tip \u2018Mazda\u2019, \u00ebsht\u00eb konfliktuar fizikisht me Migertin, i cili drejtonte automjetin tip \u2018Ford\u2019 dhe m\u00eb pas t\u00eb dy pal\u00ebt kan\u00eb q\u00eblluar n\u00eb drejtim t\u00eb nj\u00ebri-tjetrit me arm\u00eb zjarri.<\/span><\/p>\n<p><span style=\"color: #000000;\"> Si pasoj\u00eb shtetasi Elvis Ko\u00e7i \u00ebsht\u00eb plagosur leht\u00eb dhe p\u00ebr t\u2019i shp\u00ebtuar Policis\u00eb, ka tentuar t\u00eb mjekohej n\u00eb spitalin ushtarak n\u00eb Tiran\u00eb, por \u00ebsht\u00eb arrestuar n\u00eb flagranc\u00eb.<\/span><\/p>\n<p><span style=\"color: #000000;\">N\u00ebn drejtimin e Prokuroris\u00eb vijon puna hetimore p\u00ebr zbardhjen e plot\u00eb t\u00eb ngjarjes, identifikimin, kapjen dhe arrestimin e personave t\u00eb tjer\u00eb t\u00eb implikuar n\u00eb k\u00ebt\u00eb ngjarje.<\/span><\/p>\n<p><span style=\"color: #000000;\">Vijojn\u00eb kontrollet intensive nga Policia e Elbasanit, p\u00ebr kapjen e autorit t\u00eb dyt\u00eb t\u00eb k\u00ebsaj ngjarjeje, shtetasi Migert Qosja.<\/span><\/p>\n<p><span style=\"color: #000000;\">Materialet hetimore n\u00eb ngarkim t\u00eb dy shtetasve i kaluan Prokuroris\u00eb, p\u00ebr veprime t\u00eb m\u00ebtejshme, p\u00ebr veprat penale \u2018Vrasje me dashje\u2019 e mbetur n\u00eb tentativ\u00eb dhe \u2018Arm\u00ebmbajtja pa leje\u2019.<\/span><\/p>\n","protected":false,"gt_translate_keys":[{"key":"rendered","format":"html"}]},"excerpt":{"rendered":"<p>\u00cbsht\u00eb ndaluar n\u00eb Elbasan autori i dyshuar i t\u00eb sht\u00ebnave me arm\u00eb. Ngjarja ndodhi paraditen e sotme teksa ndaj nj\u00eb makine n\u00eb l\u00ebvizje u q\u00ebllua me arm\u00eb zjarri. I plagosur mbeti 38-vje\u00e7ari Elvis (Ko\u00e7i) \u00c7aushllari i njohur me nofk\u00ebn \u2018kor\u00e7ari\u2019, nd\u00ebrsa \u00ebsht\u00eb shpallur n\u00eb k\u00ebrkim Migert Qosja. Sipas bluve t\u00eb Elbasanit, dy personat e lartp\u00ebrmendur [&hellip;]<\/p>\n","protected":false,"gt_translate_keys":[{"key":"rendered","format":"html"}]},"author":51,"featured_media":413782,"comment_status":"open","ping_status":"open","sticky":false,"template":"","format":"standard","meta":{"footnotes":""},"categories":[65,13],"tags":[],"class_list":["post-413781","post","type-post","status-publish","format-standard","has-post-thumbnail","hentry","category-lajme","category-te-fundit"],"gt_translate_keys":[{"key":"link","format":"url"}],"_links":{"self":[{"href":"https:\/\/www.hashtag.al\/index.php\/wp-json\/wp\/v2\/posts\/413781","targetHints":{"allow":["GET"]}}],"collection":[{"href":"https:\/\/www.hashtag.al\/index.php\/wp-json\/wp\/v2\/posts"}],"about":[{"href":"https:\/\/www.hashtag.al\/index.php\/wp-json\/wp\/v2\/types\/post"}],"author":[{"embeddable":true,"href":"https:\/\/www.hashtag.al\/index.php\/wp-json\/wp\/v2\/users\/51"}],"replies":[{"embeddable":true,"href":"https:\/\/www.hashtag.al\/index.php\/wp-json\/wp\/v2\/comments?post=413781"}],"version-history":[{"count":0,"href":"https:\/\/www.hashtag.al\/index.php\/wp-json\/wp\/v2\/posts\/413781\/revisions"}],"wp:featuredmedia":[{"embeddable":true,"href":"https:\/\/www.hashtag.al\/index.php\/wp-json\/wp\/v2\/media\/413782"}],"wp:attachment":[{"href":"https:\/\/www.hashtag.al\/index.php\/wp-json\/wp\/v2\/media?parent=413781"}],"wp:term":[{"taxonomy":"category","embeddable":true,"href":"https:\/\/www.hashtag.al\/index.php\/wp-json\/wp\/v2\/categories?post=413781"},{"taxonomy":"post_tag","embeddable":true,"href":"https:\/\/www.hashtag.al\/index.php\/wp-json\/wp\/v2\/tags?post=413781"}],"curies":[{"name":"wp","href":"https:\/\/api.w.org\/{rel}","templated":true}]}}