{"id":413655,"date":"2020-11-25T12:37:37","date_gmt":"2020-11-25T11:37:37","guid":{"rendered":"https:\/\/hashtag.al\/?p=413655"},"modified":"2020-11-25T12:37:37","modified_gmt":"2020-11-25T11:37:37","slug":"te-shtena-me-arme-ne-elbasan","status":"publish","type":"post","link":"https:\/\/www.hashtag.al\/index.php\/2020\/11\/25\/te-shtena-me-arme-ne-elbasan\/","title":{"rendered":"T\u00eb sht\u00ebna me arm\u00eb n\u00eb Elbasan","gt_translate_keys":[{"key":"rendered","format":"text"}]},"content":{"rendered":"<p><img loading=\"lazy\" decoding=\"async\" class=\"aligncenter size-full wp-image-393679\" src=\"https:\/\/hashtag.al\/wp-content\/uploads\/2020\/08\/makine-policie-policia.jpg\" alt=\"\" width=\"780\" height=\"405\" srcset=\"https:\/\/www.hashtag.al\/wp-content\/uploads\/2020\/08\/makine-policie-policia.jpg 780w, https:\/\/www.hashtag.al\/wp-content\/uploads\/2020\/08\/makine-policie-policia-300x156.jpg 300w, https:\/\/www.hashtag.al\/wp-content\/uploads\/2020\/08\/makine-policie-policia-768x399.jpg 768w\" sizes=\"auto, (max-width: 780px) 100vw, 780px\" \/><\/p>\n<p><span style=\"color: #000000;\">T\u00eb sht\u00ebna me arm\u00eb n\u00eb Elbasan. <\/span><\/p>\n<p><span style=\"color: #000000;\">Ngjarja ka ndodhur pak minuta m\u00eb par\u00eb pran\u00eb stadiumit t\u00eb qytetit. <\/span><\/p>\n<p><span style=\"color: #000000;\">M\u00ebsohet se \u00ebsht\u00eb q\u00eblluar ndaj nj\u00eb mjeti n\u00eb l\u00ebvizje e sip\u00ebr. <\/span><\/p>\n<p><span style=\"color: #000000;\">Nuk dihet identiteti i personave t\u00eb p\u00ebrfshir\u00eb n\u00eb ngjarje. <\/span><\/p>\n<p><span style=\"color: #000000;\">Dyshohet se pas nj\u00eb sherri m\u00eb pal\u00ebve jan\u00eb p\u00ebrdorur edhe arm\u00ebt.<\/span><\/p>\n","protected":false,"gt_translate_keys":[{"key":"rendered","format":"html"}]},"excerpt":{"rendered":"<p>T\u00eb sht\u00ebna me arm\u00eb n\u00eb Elbasan. Ngjarja ka ndodhur pak minuta m\u00eb par\u00eb pran\u00eb stadiumit t\u00eb qytetit. M\u00ebsohet se \u00ebsht\u00eb q\u00eblluar ndaj nj\u00eb mjeti n\u00eb l\u00ebvizje e sip\u00ebr. Nuk dihet identiteti i personave t\u00eb p\u00ebrfshir\u00eb n\u00eb ngjarje. Dyshohet se pas nj\u00eb sherri m\u00eb pal\u00ebve jan\u00eb p\u00ebrdorur edhe arm\u00ebt.<\/p>\n","protected":false,"gt_translate_keys":[{"key":"rendered","format":"html"}]},"author":51,"featured_media":393679,"comment_status":"open","ping_status":"open","sticky":false,"template":"","format":"standard","meta":{"footnotes":""},"categories":[65,13],"tags":[],"class_list":["post-413655","post","type-post","status-publish","format-standard","has-post-thumbnail","hentry","category-lajme","category-te-fundit"],"gt_translate_keys":[{"key":"link","format":"url"}],"_links":{"self":[{"href":"https:\/\/www.hashtag.al\/index.php\/wp-json\/wp\/v2\/posts\/413655","targetHints":{"allow":["GET"]}}],"collection":[{"href":"https:\/\/www.hashtag.al\/index.php\/wp-json\/wp\/v2\/posts"}],"about":[{"href":"https:\/\/www.hashtag.al\/index.php\/wp-json\/wp\/v2\/types\/post"}],"author":[{"embeddable":true,"href":"https:\/\/www.hashtag.al\/index.php\/wp-json\/wp\/v2\/users\/51"}],"replies":[{"embeddable":true,"href":"https:\/\/www.hashtag.al\/index.php\/wp-json\/wp\/v2\/comments?post=413655"}],"version-history":[{"count":0,"href":"https:\/\/www.hashtag.al\/index.php\/wp-json\/wp\/v2\/posts\/413655\/revisions"}],"wp:featuredmedia":[{"embeddable":true,"href":"https:\/\/www.hashtag.al\/index.php\/wp-json\/wp\/v2\/media\/393679"}],"wp:attachment":[{"href":"https:\/\/www.hashtag.al\/index.php\/wp-json\/wp\/v2\/media?parent=413655"}],"wp:term":[{"taxonomy":"category","embeddable":true,"href":"https:\/\/www.hashtag.al\/index.php\/wp-json\/wp\/v2\/categories?post=413655"},{"taxonomy":"post_tag","embeddable":true,"href":"https:\/\/www.hashtag.al\/index.php\/wp-json\/wp\/v2\/tags?post=413655"}],"curies":[{"name":"wp","href":"https:\/\/api.w.org\/{rel}","templated":true}]}}