{"id":413447,"date":"2020-11-24T14:12:11","date_gmt":"2020-11-24T13:12:11","guid":{"rendered":"https:\/\/hashtag.al\/?p=413447"},"modified":"2020-11-24T14:14:28","modified_gmt":"2020-11-24T13:14:28","slug":"drejtoresha-e-spitalit-te-elbasanit-tahiraj-nese-do-duhet-jemi-gati-te-presim-pacientet-me-covid-19","status":"publish","type":"post","link":"https:\/\/www.hashtag.al\/index.php\/2020\/11\/24\/drejtoresha-e-spitalit-te-elbasanit-tahiraj-nese-do-duhet-jemi-gati-te-presim-pacientet-me-covid-19\/","title":{"rendered":"Drejtoresha e spitalit t\u00eb Elbasanit, Tahiraj: N\u00ebse do duhet, jemi gati t\u00eb presim pacient\u00ebt me Covid-19","gt_translate_keys":[{"key":"rendered","format":"text"}]},"content":{"rendered":"<p><img loading=\"lazy\" decoding=\"async\" class=\"aligncenter size-full wp-image-413448\" src=\"https:\/\/hashtag.al\/wp-content\/uploads\/2020\/11\/infoelbasan.png\" alt=\"\" width=\"793\" height=\"417\" srcset=\"https:\/\/www.hashtag.al\/wp-content\/uploads\/2020\/11\/infoelbasan.png 793w, https:\/\/www.hashtag.al\/wp-content\/uploads\/2020\/11\/infoelbasan-300x158.png 300w, https:\/\/www.hashtag.al\/wp-content\/uploads\/2020\/11\/infoelbasan-768x404.png 768w\" sizes=\"auto, (max-width: 793px) 100vw, 793px\" \/><\/p>\n<p><span style=\"color: #000000;\">N\u00eb Elbasan pritet t\u00eb hapet spitali Covid i radh\u00ebs, pas kat\u00ebr t\u00eb till\u00ebve q\u00eb jan\u00eb n\u00eb Tiran\u00eb. <\/span><\/p>\n<p><span style=\"color: #000000;\">P\u00ebrgatitjet jan\u00eb drejt fundit dhe ai do jet\u00eb i gatsh\u00ebms apo t\u00eb mbarohen shtret\u00ebrit e lir\u00eb n\u00eb spitalin Covid 4. <\/span><\/p>\n<p><span style=\"color: #000000;\">Sipas drejtoresh\u00ebs s\u00eb spitalit rajonal t\u00eb Elbasanit, Desantila Tahiraj, spitali ka burime njer\u00ebzore t\u00eb mjaftueshme p\u00ebr t\u00eb p\u00ebrballuar fluksin e pacient\u00ebve t\u00eb prekur nga koronavirusi i ri e ato po trajnohen nga Ministria e Sh\u00ebndet\u00ebsis\u00eb dhe Urgjenca Komb\u00ebtare.<\/span><\/p>\n<p><span style=\"color: #000000;\"><em>\u201cEdhe spitali rajonal i Elbasanit po b\u00ebn p\u00ebrgatitjet p\u00ebrfundimtare p\u00ebr t\u00eb qen\u00eb gati n\u00ebse do jet\u00eb e nevojshme p\u00ebr t\u2019u hapur si spital Covid. P\u00ebr fatin ton\u00eb t\u00eb mir\u00eb, spitali rajonal i Elbasanit ka burime njer\u00ebzore t\u00eb mjaftueshme, t\u00eb cilat po trajnohen nga Ministria e Sh\u00ebndet\u00ebsis\u00eb dhe Urgjenca Mjek\u00ebsore Komb\u00ebtare p\u00ebr t\u00eb qen\u00eb t\u00eb gatsh\u00ebm p\u00ebr t\u00eb p\u00ebrballuar \u00e7do situat\u00eb.\u201d<\/em> &#8211; u shpreh drejtoresha Tahiraj p\u00ebr mediat.<\/span><\/p>\n","protected":false,"gt_translate_keys":[{"key":"rendered","format":"html"}]},"excerpt":{"rendered":"<p>N\u00eb Elbasan pritet t\u00eb hapet spitali Covid i radh\u00ebs, pas kat\u00ebr t\u00eb till\u00ebve q\u00eb jan\u00eb n\u00eb Tiran\u00eb. P\u00ebrgatitjet jan\u00eb drejt fundit dhe ai do jet\u00eb i gatsh\u00ebms apo t\u00eb mbarohen shtret\u00ebrit e lir\u00eb n\u00eb spitalin Covid 4. Sipas drejtoresh\u00ebs s\u00eb spitalit rajonal t\u00eb Elbasanit, Desantila Tahiraj, spitali ka burime njer\u00ebzore t\u00eb mjaftueshme p\u00ebr t\u00eb p\u00ebrballuar [&hellip;]<\/p>\n","protected":false,"gt_translate_keys":[{"key":"rendered","format":"html"}]},"author":51,"featured_media":413448,"comment_status":"open","ping_status":"open","sticky":false,"template":"","format":"standard","meta":{"footnotes":""},"categories":[65,13],"tags":[],"class_list":["post-413447","post","type-post","status-publish","format-standard","has-post-thumbnail","hentry","category-lajme","category-te-fundit"],"gt_translate_keys":[{"key":"link","format":"url"}],"_links":{"self":[{"href":"https:\/\/www.hashtag.al\/index.php\/wp-json\/wp\/v2\/posts\/413447","targetHints":{"allow":["GET"]}}],"collection":[{"href":"https:\/\/www.hashtag.al\/index.php\/wp-json\/wp\/v2\/posts"}],"about":[{"href":"https:\/\/www.hashtag.al\/index.php\/wp-json\/wp\/v2\/types\/post"}],"author":[{"embeddable":true,"href":"https:\/\/www.hashtag.al\/index.php\/wp-json\/wp\/v2\/users\/51"}],"replies":[{"embeddable":true,"href":"https:\/\/www.hashtag.al\/index.php\/wp-json\/wp\/v2\/comments?post=413447"}],"version-history":[{"count":0,"href":"https:\/\/www.hashtag.al\/index.php\/wp-json\/wp\/v2\/posts\/413447\/revisions"}],"wp:featuredmedia":[{"embeddable":true,"href":"https:\/\/www.hashtag.al\/index.php\/wp-json\/wp\/v2\/media\/413448"}],"wp:attachment":[{"href":"https:\/\/www.hashtag.al\/index.php\/wp-json\/wp\/v2\/media?parent=413447"}],"wp:term":[{"taxonomy":"category","embeddable":true,"href":"https:\/\/www.hashtag.al\/index.php\/wp-json\/wp\/v2\/categories?post=413447"},{"taxonomy":"post_tag","embeddable":true,"href":"https:\/\/www.hashtag.al\/index.php\/wp-json\/wp\/v2\/tags?post=413447"}],"curies":[{"name":"wp","href":"https:\/\/api.w.org\/{rel}","templated":true}]}}