{"id":413427,"date":"2020-11-24T12:40:41","date_gmt":"2020-11-24T11:40:41","guid":{"rendered":"https:\/\/hashtag.al\/?p=413427"},"modified":"2020-11-24T12:45:04","modified_gmt":"2020-11-24T11:45:04","slug":"rama-per-vaksinat-anti-covid-do-marrim-nga-te-gjitha-llojet-ne-treg-nuk-ka-rendesi-cmimi","status":"publish","type":"post","link":"https:\/\/www.hashtag.al\/index.php\/2020\/11\/24\/rama-per-vaksinat-anti-covid-do-marrim-nga-te-gjitha-llojet-ne-treg-nuk-ka-rendesi-cmimi\/","title":{"rendered":"Rama p\u00ebr vaksinat anti-Covid: Do marrim nga t\u00eb gjitha llojet n\u00eb treg, nuk ka r\u00ebnd\u00ebsi \u00e7mimi","gt_translate_keys":[{"key":"rendered","format":"text"}]},"content":{"rendered":"<p><span style=\"color: #000000;\"><a style=\"color: #000000;\" href=\"https:\/\/hashtag.al\/wp-content\/uploads\/2020\/11\/rama-5.jpg\"><img loading=\"lazy\" decoding=\"async\" class=\"aligncenter size-full wp-image-413353\" src=\"https:\/\/hashtag.al\/wp-content\/uploads\/2020\/11\/rama-5.jpg\" alt=\"\" width=\"879\" height=\"585\" srcset=\"https:\/\/www.hashtag.al\/wp-content\/uploads\/2020\/11\/rama-5.jpg 879w, https:\/\/www.hashtag.al\/wp-content\/uploads\/2020\/11\/rama-5-300x200.jpg 300w, https:\/\/www.hashtag.al\/wp-content\/uploads\/2020\/11\/rama-5-768x511.jpg 768w\" sizes=\"auto, (max-width: 879px) 100vw, 879px\" \/><\/a><\/span><\/p>\n<p><span style=\"color: #000000;\">Kryeministri Edi Rama thot\u00eb se \u00e7mimi i vaksinave nuk ka r\u00ebnd\u00ebsi se do jet\u00eb, pasi pavar\u00ebsisht \u00e7mimit Shqip\u00ebria do t\u2019i marr\u00eb t\u00eb gjitha llojet e vaksinave anti-Covid q\u00eb do dalin n\u00eb treg.<\/span><\/p>\n<p><span style=\"color: #000000;\">Sipas Ram\u00ebs, sfida e qeveris\u00eb \u00ebsht\u00eb q\u00eb vendi yn\u00eb mos t\u00eb mbetet e fundit p\u00ebr marrjen e vaksin\u00ebs.<\/span><\/p>\n<p><span style=\"color: #000000;\"><em>\u00a0\u201cSa i takon vaksin\u00ebs\u00a0nuk jemi n\u00eb faz\u00ebn kur mund t\u00eb zgjedhim t\u00eb lir\u00eb apo t\u00eb shtrenjt\u00eb, por jemi n\u00eb faz\u00ebn kur po b\u00ebjm\u00eb p\u00ebrpjekje \u00e7do dit\u00eb q\u00eb t\u00eb garantojn\u00eb q\u00eb t\u00eb kemi vaksin\u00ebn n\u00eb dispozicion duke filluar nga vaksinimin i mjek\u00ebve infermier\u00eb, m\u00ebsuesit, punonj\u00ebset e policis\u00eb dhe m\u00eb pas t\u00eb gjith\u00eb me radh\u00eb.\u00a0Po b\u00ebhet nj\u00eb p\u00ebrpjekje e jasht\u00ebzakonshme p\u00ebr t\u00eb pasur sasira t\u00eb caktuara. Sasia q\u00eb do t\u00eb prodhohet nuk do jet\u00eb e gjitha ajo q\u00eb \u00ebsht\u00eb e nevojshme q\u00eb dit\u00ebn e par\u00eb, pra do t\u00eb ket\u00eb nj\u00eb shkall\u00ebzim.<\/em><\/span><\/p>\n<p><span style=\"color: #000000;\"><em>Ajo q\u00eb na duhet \u00ebsht\u00eb q\u00eb ne mos mbetemi bisht dhe t\u00eb v\u00ebm\u00eb n\u00eb dispozicion p\u00ebr k\u00ebt\u00eb kategori njer\u00ebzish vaksin\u00ebn sa m\u00eb shpejt.<\/em><\/span><\/p>\n<p><span style=\"color: #000000;\"><em>Nuk jemi n\u00eb avantazhin q\u00eb jan\u00eb vendet prodhuese t\u00eb vaksin\u00ebs apo vendeve t\u00eb fuqishme. Po b\u00ebjm\u00eb t\u00eb gjitha p\u00ebrpjekjet q\u00eb mos mbeti jasht\u00eb k\u00ebtij procesi dhe t\u00eb mos detyrohemi t\u00eb presim n\u00eb fund. Kjo \u00ebsht\u00eb sfida jon\u00eb. Pastaj e lir\u00eb apo e shtrenjt\u00eb \u00ebsht\u00eb tem\u00eb tjet\u00ebr. Nuk i kemi l\u00ebn\u00eb gj\u00eb mang\u00ebt popullit kur lidhet me element\u00eb t\u00eb r\u00ebnd\u00ebsishme t\u00eb jet\u00ebs.<\/em><\/span><\/p>\n<p><span style=\"color: #000000;\"><em>K\u00ebshtu q\u00eb nuk do ta l\u00ebm\u00eb mang\u00ebt as k\u00ebt\u00eb detyrim pavar\u00ebsisht \u00e7mimit t\u00eb vaksin\u00ebs. Nuk do t\u00eb thot\u00eb se do t\u00eb marrim nj\u00eb lloj, mund t\u00eb marrim t\u00eb gjitha llojet n\u00ebse kemi mund\u00ebsi. Ky \u00ebsht\u00eb nj\u00eb proces intensiv q\u00eb po zhvillohet \u00e7do dit\u00eb dhe shpresoj q\u00eb mos mbetemi prapa. Cmmimi \u00ebsht\u00eb gj\u00ebja e fundit q\u00eb diskutojm\u00eb n\u00eb k\u00ebt\u00eb proces\u201d,<\/em>\u00a0deklaroi Rama.<\/span><\/p>\n","protected":false,"gt_translate_keys":[{"key":"rendered","format":"html"}]},"excerpt":{"rendered":"<p>Kryeministri Edi Rama thot\u00eb se \u00e7mimi i vaksinave nuk ka r\u00ebnd\u00ebsi se do jet\u00eb, pasi pavar\u00ebsisht \u00e7mimit Shqip\u00ebria do t\u2019i marr\u00eb t\u00eb gjitha llojet e vaksinave anti-Covid q\u00eb do dalin n\u00eb treg. Sipas Ram\u00ebs, sfida e qeveris\u00eb \u00ebsht\u00eb q\u00eb vendi yn\u00eb mos t\u00eb mbetet e fundit p\u00ebr marrjen e vaksin\u00ebs. \u00a0\u201cSa i takon vaksin\u00ebs\u00a0nuk jemi [&hellip;]<\/p>\n","protected":false,"gt_translate_keys":[{"key":"rendered","format":"html"}]},"author":30,"featured_media":413353,"comment_status":"open","ping_status":"open","sticky":false,"template":"","format":"standard","meta":{"footnotes":""},"categories":[65,13],"tags":[],"class_list":["post-413427","post","type-post","status-publish","format-standard","has-post-thumbnail","hentry","category-lajme","category-te-fundit"],"gt_translate_keys":[{"key":"link","format":"url"}],"_links":{"self":[{"href":"https:\/\/www.hashtag.al\/index.php\/wp-json\/wp\/v2\/posts\/413427","targetHints":{"allow":["GET"]}}],"collection":[{"href":"https:\/\/www.hashtag.al\/index.php\/wp-json\/wp\/v2\/posts"}],"about":[{"href":"https:\/\/www.hashtag.al\/index.php\/wp-json\/wp\/v2\/types\/post"}],"author":[{"embeddable":true,"href":"https:\/\/www.hashtag.al\/index.php\/wp-json\/wp\/v2\/users\/30"}],"replies":[{"embeddable":true,"href":"https:\/\/www.hashtag.al\/index.php\/wp-json\/wp\/v2\/comments?post=413427"}],"version-history":[{"count":0,"href":"https:\/\/www.hashtag.al\/index.php\/wp-json\/wp\/v2\/posts\/413427\/revisions"}],"wp:featuredmedia":[{"embeddable":true,"href":"https:\/\/www.hashtag.al\/index.php\/wp-json\/wp\/v2\/media\/413353"}],"wp:attachment":[{"href":"https:\/\/www.hashtag.al\/index.php\/wp-json\/wp\/v2\/media?parent=413427"}],"wp:term":[{"taxonomy":"category","embeddable":true,"href":"https:\/\/www.hashtag.al\/index.php\/wp-json\/wp\/v2\/categories?post=413427"},{"taxonomy":"post_tag","embeddable":true,"href":"https:\/\/www.hashtag.al\/index.php\/wp-json\/wp\/v2\/tags?post=413427"}],"curies":[{"name":"wp","href":"https:\/\/api.w.org\/{rel}","templated":true}]}}