{"id":413155,"date":"2020-11-23T10:23:38","date_gmt":"2020-11-23T09:23:38","guid":{"rendered":"https:\/\/hashtag.al\/?p=413155"},"modified":"2020-11-23T10:23:38","modified_gmt":"2020-11-23T09:23:38","slug":"basha-viziton-biznesin-ne-tirane-nuk-ka-problem-pa-zgjidhje-ka-vetem-qeveri-qe-nuk-japin-zgjidhje","status":"publish","type":"post","link":"https:\/\/www.hashtag.al\/index.php\/2020\/11\/23\/basha-viziton-biznesin-ne-tirane-nuk-ka-problem-pa-zgjidhje-ka-vetem-qeveri-qe-nuk-japin-zgjidhje\/","title":{"rendered":"Basha viziton biznesin n\u00eb Tiran\u00eb: Nuk ka problem pa zgjidhje, ka vet\u00ebm qeveri q\u00eb nuk japin zgjidhje","gt_translate_keys":[{"key":"rendered","format":"text"}]},"content":{"rendered":"<p><a href=\"https:\/\/hashtag.al\/wp-content\/uploads\/2020\/11\/BASHA-3.jpg\"><img loading=\"lazy\" decoding=\"async\" class=\"aligncenter size-full wp-image-413156\" src=\"https:\/\/hashtag.al\/wp-content\/uploads\/2020\/11\/BASHA-3.jpg\" alt=\"\" width=\"500\" height=\"274\" srcset=\"https:\/\/www.hashtag.al\/wp-content\/uploads\/2020\/11\/BASHA-3.jpg 500w, https:\/\/www.hashtag.al\/wp-content\/uploads\/2020\/11\/BASHA-3-300x164.jpg 300w\" sizes=\"auto, (max-width: 500px) 100vw, 500px\" \/><\/a><\/p>\n<p><span style=\"color: #000000;\">Kryetari i PD-s\u00eb, Lulzim Basha, ka vizituar k\u00ebt\u00eb paradite nj\u00eb biznes t\u00eb produkteve baz\u00eb t\u00eb konsumit n\u00eb Tiran\u00eb.<\/span><\/p>\n<p><span style=\"color: #000000;\">Gjat\u00eb bashk\u00ebbisedimit me menaxheren e biznesit, Basha ngriti shqet\u00ebsimin q\u00eb bizneset e vogla dhe ato t\u00eb mesme jan\u00eb rr\u00ebnuar nga kriza pa u ndihmuar nga qeveria.<\/span><\/p>\n<p><span style=\"color: #000000;\">Ajo nga ana tjet\u00ebr, iu ankua kreut t\u00eb opozit\u00ebs p\u00ebr r\u00ebnien e xhiros dhe shkurtimit t\u00eb vendeve t\u00eb pun\u00ebs si pasoj\u00eb e pandemis\u00eb.<\/span><\/p>\n<p><span style=\"color: #000000;\"><em>&#8220;Xhiroja me t\u00eb th\u00ebn\u00eb t\u00eb drejt\u00ebn ka r\u00ebn\u00eb shum\u00eb, p\u00ebr shkak t\u00eb pandemis\u00eb, njer\u00ebzit jan\u00eb t\u00ebrhequr shum\u00eb edhe n\u00eb zgjedhjen e produkteve. Kemi klient\u00eb q\u00eb vin\u00eb, shohin edhe ikin. Pandemia i ka trembur shum\u00eb dhe i ka z\u00ebn\u00eb shum\u00eb paniku. Xhiroja af\u00ebrsisht b\u00ebhej 500 n\u00eb turn. Ne 500 e b\u00ebjm\u00eb gjithsej xhiro totale. Ka r\u00ebn\u00eb dometh\u00ebn\u00eb shum\u00eb. Sepse ne kishim produkte, si\u00e7 e shikoni, dhe t\u00eb gjitha produktet q\u00eb shesim m\u00eb shum\u00eb jan\u00eb vet\u00ebm produktet e bulmetit, buka edhe l\u00ebngjet&#8221;<\/em>, &#8211; shprehet menaxherja, Rolanda Cani.<\/span><\/p>\n<p><span style=\"color: #000000;\">Ajo thot\u00eb se pandemia ka sjell\u00eb jo vet\u00ebm pasoja p\u00ebr vet\u00eb biznesin dhe r\u00ebnien e konsumit, por edhe p\u00ebr rritjen e papun\u00ebsis\u00eb.<\/span><\/p>\n<p><span style=\"color: #000000;\"><em>&#8220;Gjithashtu dhe stafi, sepse k\u00ebtu ka qen\u00eb nj\u00eb pik\u00eb q\u00eb ka pasur xhiro shum\u00eb t\u00eb madhe le t\u00eb themi, tani kemi reduktuar edhe stafin. Stafi ka qen\u00eb nga 5 punonj\u00ebs dhe menaxherja 6. Un\u00eb jam menaxherja e dyqanit, dhe tani un\u00eb kam 3 veta staf, dhe vet\u00eb mundohem q\u00eb t\u00eb futem edhe tek shitjet, edhe tek pjesa e menaxhimit. Nuk \u00ebsht\u00eb se b\u00ebj vet\u00ebm menaxheren edhe hyj tek t\u00eb gjitha sektor\u00ebt.&#8221;<\/em>&#8211; shprehet Cani.<\/span><\/p>\n<p><span style=\"color: #000000;\">Kryedemokrati e v\u00eb theksin tek mungesa e ndihm\u00ebs nga ana e qeveris\u00eb p\u00ebr biznesin. Ai p\u00ebrs\u00ebriti propozimet e tij p\u00ebr t\u00eb ndihmuar vendin n\u00eb k\u00ebt\u00eb koh\u00eb t\u00eb v\u00ebshtir\u00eb, por q\u00eb qeveria sipas tij nuk e ka marr\u00eb parasysh.<\/span><\/p>\n<p><span style=\"color: #000000;\"><em>&#8220;Problemi kryesor i k\u00ebsaj krize q\u00eb ka 7 vite, por q\u00eb pandemia e ka r\u00ebnduar dhe m\u00eb shum\u00eb, \u00ebsht\u00eb pamund\u00ebsia e njer\u00ebzve p\u00ebr t\u00eb siguruar ushqimin baz\u00eb. Dhe kjo reflektohet pastaj tek i gjith\u00eb zinxhiri, edhe zinxhiri prodhues e n\u00eb ve\u00e7anti tek prodhimet e vendit. Ju e dini, ne kemi dal\u00eb prej javesh me nj\u00eb paket\u00eb ndihme p\u00ebr njer\u00ebzit q\u00eb nuk kan\u00eb t\u00eb ardhura. Kemi k\u00ebrkuar q\u00eb t\u00eb gjith\u00eb ata q\u00eb kan\u00eb humbur vendin e pun\u00ebs p\u00ebr shkak t\u00eb pandemis\u00eb t\u00eb ken\u00eb nj\u00eb ndihm\u00eb direkte nga shteti, kemi k\u00ebrkuar q\u00eb \u00e7do familje shqiptare t\u00eb ket\u00eb nj\u00eb ndihm\u00eb financiare. Kjo b\u00ebhet n\u00eb radh\u00eb t\u00eb par\u00eb p\u00ebr t\u00eb ndihmuar njer\u00ebzit, p\u00ebr t\u00eb ndihmuar familjet shqiptare, por po u ndihmuan ata do ndihmoheni dhe ju; se ato para \u00e7far\u00eb do b\u00ebjn\u00eb? Do rrisin xhiron. Ata nuk kan\u00eb p\u00ebr t\u2019i kursyer k\u00ebto lek\u00eb, do t\u2019i hedhin p\u00ebr t\u00eb bler\u00eb konsumin e p\u00ebrditsh\u00ebm.&#8221;<\/em> &#8211; u shpreh Basha.<\/span><\/p>\n<p><span style=\"color: #000000;\">Duke marr\u00eb shembull biznesin n\u00eb fjal\u00eb, Basha shpalosi idet\u00eb e tij dhe t\u00eb PD p\u00ebr t\u00eb ndihmuar biznesin n\u00eb kriz\u00eb si pasoj\u00eb e r\u00ebnies s\u00eb konsumit. N\u00eb fund ai b\u00ebri dhe nj\u00eb thirrje p\u00ebr t\u00eb konsumuar sa m\u00eb shum\u00eb produkte shqiptare.<\/span><\/p>\n<p><span style=\"color: #000000;\"><em>\u00a0\u201cNuk ka problem pa zgjidhje, ka vet\u00ebm qeveri q\u00eb nuk japin zgjidhje\u201d<\/em>, theksoi ai.<\/span><\/p>\n<p><em><span style=\"color: #000000;\">&#8220;Zgjidhja \u00ebsht\u00eb q\u00eb ne t\u00eb ndihmojm\u00eb konsumin dhe t\u00eb ndihmojm\u00eb konsumin do t\u00eb thot\u00eb t&#8217;i \u00e7ojm\u00eb lek\u00ebt sot aty\u00a0ku kan\u00eb nevoj\u00eb m\u00eb shum\u00eb njer\u00ebzit, t\u00eb ndihmojm\u00eb ata q\u00eb kan\u00eb humbur vendet e pun\u00ebs, t\u00eb ndihmojm\u00eb ata q\u00eb jan\u00eb n\u00eb v\u00ebshtir\u00ebsi ekonomike, t\u00eb ndihmojm\u00eb sip\u00ebrmarrjen e vog\u00ebl, t\u2019ju ndihmojm\u00eb ju q\u00eb n\u00eb vend q\u00eb t&#8217;i hiqni njer\u00ebz nga puna, t&#8217;i mbani, dhe p\u00ebr k\u00ebt\u00eb kemi propozuar nj\u00eb paket\u00eb minimale q\u00eb ata q\u00eb nuk i mbani dot vet\u00eb, t\u00eb keni nj\u00eb ndihm\u00eb nga shteti, po mbi t\u00eb gjitha t\u00eb ndihmojm\u00eb njer\u00ebzit t\u00eb b\u00ebjn\u00eb konsumin baz\u00eb t\u00eb dit\u00ebs dhe parat\u00eb e taksave t\u00eb shqiptar\u00ebve sot nuk mund t\u00eb shpenzohen n\u00eb asnj\u00eb vend tjet\u00ebr m\u00eb mir\u00eb se sa duke ndihmuar shqiptar\u00ebt, sepse kriza ekonomike ka shtat\u00eb vite q\u00eb r\u00ebndohet por n\u00eb ve\u00e7anti,\u00a0tani me pandemin\u00eb q\u00eb \u00ebsht\u00eb akute, t\u00eb sigurojm\u00eb ushqimin baz\u00eb p\u00ebr njer\u00ebzit dhe nuk ka vend m\u00eb t\u00eb mir\u00eb p\u00ebr ta siguruar ushqimin baz\u00eb se sa duke bler\u00eb produktet e Shqip\u00ebris\u00eb, produktet e fermer\u00ebve shqiptar\u00eb.<\/span><\/em><\/p>\n<p><span style=\"color: #000000;\"><em>Dhe p\u00ebrfitoj dhe nj\u00ebher\u00eb t\u00eb bej nj\u00eb thirrje, meq\u00eb jemi k\u00ebtu n\u00eb nj\u00eb pik\u00eb shitje ku t\u00eb gjitha prodhimet jan\u00eb shqiptare; t\u2019i b\u00ebj nj\u00eb thirrje t\u00eb gjith\u00eb qytetar\u00ebve shqiptar\u00eb t\u00eb konsumojm\u00eb e t\u00eb blejm\u00eb sa m\u00eb shum\u00eb produkte shqiptare.&#8221;<\/em>&#8211; deklaroi Basha.<\/span><\/p>\n","protected":false,"gt_translate_keys":[{"key":"rendered","format":"html"}]},"excerpt":{"rendered":"<p>Kryetari i PD-s\u00eb, Lulzim Basha, ka vizituar k\u00ebt\u00eb paradite nj\u00eb biznes t\u00eb produkteve baz\u00eb t\u00eb konsumit n\u00eb Tiran\u00eb. Gjat\u00eb bashk\u00ebbisedimit me menaxheren e biznesit, Basha ngriti shqet\u00ebsimin q\u00eb bizneset e vogla dhe ato t\u00eb mesme jan\u00eb rr\u00ebnuar nga kriza pa u ndihmuar nga qeveria. Ajo nga ana tjet\u00ebr, iu ankua kreut t\u00eb opozit\u00ebs p\u00ebr r\u00ebnien [&hellip;]<\/p>\n","protected":false,"gt_translate_keys":[{"key":"rendered","format":"html"}]},"author":30,"featured_media":413156,"comment_status":"open","ping_status":"open","sticky":false,"template":"","format":"standard","meta":{"footnotes":""},"categories":[65,13],"tags":[],"class_list":["post-413155","post","type-post","status-publish","format-standard","has-post-thumbnail","hentry","category-lajme","category-te-fundit"],"gt_translate_keys":[{"key":"link","format":"url"}],"_links":{"self":[{"href":"https:\/\/www.hashtag.al\/index.php\/wp-json\/wp\/v2\/posts\/413155","targetHints":{"allow":["GET"]}}],"collection":[{"href":"https:\/\/www.hashtag.al\/index.php\/wp-json\/wp\/v2\/posts"}],"about":[{"href":"https:\/\/www.hashtag.al\/index.php\/wp-json\/wp\/v2\/types\/post"}],"author":[{"embeddable":true,"href":"https:\/\/www.hashtag.al\/index.php\/wp-json\/wp\/v2\/users\/30"}],"replies":[{"embeddable":true,"href":"https:\/\/www.hashtag.al\/index.php\/wp-json\/wp\/v2\/comments?post=413155"}],"version-history":[{"count":0,"href":"https:\/\/www.hashtag.al\/index.php\/wp-json\/wp\/v2\/posts\/413155\/revisions"}],"wp:featuredmedia":[{"embeddable":true,"href":"https:\/\/www.hashtag.al\/index.php\/wp-json\/wp\/v2\/media\/413156"}],"wp:attachment":[{"href":"https:\/\/www.hashtag.al\/index.php\/wp-json\/wp\/v2\/media?parent=413155"}],"wp:term":[{"taxonomy":"category","embeddable":true,"href":"https:\/\/www.hashtag.al\/index.php\/wp-json\/wp\/v2\/categories?post=413155"},{"taxonomy":"post_tag","embeddable":true,"href":"https:\/\/www.hashtag.al\/index.php\/wp-json\/wp\/v2\/tags?post=413155"}],"curies":[{"name":"wp","href":"https:\/\/api.w.org\/{rel}","templated":true}]}}