{"id":412939,"date":"2020-11-22T11:40:57","date_gmt":"2020-11-22T10:40:57","guid":{"rendered":"https:\/\/hashtag.al\/?p=412939"},"modified":"2020-11-22T12:02:50","modified_gmt":"2020-11-22T11:02:50","slug":"po-ku-ta-coj-ore-infermieri-ne-fier-ia-ben-injeksionin-pacientit-ne-lokal-video","status":"publish","type":"post","link":"https:\/\/www.hashtag.al\/index.php\/2020\/11\/22\/po-ku-ta-coj-ore-infermieri-ne-fier-ia-ben-injeksionin-pacientit-ne-lokal-video\/","title":{"rendered":"&#8220;Po ku ta \u00e7oj ore&#8221; &#8211; Infermieri n\u00eb Fier ia b\u00ebn injeksionin pacientit n\u00eb lokal (VIDEO)","gt_translate_keys":[{"key":"rendered","format":"text"}]},"content":{"rendered":"<p><span style=\"color: #000000;\"><a style=\"color: #000000;\" href=\"https:\/\/hashtag.al\/wp-content\/uploads\/2020\/11\/LOKAL-Tirane.jpg\"><img loading=\"lazy\" decoding=\"async\" class=\"aligncenter size-full wp-image-412940\" src=\"https:\/\/hashtag.al\/wp-content\/uploads\/2020\/11\/LOKAL-Tirane.jpg\" alt=\"\" width=\"3264\" height=\"1893\" srcset=\"https:\/\/www.hashtag.al\/wp-content\/uploads\/2020\/11\/LOKAL-Tirane.jpg 3264w, https:\/\/www.hashtag.al\/wp-content\/uploads\/2020\/11\/LOKAL-Tirane-300x174.jpg 300w, https:\/\/www.hashtag.al\/wp-content\/uploads\/2020\/11\/LOKAL-Tirane-768x445.jpg 768w, https:\/\/www.hashtag.al\/wp-content\/uploads\/2020\/11\/LOKAL-Tirane-1024x594.jpg 1024w\" sizes=\"auto, (max-width: 3264px) 100vw, 3264px\" \/><\/a><\/span><\/p>\n<p><span style=\"color: #000000;\">Pamje t\u00eb r\u00ebnda kan\u00eb mb\u00ebrritur n\u00eb redaksin\u00eb e \u201cHashtag.al\u201d, ku tregohet se si mjek\u00ebt dhe infermier\u00ebt tanim\u00eb po ua b\u00ebjn\u00eb injeksionet pacient\u00ebve edhe n\u00ebp\u00ebr lokale.<\/span><\/p>\n<p><span style=\"color: #000000;\">Videoja e m\u00ebposhtme ku nj\u00eb infermier i b\u00ebn nj\u00eb injeksion nj\u00eb pacienti, \u00ebsht\u00eb xhiruar sot n\u00eb nj\u00eb lokal n\u00eb qytetin e Fierit. T\u00eb jet\u00eb b\u00ebr\u00eb shkak mungesa e vendeve t\u00eb lira n\u00ebp\u00ebr spitale e qendra sh\u00ebndet\u00ebsore?<\/span><\/p>\n<p><span style=\"color: #000000;\"><em>\u201c\u00c7far\u00eb ti b\u00ebj un\u00eb o v\u00eblla? Po ku ta \u00e7oj ore\u201d<\/em>&#8211; d\u00ebgjohet t\u2019u thot\u00eb infermieri t\u00eb pranishm\u00ebve n\u00eb lokal, duke l\u00ebn\u00eb t\u00eb kuptohet se nuk ka ku i mjekon pacient\u00ebt.<\/span><span style=\"color: #000000;\">\u00a0Ai u k\u00ebrkon atyre t\u00eb mos e filmojn\u00eb.<\/span><\/p>\n<p><span style=\"color: #000000;\">Kjo video vjen fill pas nj\u00eb denoncimi q\u00eb b\u00ebri her\u00ebt k\u00ebt\u00eb m\u00ebngjes mjeku Dritan Kociaj i cili thoshte se kishte 3 or\u00eb q\u00eb kuron nj\u00eb pacient n\u00eb autoambulanc\u00eb jasht\u00eb spitalit \u201cShefqet Ndroqi\u201d sepse nuk kishte m\u00eb vende t\u00eb lira n\u00eb spital. <\/span><\/p>\n<p><span style=\"color: #000000;\">Sipas tij, t\u00eb nj\u00ebjt\u00ebn gj\u00eb po b\u00ebnin n\u00eb at\u00eb koh\u00eb edhe 6 autoambulanca t\u00eb tjera. Mjeku i b\u00ebnte thirrje kryeministrit Edi Rama, ministres Ogerta Manastirliu dhe Komitetit t\u00eb Ekspert\u00ebve q\u00eb t\u00eb zgjohen para se t\u00eb jet\u00eb shum\u00eb von\u00eb dhe t\u00eb hapin spitalin Covid 4, qoft\u00eb edhe me infermier\u00eb p\u00ebr oksigjenimin e pacient\u00ebve me saturime t\u00eb ul\u00ebta. <strong>\/Hashtag.al<\/strong><\/span><\/p>\n<div style=\"width: 352px;\" class=\"wp-video\"><video class=\"wp-video-shortcode\" id=\"video-412939-1\" width=\"352\" height=\"640\" preload=\"metadata\" controls=\"controls\"><source type=\"video\/mp4\" src=\"https:\/\/hashtag.al\/wp-content\/uploads\/2020\/11\/WhatsApp-Video-2020-11-22-at-11.21.50.mp4?_=1\" \/><a href=\"https:\/\/hashtag.al\/wp-content\/uploads\/2020\/11\/WhatsApp-Video-2020-11-22-at-11.21.50.mp4\">https:\/\/hashtag.al\/wp-content\/uploads\/2020\/11\/WhatsApp-Video-2020-11-22-at-11.21.50.mp4<\/a><\/video><\/div>\n","protected":false,"gt_translate_keys":[{"key":"rendered","format":"html"}]},"excerpt":{"rendered":"<p>Pamje t\u00eb r\u00ebnda kan\u00eb mb\u00ebrritur n\u00eb redaksin\u00eb e \u201cHashtag.al\u201d, ku tregohet se si mjek\u00ebt dhe infermier\u00ebt tanim\u00eb po ua b\u00ebjn\u00eb injeksionet pacient\u00ebve edhe n\u00ebp\u00ebr lokale. Videoja e m\u00ebposhtme ku nj\u00eb infermier i b\u00ebn nj\u00eb injeksion nj\u00eb pacienti, \u00ebsht\u00eb xhiruar sot n\u00eb nj\u00eb lokal n\u00eb qytetin e Fierit. T\u00eb jet\u00eb b\u00ebr\u00eb shkak mungesa e vendeve t\u00eb [&hellip;]<\/p>\n","protected":false,"gt_translate_keys":[{"key":"rendered","format":"html"}]},"author":30,"featured_media":412940,"comment_status":"open","ping_status":"open","sticky":false,"template":"","format":"standard","meta":{"footnotes":""},"categories":[22,65,13],"tags":[],"class_list":["post-412939","post","type-post","status-publish","format-standard","has-post-thumbnail","hentry","category-ballina","category-lajme","category-te-fundit"],"gt_translate_keys":[{"key":"link","format":"url"}],"_links":{"self":[{"href":"https:\/\/www.hashtag.al\/index.php\/wp-json\/wp\/v2\/posts\/412939","targetHints":{"allow":["GET"]}}],"collection":[{"href":"https:\/\/www.hashtag.al\/index.php\/wp-json\/wp\/v2\/posts"}],"about":[{"href":"https:\/\/www.hashtag.al\/index.php\/wp-json\/wp\/v2\/types\/post"}],"author":[{"embeddable":true,"href":"https:\/\/www.hashtag.al\/index.php\/wp-json\/wp\/v2\/users\/30"}],"replies":[{"embeddable":true,"href":"https:\/\/www.hashtag.al\/index.php\/wp-json\/wp\/v2\/comments?post=412939"}],"version-history":[{"count":0,"href":"https:\/\/www.hashtag.al\/index.php\/wp-json\/wp\/v2\/posts\/412939\/revisions"}],"wp:featuredmedia":[{"embeddable":true,"href":"https:\/\/www.hashtag.al\/index.php\/wp-json\/wp\/v2\/media\/412940"}],"wp:attachment":[{"href":"https:\/\/www.hashtag.al\/index.php\/wp-json\/wp\/v2\/media?parent=412939"}],"wp:term":[{"taxonomy":"category","embeddable":true,"href":"https:\/\/www.hashtag.al\/index.php\/wp-json\/wp\/v2\/categories?post=412939"},{"taxonomy":"post_tag","embeddable":true,"href":"https:\/\/www.hashtag.al\/index.php\/wp-json\/wp\/v2\/tags?post=412939"}],"curies":[{"name":"wp","href":"https:\/\/api.w.org\/{rel}","templated":true}]}}