{"id":412887,"date":"2020-11-22T07:50:24","date_gmt":"2020-11-22T06:50:24","guid":{"rendered":"https:\/\/hashtag.al\/?p=412887"},"modified":"2020-11-22T07:50:24","modified_gmt":"2020-11-22T06:50:24","slug":"macron-thirrje-g20-per-solidaritet-ndaj-vendeve-te-varfra","status":"publish","type":"post","link":"https:\/\/www.hashtag.al\/index.php\/2020\/11\/22\/macron-thirrje-g20-per-solidaritet-ndaj-vendeve-te-varfra\/","title":{"rendered":"Macron thirrje G20 p\u00ebr solidaritet ndaj vendeve t\u00eb varfra","gt_translate_keys":[{"key":"rendered","format":"text"}]},"content":{"rendered":"<p><img loading=\"lazy\" decoding=\"async\" class=\"aligncenter size-full wp-image-385427\" src=\"https:\/\/hashtag.al\/wp-content\/uploads\/2020\/07\/macronministri.png\" alt=\"\" width=\"806\" height=\"445\" srcset=\"https:\/\/www.hashtag.al\/wp-content\/uploads\/2020\/07\/macronministri.png 806w, https:\/\/www.hashtag.al\/wp-content\/uploads\/2020\/07\/macronministri-300x166.png 300w, https:\/\/www.hashtag.al\/wp-content\/uploads\/2020\/07\/macronministri-768x424.png 768w\" sizes=\"auto, (max-width: 806px) 100vw, 806px\" \/><\/p>\n<p>Presidenti francez Emmanuel Macron u b\u00ebri thirrje sot homolog\u00ebve t\u00eb tij t\u00eb G20-s q\u00eb t\u00eb solidarizohen me vendet e varfra n\u00eb luft\u00ebn kund\u00ebr pandemis\u00eb s\u00eb COVID-19, ve\u00e7an\u00ebrisht kur b\u00ebhet fjal\u00eb p\u00ebr ndarjen e vaksinave t\u00eb ardhshme.<\/p>\n<p>\u201cKriza sh\u00ebndet\u00ebsore \u00ebsht\u00eb nj\u00eb prov\u00eb p\u00ebr G20-n dhe nuk do t\u00eb ket\u00eb p\u00ebrgjigje efikase ndaj pandemis\u00eb q\u00eb nuk \u00ebsht\u00eb nj\u00eb p\u00ebrgjigje globale\u201d, theksoi presidenti francez n\u00eb nj\u00eb fjalim virtual me koleg\u00ebt e tij.<\/p>\n<p>Kreu i Shtetit francez k\u00ebrkoi fuqimisht q\u00eb fuqit\u00eb m\u00eb t\u00eb m\u00ebdha t\u00eb blejn\u00eb doza vaksinash n\u00eb em\u00ebr t\u00eb vendeve m\u00eb pak t\u00eb zhvilluara.<\/p>\n<p>\u201cS\u00eb bashku, ne duhet t\u00eb hartojm\u00eb nj\u00eb mekaniz\u00ebm dhurimi p\u00ebr vaksinimin e audiencave p\u00ebrpar\u00ebsore n\u00eb vendet n\u00eb zhvillim\u201d, shtoi ai.<\/p>\n","protected":false,"gt_translate_keys":[{"key":"rendered","format":"html"}]},"excerpt":{"rendered":"<p>Presidenti francez Emmanuel Macron u b\u00ebri thirrje sot homolog\u00ebve t\u00eb tij t\u00eb G20-s q\u00eb t\u00eb solidarizohen me vendet e varfra n\u00eb luft\u00ebn kund\u00ebr pandemis\u00eb s\u00eb COVID-19, ve\u00e7an\u00ebrisht kur b\u00ebhet fjal\u00eb p\u00ebr ndarjen e vaksinave t\u00eb ardhshme. \u201cKriza sh\u00ebndet\u00ebsore \u00ebsht\u00eb nj\u00eb prov\u00eb p\u00ebr G20-n dhe nuk do t\u00eb ket\u00eb p\u00ebrgjigje efikase ndaj pandemis\u00eb q\u00eb nuk \u00ebsht\u00eb [&hellip;]<\/p>\n","protected":false,"gt_translate_keys":[{"key":"rendered","format":"html"}]},"author":32,"featured_media":385427,"comment_status":"open","ping_status":"open","sticky":false,"template":"","format":"standard","meta":{"footnotes":""},"categories":[6,13],"tags":[],"class_list":["post-412887","post","type-post","status-publish","format-standard","has-post-thumbnail","hentry","category-nderkombetare","category-te-fundit"],"gt_translate_keys":[{"key":"link","format":"url"}],"_links":{"self":[{"href":"https:\/\/www.hashtag.al\/index.php\/wp-json\/wp\/v2\/posts\/412887","targetHints":{"allow":["GET"]}}],"collection":[{"href":"https:\/\/www.hashtag.al\/index.php\/wp-json\/wp\/v2\/posts"}],"about":[{"href":"https:\/\/www.hashtag.al\/index.php\/wp-json\/wp\/v2\/types\/post"}],"author":[{"embeddable":true,"href":"https:\/\/www.hashtag.al\/index.php\/wp-json\/wp\/v2\/users\/32"}],"replies":[{"embeddable":true,"href":"https:\/\/www.hashtag.al\/index.php\/wp-json\/wp\/v2\/comments?post=412887"}],"version-history":[{"count":0,"href":"https:\/\/www.hashtag.al\/index.php\/wp-json\/wp\/v2\/posts\/412887\/revisions"}],"wp:featuredmedia":[{"embeddable":true,"href":"https:\/\/www.hashtag.al\/index.php\/wp-json\/wp\/v2\/media\/385427"}],"wp:attachment":[{"href":"https:\/\/www.hashtag.al\/index.php\/wp-json\/wp\/v2\/media?parent=412887"}],"wp:term":[{"taxonomy":"category","embeddable":true,"href":"https:\/\/www.hashtag.al\/index.php\/wp-json\/wp\/v2\/categories?post=412887"},{"taxonomy":"post_tag","embeddable":true,"href":"https:\/\/www.hashtag.al\/index.php\/wp-json\/wp\/v2\/tags?post=412887"}],"curies":[{"name":"wp","href":"https:\/\/api.w.org\/{rel}","templated":true}]}}