{"id":412788,"date":"2020-11-21T15:15:30","date_gmt":"2020-11-21T14:15:30","guid":{"rendered":"https:\/\/hashtag.al\/?p=412788"},"modified":"2020-11-21T16:07:18","modified_gmt":"2020-11-21T15:07:18","slug":"vandalizohet-qendra-shendetesore-ne-elbasan-balla-akuzon-bashen","status":"publish","type":"post","link":"https:\/\/www.hashtag.al\/index.php\/2020\/11\/21\/vandalizohet-qendra-shendetesore-ne-elbasan-balla-akuzon-bashen\/","title":{"rendered":"Vandalizohet qendra sh\u00ebndet\u00ebsore n\u00eb Elbasan, Balla akuzon Bash\u00ebn","gt_translate_keys":[{"key":"rendered","format":"text"}]},"content":{"rendered":"<p><img loading=\"lazy\" decoding=\"async\" class=\"aligncenter size-full wp-image-412796\" src=\"https:\/\/hashtag.al\/wp-content\/uploads\/2020\/11\/balla.png\" alt=\"\" width=\"887\" height=\"508\" srcset=\"https:\/\/www.hashtag.al\/wp-content\/uploads\/2020\/11\/balla.png 887w, https:\/\/www.hashtag.al\/wp-content\/uploads\/2020\/11\/balla-300x172.png 300w, https:\/\/www.hashtag.al\/wp-content\/uploads\/2020\/11\/balla-768x440.png 768w\" sizes=\"auto, (max-width: 887px) 100vw, 887px\" \/><\/p>\n<p><span style=\"color: #000000;\">Qendra Sh\u00ebndet\u00ebsore n\u00eb lagjen &#8220;Sk\u00ebnd\u00ebrbej&#8221; n\u00eb Elbasan \u00ebsht\u00eb vandalizuar duke u q\u00eblluar me gur\u00eb. Nga gur\u00ebt jan\u00eb \u00a0thyer disa nga xhamat e dritareve t\u00eb saj.<\/span><\/p>\n<p><span style=\"color: #000000;\">Kjo qend\u00ebr kishte vet\u00ebm 2 muaj q\u00eb ishte rikonstruktuar dhe i ofron sh\u00ebrbim 7 mij\u00eb banor\u00ebve, nd\u00ebrsa policia ka v\u00ebn\u00eb n\u00eb pranga autorit q\u00eb ika dhunuar godit\u00ebn.<\/span><\/p>\n<p><span style=\"color: #000000;\">P\u00ebr k\u00ebt\u00eb ngjarje ka reaguar Balla i cili thot\u00eb se jan\u00eb frym\u00ebzuar nga thirrjet e politikan\u00ebve.<\/span><\/p>\n<div class=\"kvgmc6g5 cxmmr5t8 oygrvhab hcukyx3x c1et5uql\">\n<div dir=\"auto\"><span style=\"color: #000000;\"><em>&#8220;Sot \u00ebsht\u00eb sulmuar me gur\u00eb Qendra e re Sh\u00ebndet\u00ebsore n\u00eb Fush\u00eb-Mbret n\u00eb Elbasan. Keqardhje se si politikan\u00ebt e s\u00eb keqes po frym\u00ebzojn\u00eb nj\u00eb klim\u00eb negative ndaj bluzave t\u00eb bardha. <\/em><\/span><em style=\"color: #000000;\">Lulezim Basha nuk paska as turp, as nder, as respekt dhe as kufinj moral\u00eb. <\/em><em style=\"color: #000000;\">T\u00eb b\u00ebsh politik\u00eb me vdekjen dhe t\u00eb sulmosh sot mjek\u00ebt, infermeieret, stafet mjek\u00ebsore \u00ebsht\u00eb nj\u00eb turp q\u00eb Lulit dhe sojit t\u00eb tij, nuk do t\u2019i harrohet&#8221;-shkruan Balla.<\/em><\/div>\n<\/div>\n<p><span style=\"color: #000000;\">Balla i ka b\u00ebr\u00eb m\u00eb pas thirrje krer\u00ebve t\u00eb opozit\u00ebs dhe Presidentit Ilir Meta t\u00eb mos baltosin bluzat e bardha.<\/span><\/p>\n<p><span style=\"color: #000000;\">\u201c<em>Mjaftojn\u00eb thirrjet e 2-3 politikan\u00ebve, personifikim i s\u00eb keqes q\u00eb t\u00eb motivojn\u00eb njer\u00ebz t\u00eb pap\u00ebrgjegjsh\u00ebm, t\u00eb cil\u00ebt marrin guximin dhe godasin me gur\u00eb qendr\u00ebn sh\u00ebndet\u00ebsore e cila u vjen n\u00eb ndihm\u00eb t\u00eb gjith\u00eb banor\u00ebve t\u00eb k\u00ebsaj zone. Jan\u00eb m\u00eb shum\u00eb se 7 mij\u00eb banor\u00eb q\u00eb marrin sh\u00ebrbim k\u00ebtu. E rikonstruktuar t\u00ebr\u00ebsisht sipas t\u00eb gjitha standardeve, vet\u00ebm dy muaj m\u00eb par\u00eb, persona t\u00eb pap\u00ebrgjegjsh\u00ebm marrin guximin t\u00eb godasin k\u00ebt\u00eb godin\u00eb e cila \u00ebsht\u00eb n\u00eb sh\u00ebrbim t\u00eb t\u00eb gjith\u00ebve pa dallim partie. Nuk e di ku e gjejn\u00eb guximin t\u00eb godasin mbi institucionet e sh\u00ebndetit publik. Prandaj, i b\u00ebj thirrje Lulzim Bash\u00ebs, Ilir Met\u00ebs, Sali Berish\u00ebs, Monika Kryemadhit t\u00eb heqin dor\u00eb nga balta kund\u00ebr bluzave t\u00eb bardha n\u00eb k\u00ebto dit\u00eb t\u00eb v\u00ebshtira<\/em>\u201d-thot\u00eb Balla.<\/span><\/p>\n<p><img loading=\"lazy\" decoding=\"async\" class=\"aligncenter size-full wp-image-412790\" src=\"https:\/\/hashtag.al\/wp-content\/uploads\/2020\/11\/qsh.png\" alt=\"\" width=\"886\" height=\"466\" srcset=\"https:\/\/www.hashtag.al\/wp-content\/uploads\/2020\/11\/qsh.png 886w, https:\/\/www.hashtag.al\/wp-content\/uploads\/2020\/11\/qsh-300x158.png 300w, https:\/\/www.hashtag.al\/wp-content\/uploads\/2020\/11\/qsh-768x404.png 768w\" sizes=\"auto, (max-width: 886px) 100vw, 886px\" \/><\/p>\n","protected":false,"gt_translate_keys":[{"key":"rendered","format":"html"}]},"excerpt":{"rendered":"<p>Qendra Sh\u00ebndet\u00ebsore n\u00eb lagjen &#8220;Sk\u00ebnd\u00ebrbej&#8221; n\u00eb Elbasan \u00ebsht\u00eb vandalizuar duke u q\u00eblluar me gur\u00eb. Nga gur\u00ebt jan\u00eb \u00a0thyer disa nga xhamat e dritareve t\u00eb saj. Kjo qend\u00ebr kishte vet\u00ebm 2 muaj q\u00eb ishte rikonstruktuar dhe i ofron sh\u00ebrbim 7 mij\u00eb banor\u00ebve, nd\u00ebrsa policia ka v\u00ebn\u00eb n\u00eb pranga autorit q\u00eb ika dhunuar godit\u00ebn. P\u00ebr k\u00ebt\u00eb ngjarje [&hellip;]<\/p>\n","protected":false,"gt_translate_keys":[{"key":"rendered","format":"html"}]},"author":32,"featured_media":412796,"comment_status":"open","ping_status":"open","sticky":false,"template":"","format":"standard","meta":{"footnotes":""},"categories":[65,13],"tags":[],"class_list":["post-412788","post","type-post","status-publish","format-standard","has-post-thumbnail","hentry","category-lajme","category-te-fundit"],"gt_translate_keys":[{"key":"link","format":"url"}],"_links":{"self":[{"href":"https:\/\/www.hashtag.al\/index.php\/wp-json\/wp\/v2\/posts\/412788","targetHints":{"allow":["GET"]}}],"collection":[{"href":"https:\/\/www.hashtag.al\/index.php\/wp-json\/wp\/v2\/posts"}],"about":[{"href":"https:\/\/www.hashtag.al\/index.php\/wp-json\/wp\/v2\/types\/post"}],"author":[{"embeddable":true,"href":"https:\/\/www.hashtag.al\/index.php\/wp-json\/wp\/v2\/users\/32"}],"replies":[{"embeddable":true,"href":"https:\/\/www.hashtag.al\/index.php\/wp-json\/wp\/v2\/comments?post=412788"}],"version-history":[{"count":0,"href":"https:\/\/www.hashtag.al\/index.php\/wp-json\/wp\/v2\/posts\/412788\/revisions"}],"wp:featuredmedia":[{"embeddable":true,"href":"https:\/\/www.hashtag.al\/index.php\/wp-json\/wp\/v2\/media\/412796"}],"wp:attachment":[{"href":"https:\/\/www.hashtag.al\/index.php\/wp-json\/wp\/v2\/media?parent=412788"}],"wp:term":[{"taxonomy":"category","embeddable":true,"href":"https:\/\/www.hashtag.al\/index.php\/wp-json\/wp\/v2\/categories?post=412788"},{"taxonomy":"post_tag","embeddable":true,"href":"https:\/\/www.hashtag.al\/index.php\/wp-json\/wp\/v2\/tags?post=412788"}],"curies":[{"name":"wp","href":"https:\/\/api.w.org\/{rel}","templated":true}]}}