{"id":412606,"date":"2020-11-20T12:40:55","date_gmt":"2020-11-20T11:40:55","guid":{"rendered":"https:\/\/hashtag.al\/?p=412606"},"modified":"2020-11-20T12:45:08","modified_gmt":"2020-11-20T11:45:08","slug":"edi-rama-akuza-e-bashes-e-pashembullt-neser-u-drejtohem-shqiptareve-me-nje-mesazh","status":"publish","type":"post","link":"https:\/\/www.hashtag.al\/index.php\/2020\/11\/20\/edi-rama-akuza-e-bashes-e-pashembullt-neser-u-drejtohem-shqiptareve-me-nje-mesazh\/","title":{"rendered":"Edi Rama: Akuza e Bash\u00ebs e pashembullt, nes\u00ebr u drejtohem shqiptar\u00ebve me nj\u00eb mesazh","gt_translate_keys":[{"key":"rendered","format":"text"}]},"content":{"rendered":"<p><span style=\"color: #000000;\"><a style=\"color: #000000;\" href=\"https:\/\/hashtag.al\/wp-content\/uploads\/2020\/11\/RAMA-1.jpg\"><img loading=\"lazy\" decoding=\"async\" class=\"aligncenter size-full wp-image-410789\" src=\"https:\/\/hashtag.al\/wp-content\/uploads\/2020\/11\/RAMA-1.jpg\" alt=\"\" width=\"833\" height=\"468\" srcset=\"https:\/\/www.hashtag.al\/wp-content\/uploads\/2020\/11\/RAMA-1.jpg 833w, https:\/\/www.hashtag.al\/wp-content\/uploads\/2020\/11\/RAMA-1-300x169.jpg 300w, https:\/\/www.hashtag.al\/wp-content\/uploads\/2020\/11\/RAMA-1-768x431.jpg 768w\" sizes=\"auto, (max-width: 833px) 100vw, 833px\" \/><\/a><\/span><\/p>\n<p><span style=\"color: #000000;\">Kryeministri Edi Rama, ka reaguar lidhur me akuzat e kreut t\u00eb opozit\u00ebs Lulzim Basha, i cili tha mbr\u00ebmjen e kaluar se qeveria po fshihte numrin e v\u00ebrtet\u00eb t\u00eb viktimave nga Covidi.<\/span><\/p>\n<p><span style=\"color: #000000;\">Rama i cil\u00ebson akuzat e rivalit t\u00eb tij \u201ct\u00eb pashembullta\u201d, nd\u00ebrsa thosht\u00eb se lidhur me k\u00ebt\u00eb do t\u2019u drejtohet nes\u00ebr shqiptar\u00ebve me nj\u00eb mesazh t\u00eb drejt\u00ebp\u00ebrdrejt\u00eb.<\/span><\/p>\n<p><span style=\"color: #000000;\">Ai thot\u00eb se shpreh t\u00eb gjith\u00eb solidaritetin dhe mb\u00ebshtetjen e tij ndaj bluzave t\u00eb bardha dhe p\u00ebrulet me mir\u00ebnjohje p\u00ebr mundimin e tyre.<\/span><\/p>\n<p><span style=\"color: #000000;\"><em>\u201cP\u00ebr akuz\u00ebn e pashembullt t\u00eb Lul\u00ebzim Bash\u00ebs, e cila c\u00ebnon drejt\u00ebp\u00ebrdrejt\u00eb integritetin moral e profesional t\u00eb mjek\u00ebve t\u00eb vij\u00ebs s\u00eb zjarrit dhe nxit dhun\u00eb ndaj tyre, do t\u2019u drejtohem nes\u00ebr shqiptar\u00ebve me nj\u00eb mesazh t\u00eb drejt\u00ebp\u00ebrdrejt\u00eb, sepse k\u00ebtu \u00ebsht\u00eb shkuar shum\u00eb shum\u00eb larg, p\u00ebrtej \u00e7do caku t\u00eb politik\u00ebs s\u00eb ul\u00ebt ditore dhe k\u00ebtu nuk \u00ebsht\u00eb m\u00eb fjala thjesht\u00eb p\u00ebr llafet e nj\u00eb aktori t\u00eb pap\u00ebrgjegjsh\u00ebm!<\/em><\/span><br \/>\n<span style=\"color: #000000;\"><em>Sot u shpreh t\u00eb gjith\u00eb solidaritetin dhe mb\u00ebshtetjen time, profesoresh\u00eb Najada \u00c7omos e t\u00eb gjith\u00eb skuadr\u00ebs s\u00eb saj shembullore, duke u p\u00ebrulur me mir\u00ebnjohje p\u00ebrpara st\u00ebrmundimit t\u00eb tyre t\u00eb p\u00ebrditsh\u00ebm prej n\u00ebnt\u00eb muajsh me radh\u00eb, si edhe duke u th\u00ebn\u00eb q\u00eb historia e mjek\u00ebsis\u00eb shqiptare do t\u00eb flas\u00eb p\u00ebr ta kur Lul\u00ebzim Bash\u00ebs e xhagajdur\u00ebve t\u00eb tjer\u00eb t\u00eb bot\u00ebs mizerab\u00ebl t\u00eb shpifjeve e t\u00eb thashethemeve, t\u2019u jet\u00eb harruar emri, nami e nishani!\u201d<\/em>&#8211; shkruan kryeministri.<\/span><\/p>\n<p><span style=\"color: #000000;\">Nd\u00ebrsa ishte i ftuar n\u00eb emisionin \u201cOpinion\u201d, Basha publikoi mbr\u00ebm\u00eb disa t\u00eb dh\u00ebna t\u00eb p\u00ebrpiluara n\u00eb nj\u00eb tabel\u00eb (q\u00eb thoshte se i kishte marr\u00eb nga morgu), t\u00eb cilat sugjeronin se vdekjet nga Covid-19 jan\u00eb 414 m\u00eb shum\u00eb se ato t\u00eb publikuara nga autoritetet deri n\u00eb fund t\u00eb muajit tetor.<\/span><\/p>\n<p><span style=\"color: #000000;\">Basha tha se nga Marsi deri n\u00eb fund t\u00eb Tetorit, n\u00eb spitalet Covid, kan\u00eb humbur jet\u00ebn 923 persona, nd\u00ebrsa jan\u00eb raportuar vet\u00ebm 509.<\/span><\/p>\n","protected":false,"gt_translate_keys":[{"key":"rendered","format":"html"}]},"excerpt":{"rendered":"<p>Kryeministri Edi Rama, ka reaguar lidhur me akuzat e kreut t\u00eb opozit\u00ebs Lulzim Basha, i cili tha mbr\u00ebmjen e kaluar se qeveria po fshihte numrin e v\u00ebrtet\u00eb t\u00eb viktimave nga Covidi. Rama i cil\u00ebson akuzat e rivalit t\u00eb tij \u201ct\u00eb pashembullta\u201d, nd\u00ebrsa thosht\u00eb se lidhur me k\u00ebt\u00eb do t\u2019u drejtohet nes\u00ebr shqiptar\u00ebve me nj\u00eb mesazh [&hellip;]<\/p>\n","protected":false,"gt_translate_keys":[{"key":"rendered","format":"html"}]},"author":30,"featured_media":409614,"comment_status":"open","ping_status":"open","sticky":false,"template":"","format":"standard","meta":{"footnotes":""},"categories":[65,13],"tags":[],"class_list":["post-412606","post","type-post","status-publish","format-standard","has-post-thumbnail","hentry","category-lajme","category-te-fundit"],"gt_translate_keys":[{"key":"link","format":"url"}],"_links":{"self":[{"href":"https:\/\/www.hashtag.al\/index.php\/wp-json\/wp\/v2\/posts\/412606","targetHints":{"allow":["GET"]}}],"collection":[{"href":"https:\/\/www.hashtag.al\/index.php\/wp-json\/wp\/v2\/posts"}],"about":[{"href":"https:\/\/www.hashtag.al\/index.php\/wp-json\/wp\/v2\/types\/post"}],"author":[{"embeddable":true,"href":"https:\/\/www.hashtag.al\/index.php\/wp-json\/wp\/v2\/users\/30"}],"replies":[{"embeddable":true,"href":"https:\/\/www.hashtag.al\/index.php\/wp-json\/wp\/v2\/comments?post=412606"}],"version-history":[{"count":0,"href":"https:\/\/www.hashtag.al\/index.php\/wp-json\/wp\/v2\/posts\/412606\/revisions"}],"wp:featuredmedia":[{"embeddable":true,"href":"https:\/\/www.hashtag.al\/index.php\/wp-json\/wp\/v2\/media\/409614"}],"wp:attachment":[{"href":"https:\/\/www.hashtag.al\/index.php\/wp-json\/wp\/v2\/media?parent=412606"}],"wp:term":[{"taxonomy":"category","embeddable":true,"href":"https:\/\/www.hashtag.al\/index.php\/wp-json\/wp\/v2\/categories?post=412606"},{"taxonomy":"post_tag","embeddable":true,"href":"https:\/\/www.hashtag.al\/index.php\/wp-json\/wp\/v2\/tags?post=412606"}],"curies":[{"name":"wp","href":"https:\/\/api.w.org\/{rel}","templated":true}]}}