{"id":412574,"date":"2020-11-20T11:32:27","date_gmt":"2020-11-20T10:32:27","guid":{"rendered":"https:\/\/hashtag.al\/?p=412574"},"modified":"2020-11-20T11:39:53","modified_gmt":"2020-11-20T10:39:53","slug":"mediet-prane-rames-injorojne-denoncimin-e-bashes-per-numrin-e-viktimave-nga-covidi","status":"publish","type":"post","link":"https:\/\/www.hashtag.al\/index.php\/2020\/11\/20\/mediet-prane-rames-injorojne-denoncimin-e-bashes-per-numrin-e-viktimave-nga-covidi\/","title":{"rendered":"Mediet pran\u00eb Ram\u00ebs injorojn\u00eb denoncimin e Bash\u00ebs p\u00ebr numrin e viktimave nga Covidi","gt_translate_keys":[{"key":"rendered","format":"text"}]},"content":{"rendered":"<p><a href=\"https:\/\/hashtag.al\/wp-content\/uploads\/2020\/11\/WhatsApp-Image-2020-11-19-at-22.34.38-1.jpeg\"><img loading=\"lazy\" decoding=\"async\" class=\"aligncenter size-full wp-image-412575\" src=\"https:\/\/hashtag.al\/wp-content\/uploads\/2020\/11\/WhatsApp-Image-2020-11-19-at-22.34.38-1.jpeg\" alt=\"\" width=\"1280\" height=\"853\" srcset=\"https:\/\/www.hashtag.al\/wp-content\/uploads\/2020\/11\/WhatsApp-Image-2020-11-19-at-22.34.38-1.jpeg 1280w, https:\/\/www.hashtag.al\/wp-content\/uploads\/2020\/11\/WhatsApp-Image-2020-11-19-at-22.34.38-1-300x200.jpeg 300w, https:\/\/www.hashtag.al\/wp-content\/uploads\/2020\/11\/WhatsApp-Image-2020-11-19-at-22.34.38-1-768x512.jpeg 768w, https:\/\/www.hashtag.al\/wp-content\/uploads\/2020\/11\/WhatsApp-Image-2020-11-19-at-22.34.38-1-1024x682.jpeg 1024w\" sizes=\"auto, (max-width: 1280px) 100vw, 1280px\" \/><\/a><\/p>\n<p><span style=\"color: #000000;\">Mbr\u00ebmjen e kaluar, kryetari i PD-s\u00eb Lulzim Basha b\u00ebri nj\u00eb deklarat\u00eb t\u00eb r\u00ebnd\u00eb lidhur me numrin e viktimave nga koronavirusi n\u00eb vendin ton\u00eb.<\/span><\/p>\n<p><span style=\"color: #000000;\">Nd\u00ebrsa ishte i ftuar n\u00eb emisionin \u201cOpinion\u201d, ai publikoi disa t\u00eb dh\u00ebna t\u00eb p\u00ebrpiluara n\u00eb nj\u00eb tabel\u00eb, q\u00eb thoshte se i kishte marr\u00eb nga morgu, sipas t\u00eb cilave sugjerohet se vdekjet nga Covid-19 jan\u00eb 414 m\u00eb shum\u00eb se ato t\u00eb publikuara nga autoritetet deri n\u00eb fund t\u00eb muajit tetor.<\/span><\/p>\n<p><span style=\"color: #000000;\">Basha tha se nga Marsi deri n\u00eb fund t\u00eb Tetorit, n\u00eb spitalet Covid, kan\u00eb humbur jet\u00ebn 923 persona, nd\u00ebrsa jan\u00eb raportuar vet\u00ebm 509.<\/span><\/p>\n<p><a href=\"https:\/\/hashtag.al\/wp-content\/uploads\/2020\/11\/WhatsApp-Image-2020-11-19-at-22.35.36-1.jpeg\"><img loading=\"lazy\" decoding=\"async\" class=\"aligncenter size-full wp-image-412576\" src=\"https:\/\/hashtag.al\/wp-content\/uploads\/2020\/11\/WhatsApp-Image-2020-11-19-at-22.35.36-1.jpeg\" alt=\"\" width=\"1024\" height=\"576\" srcset=\"https:\/\/www.hashtag.al\/wp-content\/uploads\/2020\/11\/WhatsApp-Image-2020-11-19-at-22.35.36-1.jpeg 1024w, https:\/\/www.hashtag.al\/wp-content\/uploads\/2020\/11\/WhatsApp-Image-2020-11-19-at-22.35.36-1-300x169.jpeg 300w, https:\/\/www.hashtag.al\/wp-content\/uploads\/2020\/11\/WhatsApp-Image-2020-11-19-at-22.35.36-1-768x432.jpeg 768w\" sizes=\"auto, (max-width: 1024px) 100vw, 1024px\" \/><\/a><\/p>\n<p><span style=\"color: #000000;\">Pavar\u00ebsisht p\u00ebrmasave t\u00eb r\u00ebnda t\u00eb k\u00ebtyre akuzave q\u00eb kreu i opozit\u00ebs b\u00ebn, mediet pran\u00eb qeveris\u00eb e injoruan dhe nuk e publikuan denoncimin e tij, qoft\u00eb edhe p\u00ebr ta kritikuar.<\/span><\/p>\n<p><span style=\"color: #000000;\">\u201cShqiptarja.com\u201d nuk publikoi mbr\u00ebm\u00eb asnj\u00eb lajm lidhur me k\u00ebt\u00eb, madje as reagimin e kryeministrit Edi Rama. Po k\u00ebshtu edhe \u201cTop Channel\u201d.<\/span><\/p>\n<p><a href=\"https:\/\/hashtag.al\/wp-content\/uploads\/2020\/11\/WhatsApp-Image-2020-11-20-at-11.34.22.jpeg\"><img loading=\"lazy\" decoding=\"async\" class=\"aligncenter size-full wp-image-412581\" src=\"https:\/\/hashtag.al\/wp-content\/uploads\/2020\/11\/WhatsApp-Image-2020-11-20-at-11.34.22.jpeg\" alt=\"\" width=\"720\" height=\"750\" srcset=\"https:\/\/www.hashtag.al\/wp-content\/uploads\/2020\/11\/WhatsApp-Image-2020-11-20-at-11.34.22.jpeg 720w, https:\/\/www.hashtag.al\/wp-content\/uploads\/2020\/11\/WhatsApp-Image-2020-11-20-at-11.34.22-288x300.jpeg 288w\" sizes=\"auto, (max-width: 720px) 100vw, 720px\" \/><\/a><\/p>\n<p><span style=\"color: #000000;\">Nd\u00ebrkoh\u00eb nj\u00eb tjet\u00ebr medie pran\u00eb qeveris\u00eb &#8220;Tirana Post&#8221; e publikoi lajmin vet\u00ebm m\u00eb von\u00eb, pasi kishte nj\u00eb koment nga kryeministri Edi Rama p\u00ebr k\u00ebt\u00eb, i cili nd\u00ebrkoh\u00eb ishte n\u00eb nj\u00eb intervist\u00eb n\u00eb televizionin \u201cNews 24\u201d.<\/span><\/p>\n<p><a href=\"https:\/\/hashtag.al\/wp-content\/uploads\/2020\/11\/WhatsApp-Image-2020-11-20-at-11.34.14.jpeg\"><img loading=\"lazy\" decoding=\"async\" class=\"aligncenter size-full wp-image-412580\" src=\"https:\/\/hashtag.al\/wp-content\/uploads\/2020\/11\/WhatsApp-Image-2020-11-20-at-11.34.14.jpeg\" alt=\"\" width=\"720\" height=\"1235\" srcset=\"https:\/\/www.hashtag.al\/wp-content\/uploads\/2020\/11\/WhatsApp-Image-2020-11-20-at-11.34.14.jpeg 720w, https:\/\/www.hashtag.al\/wp-content\/uploads\/2020\/11\/WhatsApp-Image-2020-11-20-at-11.34.14-175x300.jpeg 175w, https:\/\/www.hashtag.al\/wp-content\/uploads\/2020\/11\/WhatsApp-Image-2020-11-20-at-11.34.14-597x1024.jpeg 597w\" sizes=\"auto, (max-width: 720px) 100vw, 720px\" \/><\/a><\/p>\n<p><span style=\"color: #000000;\">Nd\u00ebrsa gazeta \u201cTema\u201d e publikoi denoncimin e Bash\u00ebs shum\u00eb shkurt, duke e v\u00ebn\u00eb n\u00eb dyshim at\u00eb me shprehje t\u00eb tilla si:<em> \u201cka publikuar disa letra q\u00eb i cil\u00ebson si dokumente\u201d.<\/em> T\u00eb pakt\u00ebn e publikoi.<\/span><\/p>\n<p><span style=\"color: #000000;\">Por paraditen e sotme, edhe pse nuk e kishin raportuar denoncimin mbr\u00ebm\u00eb, t\u00eb nj\u00ebjtat medie u detyruan t\u00eb b\u00ebjn\u00eb nj\u00eb raportim t\u00eb p\u00ebrgjigjes q\u00eb erdhi nga nj\u00eb grup mjek\u00ebsh nga Spitali Infektiv.<\/span><\/p>\n<p><span style=\"color: #000000;\">Shefja e Infektivit Najada \u00c7omo e cila lexoi deklarat\u00ebn e p\u00ebrbashk\u00ebt, u shpreh se bluzat e bardha ishin t\u00eb habitur nga akuzat e kreut t\u00eb opozit\u00ebs, i cili po i c\u00ebnonte profesionalizmin dhe dinjitetin. \u00c7omo e paralajm\u00ebroi kryedemokratin se n\u00ebse do p\u00ebrs\u00ebriste akuzat, ata do t\u2019i k\u00ebrkonin Prokuroris\u00eb nisjen e hetimeve.<strong>\/Hashtag.al<\/strong><\/span><\/p>\n","protected":false,"gt_translate_keys":[{"key":"rendered","format":"html"}]},"excerpt":{"rendered":"<p>Mbr\u00ebmjen e kaluar, kryetari i PD-s\u00eb Lulzim Basha b\u00ebri nj\u00eb deklarat\u00eb t\u00eb r\u00ebnd\u00eb lidhur me numrin e viktimave nga koronavirusi n\u00eb vendin ton\u00eb. Nd\u00ebrsa ishte i ftuar n\u00eb emisionin \u201cOpinion\u201d, ai publikoi disa t\u00eb dh\u00ebna t\u00eb p\u00ebrpiluara n\u00eb nj\u00eb tabel\u00eb, q\u00eb thoshte se i kishte marr\u00eb nga morgu, sipas t\u00eb cilave sugjerohet se vdekjet nga [&hellip;]<\/p>\n","protected":false,"gt_translate_keys":[{"key":"rendered","format":"html"}]},"author":30,"featured_media":412575,"comment_status":"open","ping_status":"open","sticky":false,"template":"","format":"standard","meta":{"footnotes":""},"categories":[65,13],"tags":[],"class_list":["post-412574","post","type-post","status-publish","format-standard","has-post-thumbnail","hentry","category-lajme","category-te-fundit"],"gt_translate_keys":[{"key":"link","format":"url"}],"_links":{"self":[{"href":"https:\/\/www.hashtag.al\/index.php\/wp-json\/wp\/v2\/posts\/412574","targetHints":{"allow":["GET"]}}],"collection":[{"href":"https:\/\/www.hashtag.al\/index.php\/wp-json\/wp\/v2\/posts"}],"about":[{"href":"https:\/\/www.hashtag.al\/index.php\/wp-json\/wp\/v2\/types\/post"}],"author":[{"embeddable":true,"href":"https:\/\/www.hashtag.al\/index.php\/wp-json\/wp\/v2\/users\/30"}],"replies":[{"embeddable":true,"href":"https:\/\/www.hashtag.al\/index.php\/wp-json\/wp\/v2\/comments?post=412574"}],"version-history":[{"count":0,"href":"https:\/\/www.hashtag.al\/index.php\/wp-json\/wp\/v2\/posts\/412574\/revisions"}],"wp:featuredmedia":[{"embeddable":true,"href":"https:\/\/www.hashtag.al\/index.php\/wp-json\/wp\/v2\/media\/412575"}],"wp:attachment":[{"href":"https:\/\/www.hashtag.al\/index.php\/wp-json\/wp\/v2\/media?parent=412574"}],"wp:term":[{"taxonomy":"category","embeddable":true,"href":"https:\/\/www.hashtag.al\/index.php\/wp-json\/wp\/v2\/categories?post=412574"},{"taxonomy":"post_tag","embeddable":true,"href":"https:\/\/www.hashtag.al\/index.php\/wp-json\/wp\/v2\/tags?post=412574"}],"curies":[{"name":"wp","href":"https:\/\/api.w.org\/{rel}","templated":true}]}}