{"id":412555,"date":"2020-11-20T10:18:05","date_gmt":"2020-11-20T09:18:05","guid":{"rendered":"https:\/\/hashtag.al\/?p=412555"},"modified":"2020-11-20T10:36:21","modified_gmt":"2020-11-20T09:36:21","slug":"denoncimi-per-vdekjet-nga-covidi-mjeket-paralajmerojne-bashen-nese-e-perserit-therrasim-prokurorine","status":"publish","type":"post","link":"https:\/\/www.hashtag.al\/index.php\/2020\/11\/20\/denoncimi-per-vdekjet-nga-covidi-mjeket-paralajmerojne-bashen-nese-e-perserit-therrasim-prokurorine\/","title":{"rendered":"Denoncimi p\u00ebr vdekjet nga Covidi, mjek\u00ebt paralajm\u00ebrojn\u00eb Bash\u00ebn: N\u00ebse e p\u00ebrs\u00ebrit th\u00ebrrasim Prokurorin\u00eb","gt_translate_keys":[{"key":"rendered","format":"text"}]},"content":{"rendered":"<p><span style=\"color: #000000;\"><a style=\"color: #000000;\" href=\"https:\/\/hashtag.al\/wp-content\/uploads\/2020\/11\/COMO.jpg\"><img loading=\"lazy\" decoding=\"async\" class=\"aligncenter size-full wp-image-412556\" src=\"https:\/\/hashtag.al\/wp-content\/uploads\/2020\/11\/COMO.jpg\" alt=\"\" width=\"758\" height=\"432\" srcset=\"https:\/\/www.hashtag.al\/wp-content\/uploads\/2020\/11\/COMO.jpg 758w, https:\/\/www.hashtag.al\/wp-content\/uploads\/2020\/11\/COMO-300x171.jpg 300w\" sizes=\"auto, (max-width: 758px) 100vw, 758px\" \/><\/a><\/span><\/p>\n<p><span style=\"color: #000000;\">Mjek\u00ebt t\u00eb cil\u00ebt jan\u00eb n\u00eb vij\u00ebn e par\u00eb t\u00eb luft\u00ebs me Covidin n\u00eb vendin ton\u00eb, kan\u00eb reaguar lidhur me denoncimin e b\u00ebr\u00eb mbr\u00ebmjen e kaluar nga kryedemokrati Lulzim Basha, lidhur me fshehjen e numrit t\u00eb viktimave nga koronavirusi n\u00eb vendin ton\u00eb.<\/span><\/p>\n<p><span style=\"color: #000000;\">Shefja e Infektivit Najada \u00c7omo, lexon nj\u00eb deklarat\u00eb t\u00eb p\u00ebrbashk\u00ebt t\u00eb mjek\u00ebve p\u00ebrpara kamerave, duke th\u00ebn\u00eb se nuk mund ta vendos\u00eb nj\u00eb politikan shkakun e vdekjes s\u00eb nj\u00eb qytetari, por vet\u00ebm mjeku q\u00eb e ka ndjekur at\u00eb.<\/span><\/p>\n<p><span style=\"color: #000000;\">Ajo paralajm\u00ebron kreun e opozit\u00ebs se n\u00ebse akuza t\u00eb tilla do t\u00eb p\u00ebrs\u00ebriten, mjek\u00ebt do k\u00ebrkojn\u00eb nga organet kompetente q\u00eb t\u00eb nisin hetimet.<\/span><\/p>\n<p><span style=\"color: #000000;\"><em>\u201cShprehim publikisht habin\u00eb ton\u00eb n\u00eb lidhje me akuzat e b\u00ebra dje nga kryetari i PD-s\u00eb, zoti Lulzim Basha n\u00eb nj\u00eb emision televiziv. Jan\u00eb akuza trondit\u00ebse q\u00eb v\u00ebn\u00eb n\u00eb goditje profesionalizmin ton\u00eb si mjek\u00eb por jan\u00eb edhe goditje t\u00eb befasishme ndaj p\u00ebrpjekjeve tona m\u00eb shum\u00eb se 9-mujore n\u00eb luft\u00eb me Covid-19.<\/em><\/span><\/p>\n<p><span style=\"color: #000000;\"><em>Nuk duhej kurrsesi t\u00eb arrihej deri k\u00ebtu dhe nuk \u00ebsht\u00eb aspak d\u00ebshira jon\u00eb t\u00eb merremi me deklarata publike.<\/em><\/span><\/p>\n<p><span style=\"color: #000000;\"><em>Por p\u00ebrball\u00eb akuzash t\u00eb tilla e shohim t\u00eb domosdoshme t\u00eb informojm\u00eb opinionin publik si vijon: nuk \u00ebsht\u00eb kurr\u00ebsesi e v\u00ebrtet\u00eb q\u00eb jan\u00eb fshehur vdekje nga Covid-19, dhe e themi me p\u00ebrgjegj\u00ebsi t\u00eb plot\u00eb se kjo \u00ebsht\u00eb jo vet\u00ebm praktikisht por edhe teorikisht e pamundur.<\/em><\/span><\/p>\n<p><span style=\"color: #000000;\"><em>\u00c7do pacient q\u00eb nd\u00ebrron jet\u00eb p\u00ebrcillet p\u00ebr n\u00eb morg bashk\u00eb me kartel\u00ebn shoq\u00ebruese. Kartela shoq\u00ebruese p\u00ebrmban dhe arsyen e vdekjes s\u00eb qytetarit, e cila \u00ebsht\u00eb firmosur dhe vulosur me p\u00ebrgjegj\u00ebsi profesionale e ligjore nga mjeku q\u00eb e ka trajtuar deri n\u00eb momentin e fundit, pik\u00ebrisht nga mjeku q\u00eb ka konstatuar vdekjen e personit.<\/em><\/span><\/p>\n<p><span style=\"color: #000000;\"><em>Shkaku i humbjes s\u00eb nj\u00eb jete n\u00eb spital nuk mund t\u00eb p\u00ebrcaktohet as nga politikan\u00ebt, as nga kushdoqoft\u00eb p\u00ebrve\u00e7 mjekut p\u00ebrkat\u00ebs. Kartel\u00ebn bashk\u00ebshoq\u00ebruese t\u00eb t\u00eb ndjerit nuk e z\u00ebvend\u00ebsojn\u00eb e as nuk e ndryshojn\u00eb dot deklaratat bombastike q\u00eb v\u00ebn\u00eb n\u00eb pik\u00ebpyetje vet\u00eb humanizmin e autor\u00ebve t\u00eb tyre n\u00eb k\u00ebt\u00eb koh\u00eb kaq t\u00eb v\u00ebshtir\u00eb p\u00ebr njer\u00ebzit. Askush nuk mund ta ndryshoj\u00eb dot shkakun e vdekjes dhe jo m\u00eb pastaj nj\u00eb ekip i t\u00ebr\u00eb mjek\u00ebsh, t\u00eb mund t\u00eb parap\u00ebrfytyrohet dhe t\u00eb akuzohet si i p\u00ebrfshir\u00eb n\u00eb nj\u00eb monstruozitet me p\u00ebrmasat e deklaruara.<\/em><\/span><\/p>\n<p><span style=\"color: #000000;\"><em>\u00a0Gjithashtu b\u00ebjm\u00eb me dije se n\u00eb rast se kjo akuz\u00eb do t\u00eb p\u00ebrs\u00ebritet ne do t\u00eb ftojm\u00eb organet kompetente q\u00eb t\u00eb hetojn\u00eb duke b\u00ebr\u00eb verifikimin e \u00e7do kartele mjek\u00ebsore.<\/em><\/span><\/p>\n<p><span style=\"color: #000000;\"><em>Ne nuk do lejojm\u00eb kurrsesi pa adresuar me ballafaqim miq\u00ebsor apo ligjor k\u00ebt\u00eb cenim q\u00eb nab \u00ebhet n\u00eb dinjitetin ton\u00eb njer\u00ebzor dhe profesional. Duhet t\u2019i jepet nj\u00ebher\u00eb e mir\u00eb fund praktik\u00ebs politike dhe mediatike t\u00eb loj\u00ebs me vdekjen q\u00eb ka sjell\u00eb jo pak telashe, n\u00eb 30 vjet n\u00eb jet\u00ebn e bluzave t\u00eb bardha. Kjo dalje jasht\u00eb shinave t\u00eb s\u00eb v\u00ebrtet\u00ebs n\u00eb nj\u00eb koh\u00eb si kjo, jan\u00eb tejet t\u00eb rrezikshme. N\u00eb k\u00ebt\u00eb koh\u00eb t\u00eb v\u00ebshtir\u00eb, kjo \u00ebsht\u00eb gj\u00ebja e fundit q\u00eb do t\u00eb mund t\u00eb na kishte shkuar nd\u00ebrmend, nd\u00ebrkoh\u00eb q\u00eb krejt t\u00eb kund\u00ebrta duhet t\u00eb jen\u00eb mesazhet e figurave publike t\u00eb popullit.\u201d<\/em>,\u00a0lexon deklarat\u00ebn e p\u00ebrbashk\u00ebt mjekja Najada \u00c7omo.<\/span><\/p>\n<p><span style=\"color: #000000;\">Kreu i PD-s\u00eb Lulzim Basha, nd\u00ebrsa ishte i ftuar n\u00eb emisionin \u201cOpinion\u201d mbr\u00ebmjen e kaluar, publikoi disa t\u00eb dh\u00ebna trondit\u00ebse, duke denoncuar se autoritetet po fshehin e numrin e viktimave t\u00eb shkaktuara nga Covid-19.<\/span><\/p>\n<p><span style=\"color: #000000;\">Sipas t\u00eb dh\u00ebnave t\u00eb publikuara n\u00eb nj\u00eb tabel\u00eb nga Basha, pretendohet se vdekjet jan\u00eb 414 m\u00eb shum\u00eb se ato t\u00eb publikuara nga autoritetet deri n\u00eb fund t\u00eb muajit tetor. Ai thoshte se t\u00eb dh\u00ebnat i ka marr\u00eb nga morgu.\/<strong>Hashtag.al<\/strong><\/span><\/p>\n","protected":false,"gt_translate_keys":[{"key":"rendered","format":"html"}]},"excerpt":{"rendered":"<p>Mjek\u00ebt t\u00eb cil\u00ebt jan\u00eb n\u00eb vij\u00ebn e par\u00eb t\u00eb luft\u00ebs me Covidin n\u00eb vendin ton\u00eb, kan\u00eb reaguar lidhur me denoncimin e b\u00ebr\u00eb mbr\u00ebmjen e kaluar nga kryedemokrati Lulzim Basha, lidhur me fshehjen e numrit t\u00eb viktimave nga koronavirusi n\u00eb vendin ton\u00eb. Shefja e Infektivit Najada \u00c7omo, lexon nj\u00eb deklarat\u00eb t\u00eb p\u00ebrbashk\u00ebt t\u00eb mjek\u00ebve p\u00ebrpara kamerave, [&hellip;]<\/p>\n","protected":false,"gt_translate_keys":[{"key":"rendered","format":"html"}]},"author":30,"featured_media":412556,"comment_status":"open","ping_status":"open","sticky":false,"template":"","format":"standard","meta":{"footnotes":""},"categories":[22,65,13],"tags":[],"class_list":["post-412555","post","type-post","status-publish","format-standard","has-post-thumbnail","hentry","category-ballina","category-lajme","category-te-fundit"],"gt_translate_keys":[{"key":"link","format":"url"}],"_links":{"self":[{"href":"https:\/\/www.hashtag.al\/index.php\/wp-json\/wp\/v2\/posts\/412555","targetHints":{"allow":["GET"]}}],"collection":[{"href":"https:\/\/www.hashtag.al\/index.php\/wp-json\/wp\/v2\/posts"}],"about":[{"href":"https:\/\/www.hashtag.al\/index.php\/wp-json\/wp\/v2\/types\/post"}],"author":[{"embeddable":true,"href":"https:\/\/www.hashtag.al\/index.php\/wp-json\/wp\/v2\/users\/30"}],"replies":[{"embeddable":true,"href":"https:\/\/www.hashtag.al\/index.php\/wp-json\/wp\/v2\/comments?post=412555"}],"version-history":[{"count":0,"href":"https:\/\/www.hashtag.al\/index.php\/wp-json\/wp\/v2\/posts\/412555\/revisions"}],"wp:featuredmedia":[{"embeddable":true,"href":"https:\/\/www.hashtag.al\/index.php\/wp-json\/wp\/v2\/media\/412556"}],"wp:attachment":[{"href":"https:\/\/www.hashtag.al\/index.php\/wp-json\/wp\/v2\/media?parent=412555"}],"wp:term":[{"taxonomy":"category","embeddable":true,"href":"https:\/\/www.hashtag.al\/index.php\/wp-json\/wp\/v2\/categories?post=412555"},{"taxonomy":"post_tag","embeddable":true,"href":"https:\/\/www.hashtag.al\/index.php\/wp-json\/wp\/v2\/tags?post=412555"}],"curies":[{"name":"wp","href":"https:\/\/api.w.org\/{rel}","templated":true}]}}