{"id":412463,"date":"2020-11-19T19:15:35","date_gmt":"2020-11-19T18:15:35","guid":{"rendered":"https:\/\/hashtag.al\/?p=412463"},"modified":"2020-11-19T19:15:35","modified_gmt":"2020-11-19T18:15:35","slug":"26-viktima-dhe-1198-te-infektuar-te-rinj-lidhur-me-covid-19-ne-maqedonine-e-veriut","status":"publish","type":"post","link":"https:\/\/www.hashtag.al\/index.php\/2020\/11\/19\/26-viktima-dhe-1198-te-infektuar-te-rinj-lidhur-me-covid-19-ne-maqedonine-e-veriut\/","title":{"rendered":"26 viktima dhe 1198 t\u00eb infektuar t\u00eb rinj lidhur me Covid-19 n\u00eb Maqedonin\u00eb e Veriut","gt_translate_keys":[{"key":"rendered","format":"text"}]},"content":{"rendered":"<p><img loading=\"lazy\" decoding=\"async\" class=\"aligncenter size-full wp-image-383590\" src=\"https:\/\/hashtag.al\/wp-content\/uploads\/2020\/06\/Maqedoni-e-Veriut-1.jpg\" alt=\"\" width=\"917\" height=\"490\" srcset=\"https:\/\/www.hashtag.al\/wp-content\/uploads\/2020\/06\/Maqedoni-e-Veriut-1.jpg 917w, https:\/\/www.hashtag.al\/wp-content\/uploads\/2020\/06\/Maqedoni-e-Veriut-1-300x160.jpg 300w, https:\/\/www.hashtag.al\/wp-content\/uploads\/2020\/06\/Maqedoni-e-Veriut-1-768x410.jpg 768w, https:\/\/www.hashtag.al\/wp-content\/uploads\/2020\/06\/Maqedoni-e-Veriut-1-620x330.jpg 620w\" sizes=\"auto, (max-width: 917px) 100vw, 917px\" \/><\/p>\n<p><span style=\"color: #000000;\">Maqedonia e Veriut edhe t\u00eb enjten ka regjistruar shifra t\u00eb larta t\u00eb t\u00eb vdekurve dhe t\u00eb infektuarve me koronavirusin e ri. Ministria e Sh\u00ebndet\u00ebsis\u00eb n\u00eb Shkup, ka njoftuar p\u00ebr 26 t\u00eb vdekur dhe 1,198 t\u00eb s\u00ebmur\u00eb me COVID-19. Viktimat jan\u00eb; 8 n\u00eb Shkup, 4 n\u00eb Manastir, 3 n\u00eb Oh\u00ebr nga dy n\u00eb Prilep, Tetov\u00eb, Strug\u00eb dhe Veles, kurse nga 1 jan\u00eb regjistruar n\u00eb Kumanov\u00eb dhe Gostivar.<\/span><\/p>\n<p><span style=\"color: #000000;\">N\u00eb mesin e viktimat jan\u00eb edhe tre persona, dy t\u00eb mosh\u00ebs 35 vje\u00e7e dhe nj\u00eb 37 vje\u00e7.<\/span><\/p>\n<p><span style=\"color: #000000;\">Sa i p\u00ebrket t\u00eb infektuarve, n\u00eb Shkup jan\u00eb regjistruar 572 raste, n\u00eb Manastir 92 raste nd\u00ebrsa num\u00ebr m\u00eb i vog\u00ebl n\u00eb 29 qytete t\u00eb tjera.<\/span><\/p>\n<p><span style=\"color: #000000;\">Ministria e Sh\u00ebndet\u00ebsis\u00eb ka raportuar edhe p\u00ebr 621 t\u00eb sh\u00ebruar, 150 prej tyre n\u00eb Shkup.<\/span><\/p>\n<p><span style=\"color: #000000;\">Deri t\u00eb enjten n\u00eb Maqedonin\u00eb e Veriut jan\u00eb testuar mbi 303 mij\u00eb persona dhe prej tyre me COVID-19 jan\u00eb diagnostikuar 51,213 persona, nga t\u00eb cil\u00ebt 1.423 e kan\u00eb humbur jet\u00ebn, 30,204 jan\u00eb sh\u00ebruar nd\u00ebrsa raste aktive jan\u00eb 19.586 persona.<\/span><\/p>\n<p><span style=\"color: #000000;\">K\u00ebshilli i Siguris\u00eb Komb\u00ebtare i ka propozuar qeveris\u00eb shpalljen e gjendjes s\u00eb kriz\u00ebs n\u00eb gjith\u00eb territorin e vendit n\u00eb koh\u00ebzgjatje prej 30 dit\u00ebsh.<\/span><\/p>\n<p><span style=\"color: #000000;\">N\u00ebse vendimi miratohet, n\u00eb p\u00ebrballje me pandemin\u00eb do t\u00eb p\u00ebrfshihen edhe Armata e Maqedonis\u00eb s\u00eb Veriut, nd\u00ebrsa qeveria do t\u00eb mund t\u00eb administroj\u00eb edhe me spitalet private dhe me kapacitetet tjera p\u00ebr p\u00ebrballje sa m\u00eb efikase me koronavirusin e ri q\u00eb shkakton s\u00ebmundjen COVID-19.<\/span><\/p>\n<p><span style=\"color: #000000;\">Kryeministri Zoran Zaev ka th\u00ebn\u00eb se vendimi do t\u00eb miratohet m\u00eb s\u00eb voni deri t\u00eb premten.<\/span><\/p>\n<p><span style=\"color: #000000;\">Zaev ka th\u00ebn\u00eb se gjendja e kriz\u00ebs nuk n\u00ebnkupton edhe or\u00eb policore apo kufizimin e l\u00ebvizje s\u00eb qytetar\u00ebve, por ka b\u00ebr\u00eb thirrje p\u00ebr respektimin e masave q\u00eb jan\u00eb n\u00eb fuqi q\u00eb t\u00eb mos ket\u00eb nevoj\u00eb p\u00ebr aplikimin e kufizimeve t\u00eb reja.<\/span><\/p>\n","protected":false,"gt_translate_keys":[{"key":"rendered","format":"html"}]},"excerpt":{"rendered":"<p>Maqedonia e Veriut edhe t\u00eb enjten ka regjistruar shifra t\u00eb larta t\u00eb t\u00eb vdekurve dhe t\u00eb infektuarve me koronavirusin e ri. Ministria e Sh\u00ebndet\u00ebsis\u00eb n\u00eb Shkup, ka njoftuar p\u00ebr 26 t\u00eb vdekur dhe 1,198 t\u00eb s\u00ebmur\u00eb me COVID-19. Viktimat jan\u00eb; 8 n\u00eb Shkup, 4 n\u00eb Manastir, 3 n\u00eb Oh\u00ebr nga dy n\u00eb Prilep, Tetov\u00eb, Strug\u00eb [&hellip;]<\/p>\n","protected":false,"gt_translate_keys":[{"key":"rendered","format":"html"}]},"author":32,"featured_media":383590,"comment_status":"open","ping_status":"open","sticky":false,"template":"","format":"standard","meta":{"footnotes":""},"categories":[149,13],"tags":[],"class_list":["post-412463","post","type-post","status-publish","format-standard","has-post-thumbnail","hentry","category-kosoverajon","category-te-fundit"],"gt_translate_keys":[{"key":"link","format":"url"}],"_links":{"self":[{"href":"https:\/\/www.hashtag.al\/index.php\/wp-json\/wp\/v2\/posts\/412463","targetHints":{"allow":["GET"]}}],"collection":[{"href":"https:\/\/www.hashtag.al\/index.php\/wp-json\/wp\/v2\/posts"}],"about":[{"href":"https:\/\/www.hashtag.al\/index.php\/wp-json\/wp\/v2\/types\/post"}],"author":[{"embeddable":true,"href":"https:\/\/www.hashtag.al\/index.php\/wp-json\/wp\/v2\/users\/32"}],"replies":[{"embeddable":true,"href":"https:\/\/www.hashtag.al\/index.php\/wp-json\/wp\/v2\/comments?post=412463"}],"version-history":[{"count":0,"href":"https:\/\/www.hashtag.al\/index.php\/wp-json\/wp\/v2\/posts\/412463\/revisions"}],"wp:featuredmedia":[{"embeddable":true,"href":"https:\/\/www.hashtag.al\/index.php\/wp-json\/wp\/v2\/media\/383590"}],"wp:attachment":[{"href":"https:\/\/www.hashtag.al\/index.php\/wp-json\/wp\/v2\/media?parent=412463"}],"wp:term":[{"taxonomy":"category","embeddable":true,"href":"https:\/\/www.hashtag.al\/index.php\/wp-json\/wp\/v2\/categories?post=412463"},{"taxonomy":"post_tag","embeddable":true,"href":"https:\/\/www.hashtag.al\/index.php\/wp-json\/wp\/v2\/tags?post=412463"}],"curies":[{"name":"wp","href":"https:\/\/api.w.org\/{rel}","templated":true}]}}