{"id":412407,"date":"2020-11-19T15:22:05","date_gmt":"2020-11-19T14:22:05","guid":{"rendered":"https:\/\/hashtag.al\/?p=412407"},"modified":"2020-11-19T15:22:05","modified_gmt":"2020-11-19T14:22:05","slug":"akuzohet-per-perdhunimin-e-te-miturit-kapet-47-vjecari-ne-tirane","status":"publish","type":"post","link":"https:\/\/www.hashtag.al\/index.php\/2020\/11\/19\/akuzohet-per-perdhunimin-e-te-miturit-kapet-47-vjecari-ne-tirane\/","title":{"rendered":"Akuzohet p\u00ebr p\u00ebrdhunimin e t\u00eb miturit, kapet 47-vje\u00e7ari n\u00eb Tiran\u00eb","gt_translate_keys":[{"key":"rendered","format":"text"}]},"content":{"rendered":"<p>&nbsp;<\/p>\n<p><img loading=\"lazy\" decoding=\"async\" class=\"aligncenter size-full wp-image-412408\" src=\"https:\/\/hashtag.al\/wp-content\/uploads\/2020\/11\/imitur.jpg\" alt=\"\" width=\"780\" height=\"440\" srcset=\"https:\/\/www.hashtag.al\/wp-content\/uploads\/2020\/11\/imitur.jpg 780w, https:\/\/www.hashtag.al\/wp-content\/uploads\/2020\/11\/imitur-300x169.jpg 300w, https:\/\/www.hashtag.al\/wp-content\/uploads\/2020\/11\/imitur-768x433.jpg 768w\" sizes=\"auto, (max-width: 780px) 100vw, 780px\" \/><\/p>\n<p><span style=\"color: #000000;\">Nj\u00eb 47-vje\u00e7ar \u00ebsht\u00eb arrestuar nga policia pasi ishte shpallur n\u00eb k\u00ebrkim. <\/span><\/p>\n<p><span style=\"color: #000000;\">Personi me iniciale B.M., akuzohet p\u00ebr p\u00ebrdhunimin e nj\u00eb t\u00eb mituri dhe kanosjen e tij p\u00ebr t\u2019i dh\u00ebn\u00eb nj\u00eb shum\u00eb t\u00eb caktuar eurosh. <\/span><\/p>\n<p><span style=\"color: #000000;\">Sipas policis\u00eb, ndaj tij \u00ebsht\u00eb dh\u00ebn\u00eb masa arrest n\u00eb burg, nd\u00ebrsa \u00ebsht\u00eb ndaluar sot.<\/span><\/p>\n<p><span style=\"color: #000000;\"><strong>Njoftimi<\/strong><\/span><\/p>\n<p><span style=\"color: #000000;\"><em>&#8220;N\u00eb vijim t\u00eb pun\u00ebs p\u00ebr kapjen e personave t\u00eb shpallur n\u00eb k\u00ebrkim komb\u00ebtar, nga Sektori i Operacionales, n\u00eb bashk\u00ebpunim me Komisariatin e Policis\u00eb Nr. 4, u b\u00eb kapja dhe ndalimi i shtetasit B. M., 47 vje\u00e7, pasi Gjykata e Posa\u00e7me e Shkall\u00ebs s\u00eb Par\u00eb Kund\u00ebr Korrupsionit dhe Krimit t\u00eb Organizuar Tiran\u00eb i ka caktuar mas\u00ebn e sigurimit personal \u2018Arrest n\u00eb burg\u2019, p\u00ebr veprat penale \u2018Marr\u00ebdh\u00ebnie seksuale ose homoseksuale me dhun\u00eb me t\u00eb mitur\u2019, kryer n\u00eb bashk\u00ebpunim, \u2018Shtr\u00ebngimi me an\u00eb t\u00eb kanosjes ose dhun\u00ebs p\u00ebr dh\u00ebnien e pasuris\u00eb\u2019 dhe \u2018Grupi strukturuar kriminal\u2019.&#8221;<\/em><\/span><\/p>\n","protected":false,"gt_translate_keys":[{"key":"rendered","format":"html"}]},"excerpt":{"rendered":"<p>&nbsp; Nj\u00eb 47-vje\u00e7ar \u00ebsht\u00eb arrestuar nga policia pasi ishte shpallur n\u00eb k\u00ebrkim. Personi me iniciale B.M., akuzohet p\u00ebr p\u00ebrdhunimin e nj\u00eb t\u00eb mituri dhe kanosjen e tij p\u00ebr t\u2019i dh\u00ebn\u00eb nj\u00eb shum\u00eb t\u00eb caktuar eurosh. Sipas policis\u00eb, ndaj tij \u00ebsht\u00eb dh\u00ebn\u00eb masa arrest n\u00eb burg, nd\u00ebrsa \u00ebsht\u00eb ndaluar sot. Njoftimi &#8220;N\u00eb vijim t\u00eb pun\u00ebs p\u00ebr [&hellip;]<\/p>\n","protected":false,"gt_translate_keys":[{"key":"rendered","format":"html"}]},"author":51,"featured_media":412408,"comment_status":"open","ping_status":"open","sticky":false,"template":"","format":"standard","meta":{"footnotes":""},"categories":[65,13],"tags":[],"class_list":["post-412407","post","type-post","status-publish","format-standard","has-post-thumbnail","hentry","category-lajme","category-te-fundit"],"gt_translate_keys":[{"key":"link","format":"url"}],"_links":{"self":[{"href":"https:\/\/www.hashtag.al\/index.php\/wp-json\/wp\/v2\/posts\/412407","targetHints":{"allow":["GET"]}}],"collection":[{"href":"https:\/\/www.hashtag.al\/index.php\/wp-json\/wp\/v2\/posts"}],"about":[{"href":"https:\/\/www.hashtag.al\/index.php\/wp-json\/wp\/v2\/types\/post"}],"author":[{"embeddable":true,"href":"https:\/\/www.hashtag.al\/index.php\/wp-json\/wp\/v2\/users\/51"}],"replies":[{"embeddable":true,"href":"https:\/\/www.hashtag.al\/index.php\/wp-json\/wp\/v2\/comments?post=412407"}],"version-history":[{"count":0,"href":"https:\/\/www.hashtag.al\/index.php\/wp-json\/wp\/v2\/posts\/412407\/revisions"}],"wp:featuredmedia":[{"embeddable":true,"href":"https:\/\/www.hashtag.al\/index.php\/wp-json\/wp\/v2\/media\/412408"}],"wp:attachment":[{"href":"https:\/\/www.hashtag.al\/index.php\/wp-json\/wp\/v2\/media?parent=412407"}],"wp:term":[{"taxonomy":"category","embeddable":true,"href":"https:\/\/www.hashtag.al\/index.php\/wp-json\/wp\/v2\/categories?post=412407"},{"taxonomy":"post_tag","embeddable":true,"href":"https:\/\/www.hashtag.al\/index.php\/wp-json\/wp\/v2\/tags?post=412407"}],"curies":[{"name":"wp","href":"https:\/\/api.w.org\/{rel}","templated":true}]}}