{"id":412400,"date":"2020-11-19T14:20:26","date_gmt":"2020-11-19T13:20:26","guid":{"rendered":"https:\/\/hashtag.al\/?p=412400"},"modified":"2020-11-19T14:20:26","modified_gmt":"2020-11-19T13:20:26","slug":"new-york-times-studimi-zbulon-se-maskat-nuk-i-mbrojne-bartesit-e-tyre-nga-covid-19","status":"publish","type":"post","link":"https:\/\/www.hashtag.al\/index.php\/2020\/11\/19\/new-york-times-studimi-zbulon-se-maskat-nuk-i-mbrojne-bartesit-e-tyre-nga-covid-19\/","title":{"rendered":"New York Times: Studimi zbulon se maskat nuk i mbrojn\u00eb bart\u00ebsit e tyre nga Covid-19","gt_translate_keys":[{"key":"rendered","format":"text"}]},"content":{"rendered":"<p><img loading=\"lazy\" decoding=\"async\" class=\"aligncenter size-full wp-image-412401\" src=\"https:\/\/hashtag.al\/wp-content\/uploads\/2020\/11\/omaska.jpeg\" alt=\"\" width=\"970\" height=\"546\" srcset=\"https:\/\/www.hashtag.al\/wp-content\/uploads\/2020\/11\/omaska.jpeg 970w, https:\/\/www.hashtag.al\/wp-content\/uploads\/2020\/11\/omaska-300x169.jpeg 300w, https:\/\/www.hashtag.al\/wp-content\/uploads\/2020\/11\/omaska-768x432.jpeg 768w\" sizes=\"auto, (max-width: 970px) 100vw, 970px\" \/><\/p>\n<p><span style=\"color: #000000;\">Nj\u00eb studim i ri nga shkenc\u00ebtar\u00ebt danez\u00eb zbuloi se mbajt\u00ebsit e maskave nuk ishin t\u00eb mbrojtur nga infektimi prej Covid-19 m\u00eb shum\u00eb sesa homolog\u00ebt e tyre pa maska, duke kund\u00ebrshtuar konsensusin e zakonsh\u00ebm se maskat ofrojn\u00eb mbrojtje t\u00eb mir\u00eb.<\/span><\/p>\n<p><span style=\"color: #000000;\"><em>&#8220;Studiuesit n\u00eb Danimark\u00eb raportuan t\u00eb m\u00ebrkur\u00ebn se maskat kirurgjikale nuk mbronin p\u00ebrdoruesit nga infeksioni me koronavirus n\u00eb nj\u00eb prov\u00eb t\u00eb madhe klinike t\u00eb kryer.&#8221;<\/em> &#8211; raportoi t\u00eb m\u00ebrkur\u00ebn, \u2018The New York Times\u2019.<\/span><\/p>\n<p><span style=\"color: #000000;\">\u2018Times\u2019 vuri n\u00eb dukje se studimi, botuar n\u00eb \u2018Annals of Internal Medicine\u2019, \u2018nuk kund\u00ebrshtonte provat n\u00eb rritje q\u00eb maskat mund t\u00eb parandalojn\u00eb transmetimin e virusit nga p\u00ebrdoruesit te t\u00eb tjer\u00ebt\u2019, megjith\u00ebse \u2018p\u00ebrfundimi i tij \u00ebsht\u00eb n\u00eb kund\u00ebrshtim me pik\u00ebpamjen se maskat gjithashtu i mbrojn\u00eb bart\u00ebsit e tyre\u2019.<\/span><\/p>\n<p><span style=\"color: #000000;\">Studimi p\u00ebrb\u00ebhej nga 4,862 pjes\u00ebmarr\u00ebs gjithsej; rreth gjysm\u00ebs iu dha udh\u00ebzimi p\u00ebr t\u00eb mbajtur maska \u200b\u200bn\u00eb publik dhe gjysm\u00ebs tjet\u00ebr iu tha q\u00eb t\u00eb mos e mbajn\u00eb, citon <span style=\"color: #0000ff;\"><a style=\"color: #0000ff;\" href=\"https:\/\/www.dailywire.com\/news\/nyt-study-finds-that-masks-do-not-protect-wearers\">Dailywire<\/a><\/span>, New York Times-in.<\/span><\/p>\n<p><span style=\"color: #000000;\">P\u00ebrmes testimit t\u00eb antitrupave, u zbulua se Covid-19 ndodhi n\u00eb 42 pjes\u00ebmarr\u00ebs (1.8%) t\u00eb cil\u00ebt kishin maska \u200b\u200bdhe n\u00eb 53 pjes\u00ebmarr\u00ebs (2.1%) t\u00eb cil\u00ebt nuk kishin maska.<\/span><\/p>\n<p><span style=\"color: #000000;\">Studiuesit arrit\u00ebn n\u00eb p\u00ebrfundimin se ndryshimi midis grupeve ishte statistikisht i par\u00ebnd\u00ebsish\u00ebm.<\/span><\/p>\n<p><span style=\"color: #000000;\"><em>&#8220;Studimi yn\u00eb jep nj\u00eb tregues se sa fitoni nga mbajtja e nj\u00eb maske.&#8221;<\/em> &#8211; tha autori kryesor i studimit, Dr. Henning Bundgaard.<\/span><\/p>\n<p><span style=\"color: #000000;\"><em>&#8220;Jo shum\u00eb.&#8221;<\/em> \u2013 shtoi ai.<\/span><\/p>\n<p><span style=\"color: #000000;\">Dr. Christine Laine, kryeredaktore e revist\u00ebs ku u botua studiumi, vuri n\u00eb dukje se studimi n\u00ebnvizon se maskat \u2018nuk jan\u00eb nj\u00eb arm\u00eb magjike\u2019.<\/span><\/p>\n<p><span style=\"color: #000000;\"><em>&#8220;Ka njer\u00ebz q\u00eb thon\u00eb; \u201cUn\u00eb jam mir\u00eb, un\u00eb kam v\u00ebn\u00eb mask\u00eb. Ata duhet t\u00eb kuptojn\u00eb se nuk jan\u00eb t\u00eb papreksh\u00ebm nga infeksioni.&#8221;<\/em> &#8211; theksoi ajo.<\/span><\/p>\n<p><span style=\"color: #000000;\"><em>&#8220;P\u00ebrfundimi i studimit bie ndesh me hulumtime t\u00eb tjera q\u00eb sugjerojn\u00eb q\u00eb maskat e mbrojn\u00eb mbajt\u00ebsin.&#8221;<\/em> &#8211; theksoi \u2018Times\u2019.<\/span><\/p>\n","protected":false,"gt_translate_keys":[{"key":"rendered","format":"html"}]},"excerpt":{"rendered":"<p>Nj\u00eb studim i ri nga shkenc\u00ebtar\u00ebt danez\u00eb zbuloi se mbajt\u00ebsit e maskave nuk ishin t\u00eb mbrojtur nga infektimi prej Covid-19 m\u00eb shum\u00eb sesa homolog\u00ebt e tyre pa maska, duke kund\u00ebrshtuar konsensusin e zakonsh\u00ebm se maskat ofrojn\u00eb mbrojtje t\u00eb mir\u00eb. &#8220;Studiuesit n\u00eb Danimark\u00eb raportuan t\u00eb m\u00ebrkur\u00ebn se maskat kirurgjikale nuk mbronin p\u00ebrdoruesit nga infeksioni me koronavirus [&hellip;]<\/p>\n","protected":false,"gt_translate_keys":[{"key":"rendered","format":"html"}]},"author":51,"featured_media":412401,"comment_status":"open","ping_status":"open","sticky":false,"template":"","format":"standard","meta":{"footnotes":""},"categories":[53],"tags":[],"class_list":["post-412400","post","type-post","status-publish","format-standard","has-post-thumbnail","hentry","category-fast-foodi"],"gt_translate_keys":[{"key":"link","format":"url"}],"_links":{"self":[{"href":"https:\/\/www.hashtag.al\/index.php\/wp-json\/wp\/v2\/posts\/412400","targetHints":{"allow":["GET"]}}],"collection":[{"href":"https:\/\/www.hashtag.al\/index.php\/wp-json\/wp\/v2\/posts"}],"about":[{"href":"https:\/\/www.hashtag.al\/index.php\/wp-json\/wp\/v2\/types\/post"}],"author":[{"embeddable":true,"href":"https:\/\/www.hashtag.al\/index.php\/wp-json\/wp\/v2\/users\/51"}],"replies":[{"embeddable":true,"href":"https:\/\/www.hashtag.al\/index.php\/wp-json\/wp\/v2\/comments?post=412400"}],"version-history":[{"count":0,"href":"https:\/\/www.hashtag.al\/index.php\/wp-json\/wp\/v2\/posts\/412400\/revisions"}],"wp:featuredmedia":[{"embeddable":true,"href":"https:\/\/www.hashtag.al\/index.php\/wp-json\/wp\/v2\/media\/412401"}],"wp:attachment":[{"href":"https:\/\/www.hashtag.al\/index.php\/wp-json\/wp\/v2\/media?parent=412400"}],"wp:term":[{"taxonomy":"category","embeddable":true,"href":"https:\/\/www.hashtag.al\/index.php\/wp-json\/wp\/v2\/categories?post=412400"},{"taxonomy":"post_tag","embeddable":true,"href":"https:\/\/www.hashtag.al\/index.php\/wp-json\/wp\/v2\/tags?post=412400"}],"curies":[{"name":"wp","href":"https:\/\/api.w.org\/{rel}","templated":true}]}}