{"id":412314,"date":"2020-11-19T09:56:47","date_gmt":"2020-11-19T08:56:47","guid":{"rendered":"https:\/\/hashtag.al\/?p=412314"},"modified":"2020-11-19T10:07:57","modified_gmt":"2020-11-19T09:07:57","slug":"andi-lila-u-perzu-nga-fusha-e-sportit-reagon-basha-e-turpshme-dhe-kriminale","status":"publish","type":"post","link":"https:\/\/www.hashtag.al\/index.php\/2020\/11\/19\/andi-lila-u-perzu-nga-fusha-e-sportit-reagon-basha-e-turpshme-dhe-kriminale\/","title":{"rendered":"Andi Lila u p\u00ebrzu nga fusha e sportit, reagon Basha: E turpshme dhe kriminale","gt_translate_keys":[{"key":"rendered","format":"text"}]},"content":{"rendered":"<p><a href=\"https:\/\/hashtag.al\/wp-content\/uploads\/2020\/11\/ANDI-LILa.jpg\"><img loading=\"lazy\" decoding=\"async\" class=\"aligncenter size-full wp-image-412318\" src=\"https:\/\/hashtag.al\/wp-content\/uploads\/2020\/11\/ANDI-LILa.jpg\" alt=\"\" width=\"3264\" height=\"1632\" srcset=\"https:\/\/www.hashtag.al\/wp-content\/uploads\/2020\/11\/ANDI-LILa.jpg 3264w, https:\/\/www.hashtag.al\/wp-content\/uploads\/2020\/11\/ANDI-LILa-300x150.jpg 300w, https:\/\/www.hashtag.al\/wp-content\/uploads\/2020\/11\/ANDI-LILa-768x384.jpg 768w, https:\/\/www.hashtag.al\/wp-content\/uploads\/2020\/11\/ANDI-LILa-1024x512.jpg 1024w\" sizes=\"auto, (max-width: 3264px) 100vw, 3264px\" \/><\/a><\/p>\n<p><span style=\"color: #000000;\">Kryetari i PD-s\u00eb Lulzim Basha ka reaguar pas incidentit q\u00eb i ndodhi ish-futbollistit t\u00eb Komb\u00ebtares Andi Lila, i cili u p\u00ebrzu nga fusha e sportit n\u00eb Kavaj\u00eb, nd\u00ebrkoh\u00eb q\u00eb jepte nj\u00eb intervist\u00eb.<\/span><\/p>\n<p><span style=\"color: #000000;\">Basha thot\u00eb se ka biseduar me Lil\u00ebn p\u00ebrmes telefonit. Ai thot\u00eb se Lila \u00ebsht\u00eb p\u00ebrz\u00ebn\u00eb nga fusha e futbollit n\u00eb qytetin e tij t\u00eb lindjes, vet\u00ebm p\u00ebr shkak se ai \u00ebsht\u00eb nj\u00eb nga kandidat\u00ebt e propozuar p\u00ebr deputet nga demokrat\u00ebt.<\/span><\/p>\n<p><em><span style=\"color: #000000;\">\u201cKjo \u00ebsht\u00eb e turpshme dhe kriminale!<\/span><\/em><\/p>\n<p><em><span style=\"color: #000000;\">Sapo p\u00ebrfundova nj\u00eb telefonat\u00eb me Andi Lil\u00ebn, nj\u00eb nga yjet e futbollit shqiptar, t\u00eb cilit policia i k\u00ebrkoi t\u00eb largohej nga fusha e futbollit n\u00eb qytetin e tij t\u00eb lindjes n\u00eb Kavaj\u00eb, nd\u00ebrkoh\u00eb q\u00eb jepte nj\u00eb intervist\u00eb p\u00ebr media. Kjo vet\u00ebm p\u00ebr faktin se Lila \u00ebsht\u00eb nj\u00eb nga kandidat\u00ebt p\u00ebr deputet\u00eb propozuar nga PD Kavaj\u00eb!<\/span><\/em><\/p>\n<p><span style=\"color: #000000;\"><em>Kjo duhet t\u00eb marr\u00eb fund! Askush nuk do t\u00eb na mbyll\u00eb goj\u00ebn! N\u00eb demokraci \u00e7dokush ka t\u00eb drejt\u00eb t\u00eb thot\u00eb \u00e7far\u00eb t\u00eb doj\u00eb. Ne do ta mbrojm\u00eb me forc\u00eb k\u00ebt\u00eb t\u00eb drejt\u00eb t\u00eb fituar me sakrifica dhe nuk do lejojm\u00eb q\u00eb Shqip\u00ebria t\u00eb kthehet s\u00ebrish n\u00eb diktatur\u00eb.\u201d<\/em>&#8211; shkruan Basha.<\/span><\/p>\n<p><span style=\"color: #000000;\">Ish-futbollisti i Komb\u00ebtares Andi Lila \u00ebsht\u00eb \u00ebsht\u00eb p\u00ebrballur nj\u00eb dit\u00eb m\u00eb par\u00eb me nj\u00eb situat\u00eb t\u00eb pazakont\u00eb gjat\u00eb koh\u00ebs kur po jepte intervist\u00eb p\u00ebr \u201cNews 24\u201d, n\u00eb fush\u00ebn e vjet\u00ebr t\u00eb sportit n\u00eb Kavaj\u00eb.<\/span><\/p>\n<p><span style=\"color: #000000;\">Nj\u00eb punonj\u00ebs i bashkis\u00eb dhe polici bashkiak i kan\u00eb k\u00ebrkuar Lil\u00ebs t\u00eb largohet nga ambjentet sportive kur po jepte intervist\u00eb. Punonj\u00ebsi i Bashkis\u00eb i thoshte Lil\u00ebs se p\u00ebrz\u00ebnia nga fusha sportive vjen p\u00ebr shkak t\u00eb politik\u00ebs.<\/span><\/p>\n<p><iframe loading=\"lazy\" title=\"N\u00eb listat e kandidat\u00ebve t\u00eb PD,Andi Lila p\u00ebrzihet nga stadiumi i Kavaj\u00ebs gjat\u00eb intervist\u00ebs p\u00ebr News24\" width=\"1170\" height=\"658\" src=\"https:\/\/www.youtube.com\/embed\/PojPMF21Nto?feature=oembed\" frameborder=\"0\" allow=\"accelerometer; autoplay; clipboard-write; encrypted-media; gyroscope; picture-in-picture\" allowfullscreen><\/iframe><\/p>\n","protected":false,"gt_translate_keys":[{"key":"rendered","format":"html"}]},"excerpt":{"rendered":"<p>Kryetari i PD-s\u00eb Lulzim Basha ka reaguar pas incidentit q\u00eb i ndodhi ish-futbollistit t\u00eb Komb\u00ebtares Andi Lila, i cili u p\u00ebrzu nga fusha e sportit n\u00eb Kavaj\u00eb, nd\u00ebrkoh\u00eb q\u00eb jepte nj\u00eb intervist\u00eb. Basha thot\u00eb se ka biseduar me Lil\u00ebn p\u00ebrmes telefonit. Ai thot\u00eb se Lila \u00ebsht\u00eb p\u00ebrz\u00ebn\u00eb nga fusha e futbollit n\u00eb qytetin e tij [&hellip;]<\/p>\n","protected":false,"gt_translate_keys":[{"key":"rendered","format":"html"}]},"author":30,"featured_media":412318,"comment_status":"open","ping_status":"open","sticky":false,"template":"","format":"standard","meta":{"footnotes":""},"categories":[65,13],"tags":[],"class_list":["post-412314","post","type-post","status-publish","format-standard","has-post-thumbnail","hentry","category-lajme","category-te-fundit"],"gt_translate_keys":[{"key":"link","format":"url"}],"_links":{"self":[{"href":"https:\/\/www.hashtag.al\/index.php\/wp-json\/wp\/v2\/posts\/412314","targetHints":{"allow":["GET"]}}],"collection":[{"href":"https:\/\/www.hashtag.al\/index.php\/wp-json\/wp\/v2\/posts"}],"about":[{"href":"https:\/\/www.hashtag.al\/index.php\/wp-json\/wp\/v2\/types\/post"}],"author":[{"embeddable":true,"href":"https:\/\/www.hashtag.al\/index.php\/wp-json\/wp\/v2\/users\/30"}],"replies":[{"embeddable":true,"href":"https:\/\/www.hashtag.al\/index.php\/wp-json\/wp\/v2\/comments?post=412314"}],"version-history":[{"count":0,"href":"https:\/\/www.hashtag.al\/index.php\/wp-json\/wp\/v2\/posts\/412314\/revisions"}],"wp:featuredmedia":[{"embeddable":true,"href":"https:\/\/www.hashtag.al\/index.php\/wp-json\/wp\/v2\/media\/412318"}],"wp:attachment":[{"href":"https:\/\/www.hashtag.al\/index.php\/wp-json\/wp\/v2\/media?parent=412314"}],"wp:term":[{"taxonomy":"category","embeddable":true,"href":"https:\/\/www.hashtag.al\/index.php\/wp-json\/wp\/v2\/categories?post=412314"},{"taxonomy":"post_tag","embeddable":true,"href":"https:\/\/www.hashtag.al\/index.php\/wp-json\/wp\/v2\/tags?post=412314"}],"curies":[{"name":"wp","href":"https:\/\/api.w.org\/{rel}","templated":true}]}}