{"id":412239,"date":"2020-11-18T20:53:36","date_gmt":"2020-11-18T19:53:36","guid":{"rendered":"https:\/\/hashtag.al\/?p=412239"},"modified":"2020-11-18T20:53:36","modified_gmt":"2020-11-18T19:53:36","slug":"eshte-politike-andi-lila-po-jepte-interviste-perzihet-nga-punonjesit-e-bashkise-kavaje-video","status":"publish","type":"post","link":"https:\/\/www.hashtag.al\/index.php\/2020\/11\/18\/eshte-politike-andi-lila-po-jepte-interviste-perzihet-nga-punonjesit-e-bashkise-kavaje-video\/","title":{"rendered":"\u201c\u00cbsht\u00eb politike\u201d-Andi Lila po jepte intervist\u00eb, p\u00ebrzihet nga punonj\u00ebsit e bashkis\u00eb Kavaj\u00eb (Video)","gt_translate_keys":[{"key":"rendered","format":"text"}]},"content":{"rendered":"<p><img loading=\"lazy\" decoding=\"async\" class=\"aligncenter size-full wp-image-412240\" src=\"https:\/\/hashtag.al\/wp-content\/uploads\/2020\/11\/Andi-Lila-2.png\" alt=\"\" width=\"751\" height=\"420\" srcset=\"https:\/\/www.hashtag.al\/wp-content\/uploads\/2020\/11\/Andi-Lila-2.png 751w, https:\/\/www.hashtag.al\/wp-content\/uploads\/2020\/11\/Andi-Lila-2-300x168.png 300w\" sizes=\"auto, (max-width: 751px) 100vw, 751px\" \/><\/p>\n<p><span style=\"color: #000000;\">Ish-futbollisti i Komb\u00ebtares Andi Lila \u00ebsht\u00eb p\u00ebrballur me nj\u00eb situat\u00eb t\u00eb pazakont\u00eb gjat\u00eb koh\u00ebs kur po jepte intervist\u00eb p\u00ebr News 24 n\u00eb fush\u00ebn e vjet\u00ebr t\u00eb sportit t\u00eb n\u00eb Kavaj\u00eb.<\/span><\/p>\n<p><span style=\"color: #000000;\">Nj\u00eb punonj\u00ebs i Bashkis\u00eb dhe polici bashkiak i kan\u00eb k\u00ebrkuar Lil\u00ebs t\u00eb largohet nga ambjentet sportive kur po jetpe intervist\u00eb.<\/span><\/p>\n<p><span style=\"color: #000000;\">Punonj\u00ebsi i Bashkis\u00eb i thot\u00eb Lil\u00ebs se p\u00ebrz\u00ebnia nga fusha sportive vjen p\u00ebr shkak t\u00eb politik\u00ebs.<\/span><\/p>\n<p><span style=\"color: #000000;\">Lila \u00ebsht\u00eb n\u00eb listat p\u00ebr kandidat p\u00ebr deputet n\u00eb radh\u00ebt e Partis\u00eb Demokratike n\u00eb qarkun e Tiran\u00ebs. Nd\u00ebrsa n\u00eb krye t\u00eb Bashkis\u00eb s\u00eb Kavaj\u00eb \u00ebsht\u00eb Redjan Krali nga Partia Socialiste.<\/span><\/p>\n<p><span style=\"color: #000000;\"><strong>Debati:<\/strong><\/span><\/p>\n<p><span style=\"color: #000000;\"><strong>Punonj\u00ebsi:<\/strong> Ke pun\u00eb shum\u00eb?<\/span><\/p>\n<p><span style=\"color: #000000;\"><strong>Lila:<\/strong> Ja mbaruam.<\/span><\/p>\n<p><span style=\"color: #000000;\"><strong>Punonj\u00ebsi:<\/strong> Se na b\u00ebn\u00eb me llafe.<\/span><\/p>\n<p><span style=\"color: #000000;\"><strong>Lila<\/strong>: Kush b\u00ebri llafe?<\/span><\/p>\n<p><span style=\"color: #000000;\"><strong>Punonj\u00ebsi<\/strong>: Na b\u00ebn\u00eb me llafe. Sikur se di si funksionon, h\u00eb pra mo.<\/span><\/p>\n<p><span style=\"color: #000000;\"><strong>Lila<\/strong>: Nuk e di, kush b\u00ebri llafe.<\/span><\/p>\n<p><span style=\"color: #000000;\"><strong>Punonj\u00ebsi:<\/strong> P\u00ebr Zotin na b\u00ebn me llafe. Un\u00eb kastile kam ardhur, s\u2019kam \u00e7far\u00eb t\u00eb b\u00ebj ty por na b\u00ebn me llafe. K\u00ebshtu q\u00eb po pate p\u00ebr t\u00eb mbaruar\u2026<\/span><\/p>\n<p><span style=\"color: #000000;\"><strong>Lila:<\/strong> O Aldo un\u00eb k\u00ebtu e kam b\u00ebr\u00eb me djers\u00eb e gjak, k\u00ebshtu q\u00eb ata t\u00eb kan\u00eb th\u00ebn\u00eb ty\u2026\u00cbsht\u00eb fusha ime.<\/span><\/p>\n<p><span style=\"color: #000000;\"><strong>Punonj\u00ebsi:<\/strong> \u00cbsht\u00eb muhabet politik, po t\u00eb vij si v\u00eblla, mos na v\u00ebr n\u00eb siklet, ti tani m\u00eb kupton. Edhe ty po t\u00eb thon\u00eb\u2026<\/span><\/p>\n<p><span style=\"color: #000000;\"><strong>Lila:<\/strong> Kush t\u00eb ka th\u00ebn\u00eb? T\u00eb ka th\u00ebn\u00eb kryetari i bashkis\u00eb?<\/span><\/p>\n<p><span style=\"color: #000000;\"><strong>Punonj\u00ebsi<\/strong>: Po m\u00eb v\u00eb n\u00eb siklet. T\u00eb kam lajm\u00ebru un\u00eb o vlla.<\/span><\/p>\n<p><span style=\"color: #000000;\"><strong>Lila:<\/strong> Ti \u00e7far\u00eb je?<\/span><\/p>\n<p><span style=\"color: #000000;\"><strong>Punonj\u00ebsi:<\/strong> Drejtori i sporteve. Policin\u00eb bashkiake un\u00eb e kam lajm\u00ebruar v\u00eblla?<\/span><\/p>\n<p><span style=\"color: #000000;\"><strong>Polici bashkiak:<\/strong> Jo, jo.<\/span><\/p>\n<p><span style=\"color: #000000;\"><strong>Lila:<\/strong> Kush e ka lajm\u00ebruar.<\/span><\/p>\n<p><span style=\"color: #000000;\"><strong>Polici bashkiak:<\/strong> Komandanti.<\/span><\/p>\n<p><span style=\"color: #000000;\"><strong>Punonj\u00ebsi:<\/strong> P\u00ebr Zotin nuk e kam lajm\u00ebruar un\u00eb, p\u00ebr kok\u00eb t\u00eb familjes.<\/span><\/p>\n<p><span style=\"color: #000000;\"><strong>Lila:<\/strong> Komandanti? Q\u00eb t\u00eb nxirrni Andi Lil\u00ebn p\u00ebrjasht\u00eb.<\/span><\/p>\n<p><span style=\"color: #000000;\"><strong>Punonj\u00ebsi:<\/strong> P\u00ebr Zotin na v\u00eb n\u00eb siklet, na v\u00eb n\u00eb siklet, p\u00ebr kok\u00eb t\u00eb familjes se mu s\u2019po m\u00eb bi mendja. S\u2019po kandidoj un\u00eb p\u00ebr kryetar bashkie, as p\u00ebr deputet. P\u00ebr Zotin 10 vet\u00eb m\u00eb kan\u00eb marr\u00eb n\u00eb telefon.<\/span><\/p>\n<p><span style=\"color: #000000;\"><strong>Lila:<\/strong> Mbaruam!<\/span><\/p>\n<p><span style=\"color: #000000;\"><strong>Punonj\u00ebsi:<\/strong> Me siklet t\u00eb madh vallahi, po m\u00eb dridhet z\u00ebri.<\/span><\/p>\n<p><span style=\"color: #000000;\"><strong>Nj\u00eb tjet\u00ebr:<\/strong> Siklet se ikim prej pune\u2026<\/span><\/p>\n<p><span style=\"color: #000000;\"><strong>Lila:<\/strong> T\u00eb kuptoj shum\u00eb mir\u00eb.<\/span><\/p>\n<p><span style=\"color: #000000;\"><strong>Punonj\u00ebsi:<\/strong> O vlla jan\u00eb ca gj\u00ebra, \u00ebsht\u00eb politike, nuk \u00ebsht\u00eb problemi q\u00eb \u00ebsht\u00eb sport. Po t\u00eb jet\u00eb sport, \u00ebsht\u00eb sport. Andi nuk ka pun\u00eb sepse \u00ebsht\u00eb politik\u00eb, n\u00eb krah t\u00eb kund\u00ebrt me ne. Ky \u00ebsht\u00eb gjith\u00eb muhabeti q\u00eb \u00ebsht\u00eb folur, \u00e7far\u00eb t\u00eb them un\u00eb?! Ka m\u00eb shqip?! P\u00ebr Zotin kjo \u00ebsht\u00eb.<\/span><\/p>\n<p><span style=\"color: #000000;\"><strong>Lila<\/strong>: Pyeti nj\u00ebher\u00eb vlla n\u00eb Kavaj\u00eb t\u00eb vij\u00eb m\u00eb Andi Lila apo jo? Po \u00e7a jan\u00eb k\u00ebto injoranca.<\/span><\/p>\n<p><span style=\"color: #000000;\"><strong>Punonj\u00ebsi:<\/strong> \u00c7far\u00eb t\u00eb them un\u00eb. Mua k\u00ebshtu m\u00eb than\u00eb.<\/span><\/p>\n<p><iframe loading=\"lazy\" src=\"https:\/\/www.youtube.com\/embed\/PojPMF21Nto\" width=\"637\" height=\"360\" frameborder=\"0\" allowfullscreen=\"allowfullscreen\"><\/iframe><\/p>\n","protected":false,"gt_translate_keys":[{"key":"rendered","format":"html"}]},"excerpt":{"rendered":"<p>Ish-futbollisti i Komb\u00ebtares Andi Lila \u00ebsht\u00eb p\u00ebrballur me nj\u00eb situat\u00eb t\u00eb pazakont\u00eb gjat\u00eb koh\u00ebs kur po jepte intervist\u00eb p\u00ebr News 24 n\u00eb fush\u00ebn e vjet\u00ebr t\u00eb sportit t\u00eb n\u00eb Kavaj\u00eb. Nj\u00eb punonj\u00ebs i Bashkis\u00eb dhe polici bashkiak i kan\u00eb k\u00ebrkuar Lil\u00ebs t\u00eb largohet nga ambjentet sportive kur po jetpe intervist\u00eb. Punonj\u00ebsi i Bashkis\u00eb i thot\u00eb [&hellip;]<\/p>\n","protected":false,"gt_translate_keys":[{"key":"rendered","format":"html"}]},"author":32,"featured_media":412240,"comment_status":"open","ping_status":"open","sticky":false,"template":"","format":"standard","meta":{"footnotes":""},"categories":[65,13],"tags":[],"class_list":["post-412239","post","type-post","status-publish","format-standard","has-post-thumbnail","hentry","category-lajme","category-te-fundit"],"gt_translate_keys":[{"key":"link","format":"url"}],"_links":{"self":[{"href":"https:\/\/www.hashtag.al\/index.php\/wp-json\/wp\/v2\/posts\/412239","targetHints":{"allow":["GET"]}}],"collection":[{"href":"https:\/\/www.hashtag.al\/index.php\/wp-json\/wp\/v2\/posts"}],"about":[{"href":"https:\/\/www.hashtag.al\/index.php\/wp-json\/wp\/v2\/types\/post"}],"author":[{"embeddable":true,"href":"https:\/\/www.hashtag.al\/index.php\/wp-json\/wp\/v2\/users\/32"}],"replies":[{"embeddable":true,"href":"https:\/\/www.hashtag.al\/index.php\/wp-json\/wp\/v2\/comments?post=412239"}],"version-history":[{"count":0,"href":"https:\/\/www.hashtag.al\/index.php\/wp-json\/wp\/v2\/posts\/412239\/revisions"}],"wp:featuredmedia":[{"embeddable":true,"href":"https:\/\/www.hashtag.al\/index.php\/wp-json\/wp\/v2\/media\/412240"}],"wp:attachment":[{"href":"https:\/\/www.hashtag.al\/index.php\/wp-json\/wp\/v2\/media?parent=412239"}],"wp:term":[{"taxonomy":"category","embeddable":true,"href":"https:\/\/www.hashtag.al\/index.php\/wp-json\/wp\/v2\/categories?post=412239"},{"taxonomy":"post_tag","embeddable":true,"href":"https:\/\/www.hashtag.al\/index.php\/wp-json\/wp\/v2\/tags?post=412239"}],"curies":[{"name":"wp","href":"https:\/\/api.w.org\/{rel}","templated":true}]}}