{"id":411679,"date":"2020-11-16T09:06:46","date_gmt":"2020-11-16T08:06:46","guid":{"rendered":"https:\/\/hashtag.al\/?p=411679"},"modified":"2020-11-16T09:26:26","modified_gmt":"2020-11-16T08:26:26","slug":"obama-keshillon-trumpin-prano-humbjen-po-dobeson-shba-ne-ne-syte-e-kundershtareve","status":"publish","type":"post","link":"https:\/\/www.hashtag.al\/index.php\/2020\/11\/16\/obama-keshillon-trumpin-prano-humbjen-po-dobeson-shba-ne-ne-syte-e-kundershtareve\/","title":{"rendered":"Obama k\u00ebshillon Trumpin: Prano humbjen, po dob\u00ebson SHBA-n\u00eb n\u00eb syt\u00eb e kund\u00ebrshtar\u00ebve","gt_translate_keys":[{"key":"rendered","format":"text"}]},"content":{"rendered":"<p><a href=\"https:\/\/hashtag.al\/wp-content\/uploads\/2020\/11\/obama.jpg\"><img loading=\"lazy\" decoding=\"async\" class=\"aligncenter size-full wp-image-411680\" src=\"https:\/\/hashtag.al\/wp-content\/uploads\/2020\/11\/obama.jpg\" alt=\"\" width=\"1200\" height=\"800\" srcset=\"https:\/\/www.hashtag.al\/wp-content\/uploads\/2020\/11\/obama.jpg 1200w, https:\/\/www.hashtag.al\/wp-content\/uploads\/2020\/11\/obama-300x200.jpg 300w, https:\/\/www.hashtag.al\/wp-content\/uploads\/2020\/11\/obama-768x512.jpg 768w, https:\/\/www.hashtag.al\/wp-content\/uploads\/2020\/11\/obama-1024x683.jpg 1024w\" sizes=\"auto, (max-width: 1200px) 100vw, 1200px\" \/><\/a><\/p>\n<p><span style=\"color: #000000;\">Ish-presidenti amerikan Barack Obama paralajm\u00ebron se refuzimi i pasardh\u00ebsit t\u00eb tij Donald Trump p\u00ebr t\u00eb pranuar rezultatet e zgjedhjeve po i b\u00ebn SHBA-t\u00eb t\u00eb duken t\u00eb dob\u00ebta para kund\u00ebrshtar\u00ebve. Ai e nxit Trumpin q\u00eb t\u00eb pranoj\u00eb humbjen p\u00ebrball\u00eb Joe Bidenit.<\/span><\/p>\n<p><span style=\"color: #000000;\">N\u00eb intervist\u00ebn e tij t\u00eb par\u00eb televizive q\u00eb nga zgjedhjet, Obama tha se \u00ebsht\u00eb &#8216;<em>absolutisht<\/em>&#8216; koha q\u00eb Trump t\u00eb heq\u00eb dor\u00eb nga lufta e tij p\u00ebr nj\u00eb mandat t\u00eb dyt\u00eb.<\/span><\/p>\n<p><span style=\"color: #000000;\">I pyetur se \u00e7far\u00eb k\u00ebshille do t&#8217;i jepte Trumpit, Obama tha: <em>\u201cN\u00ebse do q\u00eb n\u00eb k\u00ebt\u00eb faz\u00eb t\u00eb von\u00eb t\u00eb loj\u00ebs t\u00eb kujtohesh si dikush q\u00eb e vendos vendin n\u00eb vend t\u00eb par\u00eb, \u00ebsht\u00eb koha q\u00eb t\u00eb b\u00ebsh t\u00eb nj\u00ebjt\u00ebn gj\u00eb.\u201d<\/em><\/span><\/p>\n<p><span style=\"color: #000000;\">Ai shton: <em>\u201cNj\u00eb president \u00ebsht\u00eb nj\u00eb n\u00ebpun\u00ebs publik. Ata jan\u00eb banor\u00eb t\u00eb p\u00ebrkohsh\u00ebm t\u00eb zyr\u00ebs. Kur t\u00eb mbaroj\u00eb koha juaj, \u00ebsht\u00eb detyra juaj t\u00eb vendosni vendin n\u00eb vend t\u00eb par\u00eb dhe t\u00eb mendoni p\u00ebrtej egos tuaj, interesave tuaj dhe zhg\u00ebnjimeve tuaja&#8221;.<\/em><\/span><\/p>\n<p><span style=\"color: #000000;\">Obama tha se ai mendon se Trumpi duhej t\u00eb kishte pranuar humbjen brenda dy dit\u00ebsh pas zgjedhjeve, kur u b\u00eb e qart\u00eb se &#8216;<em>Biden do t\u00eb ket\u00eb fituar me leht\u00ebsi&#8217;.<\/em><\/span><\/p>\n<p><span style=\"color: #000000;\">Obama tha se ka frik\u00eb se tranzicioni kaotik i Sht\u00ebpis\u00eb s\u00eb Bardh\u00eb do t\u00eb ket\u00eb pasoja t\u00eb m\u00ebdha, duke ndikuar n\u00eb marr\u00ebdh\u00ebniet me Rusin\u00eb dhe Kin\u00ebn.<\/span><\/p>\n<p><span style=\"color: #000000;\"><em>&#8220;Un\u00eb mendoj se kund\u00ebrshtar\u00ebt tan\u00eb na kan\u00eb par\u00eb t\u00eb dob\u00ebsuar, jo vet\u00ebm si pasoj\u00eb e k\u00ebtyre zgjedhjeve, por gjat\u00eb disa viteve t\u00eb fundit.&#8221;<\/em>&#8211; tha ai, citon <span style=\"color: #0000ff;\"><a style=\"color: #0000ff;\" href=\"https:\/\/www.dailymail.co.uk\/news\/article-8952389\/Barack-Obama-warns-Donald-Trumps-refusal-concede-exploited-adversaries.html?ito=social-facebook&amp;fbclid=IwAR2n10-88aP__SrghdwvfpA7AQSe43AqXQtGY27ffJH71pyBYCjjGOr7d18\">Daily Mail<\/a><\/span>. &#8220;<em>Ne kemi k\u00ebto ndarje n\u00eb politik\u00eb, t\u00eb cil\u00ebt ata jan\u00eb t\u00eb bindur se mund t&#8217;i shfryt\u00ebzojn\u00eb&#8221;.<\/em><\/span><\/p>\n","protected":false,"gt_translate_keys":[{"key":"rendered","format":"html"}]},"excerpt":{"rendered":"<p>Ish-presidenti amerikan Barack Obama paralajm\u00ebron se refuzimi i pasardh\u00ebsit t\u00eb tij Donald Trump p\u00ebr t\u00eb pranuar rezultatet e zgjedhjeve po i b\u00ebn SHBA-t\u00eb t\u00eb duken t\u00eb dob\u00ebta para kund\u00ebrshtar\u00ebve. Ai e nxit Trumpin q\u00eb t\u00eb pranoj\u00eb humbjen p\u00ebrball\u00eb Joe Bidenit. N\u00eb intervist\u00ebn e tij t\u00eb par\u00eb televizive q\u00eb nga zgjedhjet, Obama tha se \u00ebsht\u00eb &#8216;absolutisht&#8216; [&hellip;]<\/p>\n","protected":false,"gt_translate_keys":[{"key":"rendered","format":"html"}]},"author":30,"featured_media":411680,"comment_status":"open","ping_status":"open","sticky":false,"template":"","format":"standard","meta":{"footnotes":""},"categories":[6,13],"tags":[],"class_list":["post-411679","post","type-post","status-publish","format-standard","has-post-thumbnail","hentry","category-nderkombetare","category-te-fundit"],"gt_translate_keys":[{"key":"link","format":"url"}],"_links":{"self":[{"href":"https:\/\/www.hashtag.al\/index.php\/wp-json\/wp\/v2\/posts\/411679","targetHints":{"allow":["GET"]}}],"collection":[{"href":"https:\/\/www.hashtag.al\/index.php\/wp-json\/wp\/v2\/posts"}],"about":[{"href":"https:\/\/www.hashtag.al\/index.php\/wp-json\/wp\/v2\/types\/post"}],"author":[{"embeddable":true,"href":"https:\/\/www.hashtag.al\/index.php\/wp-json\/wp\/v2\/users\/30"}],"replies":[{"embeddable":true,"href":"https:\/\/www.hashtag.al\/index.php\/wp-json\/wp\/v2\/comments?post=411679"}],"version-history":[{"count":0,"href":"https:\/\/www.hashtag.al\/index.php\/wp-json\/wp\/v2\/posts\/411679\/revisions"}],"wp:featuredmedia":[{"embeddable":true,"href":"https:\/\/www.hashtag.al\/index.php\/wp-json\/wp\/v2\/media\/411680"}],"wp:attachment":[{"href":"https:\/\/www.hashtag.al\/index.php\/wp-json\/wp\/v2\/media?parent=411679"}],"wp:term":[{"taxonomy":"category","embeddable":true,"href":"https:\/\/www.hashtag.al\/index.php\/wp-json\/wp\/v2\/categories?post=411679"},{"taxonomy":"post_tag","embeddable":true,"href":"https:\/\/www.hashtag.al\/index.php\/wp-json\/wp\/v2\/tags?post=411679"}],"curies":[{"name":"wp","href":"https:\/\/api.w.org\/{rel}","templated":true}]}}