{"id":411322,"date":"2020-11-14T11:47:20","date_gmt":"2020-11-14T10:47:20","guid":{"rendered":"https:\/\/hashtag.al\/?p=411322"},"modified":"2021-02-15T23:50:04","modified_gmt":"2021-02-15T22:50:04","slug":"je-i-semure-psikik-e-kupton-cfare-po-thua-cfare-shtepie-e-verdhe-thua-more-bernard-kouchner-ne-2010-en-video","status":"publish","type":"post","link":"https:\/\/www.hashtag.al\/index.php\/2020\/11\/14\/je-i-semure-psikik-e-kupton-cfare-po-thua-cfare-shtepie-e-verdhe-thua-more-bernard-kouchner-ne-2010-en-video\/","title":{"rendered":"&#8220;Je i s\u00ebmur\u00eb psikik? E kupton \u00e7far\u00eb po thua? \u00c7far\u00eb Sht\u00ebpie e Verdh\u00eb thua more?&#8221; &#8211; Bernard Kouchner n\u00eb 2010-\u00ebn (VIDEO)","gt_translate_keys":[{"key":"rendered","format":"text"}]},"content":{"rendered":"<p><a href=\"https:\/\/hashtag.al\/wp-content\/uploads\/2020\/11\/BK.jpg\"><img loading=\"lazy\" decoding=\"async\" class=\"aligncenter size-full wp-image-411323\" src=\"https:\/\/hashtag.al\/wp-content\/uploads\/2020\/11\/BK.jpg\" alt=\"\" width=\"538\" height=\"394\" srcset=\"https:\/\/www.hashtag.al\/wp-content\/uploads\/2020\/11\/BK.jpg 538w, https:\/\/www.hashtag.al\/wp-content\/uploads\/2020\/11\/BK-300x220.jpg 300w\" sizes=\"auto, (max-width: 538px) 100vw, 538px\" \/><\/a><\/p>\n<p><span style=\"color: #000000;\">Ish-kryeadministratori i Kombeve t\u00eb Bashkuara n\u00eb Kosov\u00eb, Bernard Kouchner, gjat\u00eb nj\u00eb vizite n\u00eb Gra\u00e7anic\u00eb n\u00eb vitin 2010 u vu p\u00ebrball\u00eb pyetjeve p\u00ebr t\u00eb ashtuquajt\u00ebn \u201cSht\u00ebpi e Verdh\u00eb\u201d.<\/span><\/p>\n<p><span style=\"color: #000000;\">Ish-ministri francez do t\u00eb qeshte me t\u00eb madhe dhe do t\u00eb ofendonte gazetarin, duke e quajtur t\u00eb \u00e7mendur q\u00eb b\u00ebnte pyetje t\u00eb tilla. Ai thot\u00eb se nuk ekziston \u201cSht\u00ebpia e Verdh\u00eb\u201d dhe se ata q\u00eb i b\u00ebjn\u00eb k\u00ebto deklarata jan\u00eb \u201cndyr\u00ebsira dhe vras\u00ebs\u201d.<\/span><\/p>\n<p><strong><span style=\"color: #000000;\">BISEDA:<\/span><\/strong><\/p>\n<ul>\n<li><span style=\"color: #000000;\"><strong>Gazetari:\u00a0<\/strong> Shum\u00eb familje ju akuzojn\u00eb p\u00ebr shitje organesh&#8221;<\/span><\/li>\n<li><span style=\"color: #000000;\"><strong>Kouchner:<\/strong> Shitja e organeve? Jeni t\u00eb \u00e7mendur apo si? Dukem si ndonj\u00eb q\u00eb shes organe un\u00eb? Ju jeni t\u00eb \u00e7mendur, besoni \u00e7do budallall\u00ebk. At\u00ebhere, un\u00eb dhe Rada pask\u00ebrkemi vjedhur kufoma, p\u00ebr t\u00eb shitur organe? Po kujt? Mos i besoni k\u00ebtyre budallall\u00ebqeve&#8230;<\/span><\/li>\n<li><span style=\"color: #000000;\"><strong>Kouchner vazhdon:<\/strong> Zot\u00ebri, ju duhet t\u00eb shkoni t\u00eb kosultoheni. Mjaft tani. Nuk ka sht\u00ebpi t\u00eb verdha, nuk ka shitje organesh. Ajo (Rada) dhe un\u00eb kemi qen\u00eb mjek\u00eb. Mendoni se shk\u00ebmbenim organe? Njer\u00ebzit q\u00eb thon\u00eb k\u00ebto jan\u00eb ndyr\u00ebsira dhe vras\u00ebs. Dakort?<\/span><\/li>\n<\/ul>\n<p><span style=\"color: #000000;\">Edhe pse asnj\u00ebher\u00eb nuk ka patur prova, diskutimet p\u00ebr \u201cSht\u00ebpin\u00eb e Verdh\u00eb\u201d u rikthyen pasi s\u00eb fundmi nj\u00eb s\u00ebr\u00eb ish-drejtuesish t\u00eb U\u00c7K-s\u00eb, duke nisur nga ish-presidenti Hashim Tha\u00e7i jan\u00eb v\u00ebn\u00eb p\u00ebrball\u00eb Gjykat\u00ebs Speciale n\u00eb Hag\u00eb, ku po hetohen p\u00ebr krime lufte.<\/span><\/p>\n<p><span style=\"color: #000000;\">Edhe pse \u201cSht\u00ebpia e Verdh\u00eb\u201d dhe trafikimi i organeve nuk p\u00ebrfshihen n\u00eb aktakuza, \u00e7\u00ebshtja \u00ebsht\u00eb rikthyer n\u00eb v\u00ebmendje nga kryeministri Edi Rama dhe maxhoranca, t\u00eb cil\u00ebt e kan\u00eb p\u00ebrdorur kund\u00ebr kryedemokratit Lulzim Basha duke th\u00ebn\u00eb se ky i fundit kishte shoq\u00ebruar nj\u00eb ekspert t\u00eb OKB-s\u00eb t\u00eb quajtur Jose Pablo Baraybar, i cili po hetonte p\u00ebr k\u00ebt\u00eb \u00e7\u00ebshtje. Akuza t\u00eb cilat nga vet\u00eb Baraybar jan\u00eb hedhur posht\u00eb.<\/span><\/p>\n<p><iframe loading=\"lazy\" title=\"Bernard Kouchner - On serbian &quot;organ harvest&quot; propaganda!!!\" width=\"1170\" height=\"878\" src=\"https:\/\/www.youtube.com\/embed\/DTA7gSOXBcA?feature=oembed\" frameborder=\"0\" allow=\"accelerometer; autoplay; clipboard-write; encrypted-media; gyroscope; picture-in-picture\" allowfullscreen><\/iframe><\/p>\n","protected":false,"gt_translate_keys":[{"key":"rendered","format":"html"}]},"excerpt":{"rendered":"<p>Ish-kryeadministratori i Kombeve t\u00eb Bashkuara n\u00eb Kosov\u00eb, Bernard Kouchner, gjat\u00eb nj\u00eb vizite n\u00eb Gra\u00e7anic\u00eb n\u00eb vitin 2010 u vu p\u00ebrball\u00eb pyetjeve p\u00ebr t\u00eb ashtuquajt\u00ebn \u201cSht\u00ebpi e Verdh\u00eb\u201d. Ish-ministri francez do t\u00eb qeshte me t\u00eb madhe dhe do t\u00eb ofendonte gazetarin, duke e quajtur t\u00eb \u00e7mendur q\u00eb b\u00ebnte pyetje t\u00eb tilla. Ai thot\u00eb se nuk ekziston [&hellip;]<\/p>\n","protected":false,"gt_translate_keys":[{"key":"rendered","format":"html"}]},"author":30,"featured_media":411323,"comment_status":"open","ping_status":"open","sticky":false,"template":"","format":"standard","meta":{"footnotes":""},"categories":[22,65,11,13],"tags":[],"class_list":["post-411322","post","type-post","status-publish","format-standard","has-post-thumbnail","hentry","category-ballina","category-lajme","category-super-click","category-te-fundit"],"gt_translate_keys":[{"key":"link","format":"url"}],"_links":{"self":[{"href":"https:\/\/www.hashtag.al\/index.php\/wp-json\/wp\/v2\/posts\/411322","targetHints":{"allow":["GET"]}}],"collection":[{"href":"https:\/\/www.hashtag.al\/index.php\/wp-json\/wp\/v2\/posts"}],"about":[{"href":"https:\/\/www.hashtag.al\/index.php\/wp-json\/wp\/v2\/types\/post"}],"author":[{"embeddable":true,"href":"https:\/\/www.hashtag.al\/index.php\/wp-json\/wp\/v2\/users\/30"}],"replies":[{"embeddable":true,"href":"https:\/\/www.hashtag.al\/index.php\/wp-json\/wp\/v2\/comments?post=411322"}],"version-history":[{"count":0,"href":"https:\/\/www.hashtag.al\/index.php\/wp-json\/wp\/v2\/posts\/411322\/revisions"}],"wp:featuredmedia":[{"embeddable":true,"href":"https:\/\/www.hashtag.al\/index.php\/wp-json\/wp\/v2\/media\/411323"}],"wp:attachment":[{"href":"https:\/\/www.hashtag.al\/index.php\/wp-json\/wp\/v2\/media?parent=411322"}],"wp:term":[{"taxonomy":"category","embeddable":true,"href":"https:\/\/www.hashtag.al\/index.php\/wp-json\/wp\/v2\/categories?post=411322"},{"taxonomy":"post_tag","embeddable":true,"href":"https:\/\/www.hashtag.al\/index.php\/wp-json\/wp\/v2\/tags?post=411322"}],"curies":[{"name":"wp","href":"https:\/\/api.w.org\/{rel}","templated":true}]}}