{"id":411060,"date":"2020-11-12T14:25:50","date_gmt":"2020-11-12T13:25:50","guid":{"rendered":"https:\/\/hashtag.al\/?p=411060"},"modified":"2020-11-12T14:25:50","modified_gmt":"2020-11-12T13:25:50","slug":"tradhtar-mijera-armene-kerkojne-doreheqjen-e-kryeministrit-pas-armepushimit-me-azerbajxhanin-video","status":"publish","type":"post","link":"https:\/\/www.hashtag.al\/index.php\/2020\/11\/12\/tradhtar-mijera-armene-kerkojne-doreheqjen-e-kryeministrit-pas-armepushimit-me-azerbajxhanin-video\/","title":{"rendered":"&#8220;Tradhtar&#8221; &#8211; Mij\u00ebra armen\u00eb k\u00ebrkojn\u00eb dor\u00ebheqjen e kryeministrit pas arm\u00ebpushimit me Azerbajxhanin (Video)","gt_translate_keys":[{"key":"rendered","format":"text"}]},"content":{"rendered":"<div style=\"width: 1170px;\" class=\"wp-video\"><video class=\"wp-video-shortcode\" id=\"video-411060-1\" width=\"1170\" height=\"658\" preload=\"metadata\" controls=\"controls\"><source type=\"video\/mp4\" src=\"https:\/\/hashtag.al\/wp-content\/uploads\/2020\/11\/armeniproteste.mp4?_=1\" \/><a href=\"https:\/\/hashtag.al\/wp-content\/uploads\/2020\/11\/armeniproteste.mp4\">https:\/\/hashtag.al\/wp-content\/uploads\/2020\/11\/armeniproteste.mp4<\/a><\/video><\/div>\n<p><span style=\"color: #000000;\">Mbi nj\u00eb mij\u00eb protestues u mblodh\u00ebn n\u00eb kryeqytetin e Armenis\u00eb, Jerevan, p\u00ebr t\u00eb k\u00ebrkuar dor\u00ebheqjen e kryeministrit Nikoll Pashinyan pas marr\u00ebveshjes s\u00eb paqes me Azerbajxhanin. Ata e akuzojn\u00eb at\u00eb si tradhtar p\u00ebr n\u00ebnshkrimin e arm\u00ebpushimit me Bakun\u00eb.<\/span><\/p>\n<p><span style=\"color: #000000;\">T\u00eb m\u00ebrkur\u00ebn pasdite, demonstruesit u takuan n\u00eb qend\u00ebr t\u00eb Jerevanit, duke brohoritur \u201cKryeministri \u00ebsht\u00eb nj\u00eb tradhtar&#8221;.<\/span><\/p>\n<p><span style=\"color: #000000;\">T\u00eb udh\u00ebhequr nga politikan\u00eb nga nj\u00eb gam\u00eb e gjer\u00eb e partive t\u00eb opozit\u00ebs, protesta ka sjell\u00eb s\u00eb bashku armen\u00ebt q\u00eb nuk pajtohen me vendimin e qeveris\u00eb p\u00ebr t&#8217;i dh\u00ebn\u00eb fund konfliktit. <\/span><\/p>\n<p><span style=\"color: #000000;\">Raportet sugjerojn\u00eb se policia ka arrestuar udh\u00ebheq\u00ebs individual\u00eb t\u00eb protest\u00ebs, mes tyre edhe deputetin Gagik Tsarukyan, kreu i partis\u00eb Armenia e Lir\u00eb, partia e dyt\u00eb m\u00eb e madhe e vendit.<\/span><\/p>\n<p><span style=\"color: #000000;\">M\u00eb her\u00ebt k\u00ebt\u00eb jav\u00eb, krer\u00ebt e Armenis\u00eb, Azerbajxhanit dhe Rusis\u00eb n\u00ebnshkruan nj\u00eb deklarat\u00eb t\u00eb p\u00ebrbashk\u00ebt duke r\u00ebn\u00eb dakord p\u00ebr nj\u00eb arm\u00ebpushim n\u00eb Nagorno-Karabak. <\/span><\/p>\n<p><span style=\"color: #000000;\">Marr\u00ebveshja thot\u00eb se trupat azerbajxhanase dhe armene duhet t\u00eb q\u00ebndrojn\u00eb n\u00eb pozicionet e tyre t\u00eb tanishme, q\u00eb do t\u00eb zbatohet nga paqeruajt\u00ebsit rus\u00eb. <\/span><\/p>\n<p><span style=\"color: #000000;\">Kjo do t\u00eb thot\u00eb se Baku do t\u00eb mbaj\u00eb zonat e Nagorno-Karabakut, t\u00eb cilat i rimori gjat\u00eb konfliktit. Sipas Pashinyan, Jerevani nuk kishte zgjidhje, pasi burimet e vendit po shteronin shpejt.<\/span><\/p>\n","protected":false,"gt_translate_keys":[{"key":"rendered","format":"html"}]},"excerpt":{"rendered":"<p>Mbi nj\u00eb mij\u00eb protestues u mblodh\u00ebn n\u00eb kryeqytetin e Armenis\u00eb, Jerevan, p\u00ebr t\u00eb k\u00ebrkuar dor\u00ebheqjen e kryeministrit Nikoll Pashinyan pas marr\u00ebveshjes s\u00eb paqes me Azerbajxhanin. Ata e akuzojn\u00eb at\u00eb si tradhtar p\u00ebr n\u00ebnshkrimin e arm\u00ebpushimit me Bakun\u00eb. T\u00eb m\u00ebrkur\u00ebn pasdite, demonstruesit u takuan n\u00eb qend\u00ebr t\u00eb Jerevanit, duke brohoritur \u201cKryeministri \u00ebsht\u00eb nj\u00eb tradhtar&#8221;. T\u00eb udh\u00ebhequr [&hellip;]<\/p>\n","protected":false,"gt_translate_keys":[{"key":"rendered","format":"html"}]},"author":51,"featured_media":411062,"comment_status":"open","ping_status":"open","sticky":false,"template":"","format":"standard","meta":{"footnotes":""},"categories":[6],"tags":[],"class_list":["post-411060","post","type-post","status-publish","format-standard","has-post-thumbnail","hentry","category-nderkombetare"],"gt_translate_keys":[{"key":"link","format":"url"}],"_links":{"self":[{"href":"https:\/\/www.hashtag.al\/index.php\/wp-json\/wp\/v2\/posts\/411060","targetHints":{"allow":["GET"]}}],"collection":[{"href":"https:\/\/www.hashtag.al\/index.php\/wp-json\/wp\/v2\/posts"}],"about":[{"href":"https:\/\/www.hashtag.al\/index.php\/wp-json\/wp\/v2\/types\/post"}],"author":[{"embeddable":true,"href":"https:\/\/www.hashtag.al\/index.php\/wp-json\/wp\/v2\/users\/51"}],"replies":[{"embeddable":true,"href":"https:\/\/www.hashtag.al\/index.php\/wp-json\/wp\/v2\/comments?post=411060"}],"version-history":[{"count":0,"href":"https:\/\/www.hashtag.al\/index.php\/wp-json\/wp\/v2\/posts\/411060\/revisions"}],"wp:featuredmedia":[{"embeddable":true,"href":"https:\/\/www.hashtag.al\/index.php\/wp-json\/wp\/v2\/media\/411062"}],"wp:attachment":[{"href":"https:\/\/www.hashtag.al\/index.php\/wp-json\/wp\/v2\/media?parent=411060"}],"wp:term":[{"taxonomy":"category","embeddable":true,"href":"https:\/\/www.hashtag.al\/index.php\/wp-json\/wp\/v2\/categories?post=411060"},{"taxonomy":"post_tag","embeddable":true,"href":"https:\/\/www.hashtag.al\/index.php\/wp-json\/wp\/v2\/tags?post=411060"}],"curies":[{"name":"wp","href":"https:\/\/api.w.org\/{rel}","templated":true}]}}