{"id":410988,"date":"2020-11-12T10:24:01","date_gmt":"2020-11-12T09:24:01","guid":{"rendered":"https:\/\/hashtag.al\/?p=410988"},"modified":"2020-11-12T10:25:19","modified_gmt":"2020-11-12T09:25:19","slug":"i-vune-bombe-ne-makine-vritet-gazetari-i-rel-it-ne-jug-te-afganistanit","status":"publish","type":"post","link":"https:\/\/www.hashtag.al\/index.php\/2020\/11\/12\/i-vune-bombe-ne-makine-vritet-gazetari-i-rel-it-ne-jug-te-afganistanit\/","title":{"rendered":"I vun\u00eb bomb\u00eb n\u00eb makin\u00eb, vritet gazetari i REL-it n\u00eb jug t\u00eb Afganistanit","gt_translate_keys":[{"key":"rendered","format":"text"}]},"content":{"rendered":"<p><a href=\"https:\/\/hashtag.al\/wp-content\/uploads\/2020\/11\/GAZETARI.jpg\"><img loading=\"lazy\" decoding=\"async\" class=\"aligncenter size-full wp-image-410989\" src=\"https:\/\/hashtag.al\/wp-content\/uploads\/2020\/11\/GAZETARI.jpg\" alt=\"\" width=\"1023\" height=\"575\" srcset=\"https:\/\/www.hashtag.al\/wp-content\/uploads\/2020\/11\/GAZETARI.jpg 1023w, https:\/\/www.hashtag.al\/wp-content\/uploads\/2020\/11\/GAZETARI-300x169.jpg 300w, https:\/\/www.hashtag.al\/wp-content\/uploads\/2020\/11\/GAZETARI-768x432.jpg 768w\" sizes=\"auto, (max-width: 1023px) 100vw, 1023px\" \/><\/a><\/p>\n<p><span style=\"color: #000000;\">Vritet gazetari i Radios Evropa e Lir\u00eb, Elyas Dayee. Ngjarja e r\u00ebnd\u00eb ka ndodhur k\u00ebt\u00eb t\u00eb enjte n\u00eb provic\u00ebn afgane Helmad, ku gazetarit i ishte v\u00ebn\u00eb nj\u00eb bomb\u00eb n\u00eb makin\u00eb.<\/span><\/p>\n<p><span style=\"color: #000000;\"><span style=\"color: #0000ff;\"><a style=\"color: #0000ff;\" href=\"https:\/\/www.evropaelire.org\/a\/30943960.html\">REL<\/a> <\/span>shkruan se si pasoj\u00eb e shp\u00ebrthimit kan\u00eb mbetur t\u00eb plagosur tre persona tjer\u00eb, mes t\u00eb cil\u00ebve dhe v\u00ebllai i gazetarit.<\/span><\/p>\n<p><span style=\"color: #000000;\">Ende askush nuk ka marr\u00eb p\u00ebrgjegj\u00ebsi p\u00ebr sulmin.<\/span><\/p>\n<p><span style=\"color: #000000;\">Dayee ka punuar p\u00ebr Sh\u00ebrbimin e Afganistanit n\u00eb Radion <span style=\"color: #0000ff;\"><a style=\"color: #0000ff;\" href=\"https:\/\/www.evropaelire.org\/a\/30943960.html\">Evropa e Lir\u00eb<\/a><\/span>.<\/span><\/p>\n<p><span style=\"color: #000000;\">\u00a0<em>\u201cKolegu dhe miku im i dashur, Elyas Dayee, ka humbur jet\u00ebn n\u00eb nj\u00eb sulm terrorist k\u00ebt\u00eb m\u00ebngjes\u201d,<\/em> ka th\u00ebn\u00eb Sami Mahdi, shef i byros\u00eb n\u00eb Afganistan. <em>\u201cAi ka pasur gjithmon\u00eb nj\u00eb buz\u00ebqeshje n\u00eb fytyr\u00eb. Ky \u00ebsht\u00eb lajm i tmerrsh\u00ebm\u201d<\/em>, ka th\u00ebn\u00eb ai.<\/span><\/p>\n<p><span style=\"color: #000000;\">Z\u00ebdh\u00ebn\u00ebsi i presidenc\u00ebs afgane, Siddiq Siddiqui, ka d\u00ebnuar vrasjen e gazetarit duke th\u00ebn\u00eb se mbrapa sulmit q\u00ebndrojn\u00eb armiqt\u00eb e liris\u00eb s\u00eb shprehjes dhe mediave n\u00eb Afganistan.<\/span><\/p>\n","protected":false,"gt_translate_keys":[{"key":"rendered","format":"html"}]},"excerpt":{"rendered":"<p>Vritet gazetari i Radios Evropa e Lir\u00eb, Elyas Dayee. Ngjarja e r\u00ebnd\u00eb ka ndodhur k\u00ebt\u00eb t\u00eb enjte n\u00eb provic\u00ebn afgane Helmad, ku gazetarit i ishte v\u00ebn\u00eb nj\u00eb bomb\u00eb n\u00eb makin\u00eb. REL shkruan se si pasoj\u00eb e shp\u00ebrthimit kan\u00eb mbetur t\u00eb plagosur tre persona tjer\u00eb, mes t\u00eb cil\u00ebve dhe v\u00ebllai i gazetarit. Ende askush nuk ka [&hellip;]<\/p>\n","protected":false,"gt_translate_keys":[{"key":"rendered","format":"html"}]},"author":30,"featured_media":410989,"comment_status":"open","ping_status":"open","sticky":false,"template":"","format":"standard","meta":{"footnotes":""},"categories":[65,13],"tags":[],"class_list":["post-410988","post","type-post","status-publish","format-standard","has-post-thumbnail","hentry","category-lajme","category-te-fundit"],"gt_translate_keys":[{"key":"link","format":"url"}],"_links":{"self":[{"href":"https:\/\/www.hashtag.al\/index.php\/wp-json\/wp\/v2\/posts\/410988","targetHints":{"allow":["GET"]}}],"collection":[{"href":"https:\/\/www.hashtag.al\/index.php\/wp-json\/wp\/v2\/posts"}],"about":[{"href":"https:\/\/www.hashtag.al\/index.php\/wp-json\/wp\/v2\/types\/post"}],"author":[{"embeddable":true,"href":"https:\/\/www.hashtag.al\/index.php\/wp-json\/wp\/v2\/users\/30"}],"replies":[{"embeddable":true,"href":"https:\/\/www.hashtag.al\/index.php\/wp-json\/wp\/v2\/comments?post=410988"}],"version-history":[{"count":0,"href":"https:\/\/www.hashtag.al\/index.php\/wp-json\/wp\/v2\/posts\/410988\/revisions"}],"wp:featuredmedia":[{"embeddable":true,"href":"https:\/\/www.hashtag.al\/index.php\/wp-json\/wp\/v2\/media\/410989"}],"wp:attachment":[{"href":"https:\/\/www.hashtag.al\/index.php\/wp-json\/wp\/v2\/media?parent=410988"}],"wp:term":[{"taxonomy":"category","embeddable":true,"href":"https:\/\/www.hashtag.al\/index.php\/wp-json\/wp\/v2\/categories?post=410988"},{"taxonomy":"post_tag","embeddable":true,"href":"https:\/\/www.hashtag.al\/index.php\/wp-json\/wp\/v2\/tags?post=410988"}],"curies":[{"name":"wp","href":"https:\/\/api.w.org\/{rel}","templated":true}]}}