{"id":410985,"date":"2020-11-12T10:14:02","date_gmt":"2020-11-12T09:14:02","guid":{"rendered":"https:\/\/hashtag.al\/?p=410985"},"modified":"2020-11-12T10:15:36","modified_gmt":"2020-11-12T09:15:36","slug":"basha-vijon-replikat-e-kunder-replikat-me-ramen-je-nje-deshtim-i-madh-ne-do-ta-sherojme-shqiperine","status":"publish","type":"post","link":"https:\/\/www.hashtag.al\/index.php\/2020\/11\/12\/basha-vijon-replikat-e-kunder-replikat-me-ramen-je-nje-deshtim-i-madh-ne-do-ta-sherojme-shqiperine\/","title":{"rendered":"Basha vijon replikat e kund\u00ebr-replikat me Ram\u00ebn: Je nj\u00eb d\u00ebshtim i madh, ne do ta sh\u00ebrojm\u00eb Shqip\u00ebrin\u00eb","gt_translate_keys":[{"key":"rendered","format":"text"}]},"content":{"rendered":"<p><a href=\"https:\/\/hashtag.al\/wp-content\/uploads\/2020\/11\/basha-rama.jpg\"><img loading=\"lazy\" decoding=\"async\" class=\"aligncenter size-full wp-image-410986\" src=\"https:\/\/hashtag.al\/wp-content\/uploads\/2020\/11\/basha-rama.jpg\" alt=\"\" width=\"2040\" height=\"1020\" srcset=\"https:\/\/www.hashtag.al\/wp-content\/uploads\/2020\/11\/basha-rama.jpg 2040w, https:\/\/www.hashtag.al\/wp-content\/uploads\/2020\/11\/basha-rama-300x150.jpg 300w, https:\/\/www.hashtag.al\/wp-content\/uploads\/2020\/11\/basha-rama-768x384.jpg 768w, https:\/\/www.hashtag.al\/wp-content\/uploads\/2020\/11\/basha-rama-1024x512.jpg 1024w\" sizes=\"auto, (max-width: 2040px) 100vw, 2040px\" \/><\/a><\/p>\n<p><span style=\"color: #000000;\">Vijojn\u00eb replikat dhe kund\u00ebr-replikat mes kryeministrit Edi Rama dhe kryedemokratit Lulzim Basha n\u00eb \u201cTwitter\u201d, lidhur me pandemin\u00eb.<\/span><\/p>\n<p><span style=\"color: #000000;\">Basha i \u00ebsht\u00eb p\u00ebrgjigjur kryeministrit Rama, i cili tha m\u00eb her\u00ebt se kjo opozit\u00eb \u201cnuk i duhet as dreqit\u201d, duke th\u00ebn\u00eb se sh\u00ebndet\u00ebsia \u00ebsht\u00eb n\u00eb kolaps.<\/span><\/p>\n<p><span style=\"color: #000000;\">Kryedemokrati i drejtohet kryeministrit, duke i th\u00ebn\u00eb se po ta kishte d\u00ebgjuar q\u00eb para 6 muajsh tani do t\u00eb kishte nj\u00eb plan real kund\u00ebr pandemis\u00eb.<\/span><\/p>\n<p><span style=\"color: #000000;\">Sipas Bash\u00ebs, t\u00eb s\u00ebmur\u00ebt nuk kan\u00eb para p\u00ebr t\u00eb bler\u00eb ila\u00e7et dhe premton se do ta sh\u00ebroj\u00eb Shqip\u00ebrin\u00eb kur ai t\u00eb vij\u00eb n\u00eb pushtet.<\/span><\/p>\n<p><span style=\"color: #000000;\">\u00a0<em>\u201cRama je nj\u00eb d\u00ebshtim i madh. Sa shqiptar\u00eb duhet t\u00eb vdesin q\u00eb t\u00eb ndal\u00ebsh sulmet politike dhe p\u00ebrpjekjet p\u00ebr t\u00eb na mbyllur goj\u00ebn? Po t\u00eb m\u00eb kishe d\u00ebgjuar q\u00eb para 6 muajsh, do t\u2019ju kishe dh\u00ebn\u00eb ndihm\u00eb financiare familjeve shqiptare dhe sot do t\u00eb kishe nj\u00eb plan real kund\u00ebr pandemis\u00eb. Askush nuk e p\u00ebrtyp propagand\u00ebn t\u00ebnde fallso. Sh\u00ebndet\u00ebsia \u00ebsht\u00eb n\u00eb kolaps, t\u00eb s\u00ebmur\u00ebt nuk kan\u00eb par\u00e1 p\u00ebr t\u00eb bler\u00eb barnat e shtrenjtuara dhe ekonomia \u00ebsht\u00eb n\u00eb kriz\u00eb. Ne do ta sh\u00ebrojm\u00eb Shqip\u00ebrin\u00eb, do t\u2019i korrigjojm\u00eb d\u00ebshtimet e tua dhe do t\u00eb sjellim shpres\u00eb t\u00eb re p\u00ebr njer\u00ebzit\u201d,<\/em> shkruan Basha.<\/span><\/p>\n<p><span style=\"color: #000000;\">Pasi kryedemokrati e kishte kritikuar p\u00ebr pandemin\u00eb, Rama thoshte se nj\u00eb opozit\u00eb q\u00eb nuk bashkohet as n\u00eb nj\u00eb koh\u00eb si kjo, nuk i duhet as dreqit.<\/span><\/p>\n<p><span style=\"color: #000000;\"><em>\u201cNj\u00eb opozit\u00eb q\u00eb as n\u00eb nj\u00eb s\u00ebmundje q\u00eb bie nj\u00eb her\u00eb n\u00eb shekull nuk gjen dot forc\u00eb t\u00eb b\u00ebhet bashk\u00eb me shumic\u00ebn nuk i duhet as dreqit e jo m\u00eb popullit shqiptar!\u201d<\/em>\u2013 shkruante Rama.<\/span><\/p>\n<p>&nbsp;<\/p>\n","protected":false,"gt_translate_keys":[{"key":"rendered","format":"html"}]},"excerpt":{"rendered":"<p>Vijojn\u00eb replikat dhe kund\u00ebr-replikat mes kryeministrit Edi Rama dhe kryedemokratit Lulzim Basha n\u00eb \u201cTwitter\u201d, lidhur me pandemin\u00eb. Basha i \u00ebsht\u00eb p\u00ebrgjigjur kryeministrit Rama, i cili tha m\u00eb her\u00ebt se kjo opozit\u00eb \u201cnuk i duhet as dreqit\u201d, duke th\u00ebn\u00eb se sh\u00ebndet\u00ebsia \u00ebsht\u00eb n\u00eb kolaps. Kryedemokrati i drejtohet kryeministrit, duke i th\u00ebn\u00eb se po ta kishte d\u00ebgjuar [&hellip;]<\/p>\n","protected":false,"gt_translate_keys":[{"key":"rendered","format":"html"}]},"author":30,"featured_media":410986,"comment_status":"open","ping_status":"open","sticky":false,"template":"","format":"standard","meta":{"footnotes":""},"categories":[65,13],"tags":[],"class_list":["post-410985","post","type-post","status-publish","format-standard","has-post-thumbnail","hentry","category-lajme","category-te-fundit"],"gt_translate_keys":[{"key":"link","format":"url"}],"_links":{"self":[{"href":"https:\/\/www.hashtag.al\/index.php\/wp-json\/wp\/v2\/posts\/410985","targetHints":{"allow":["GET"]}}],"collection":[{"href":"https:\/\/www.hashtag.al\/index.php\/wp-json\/wp\/v2\/posts"}],"about":[{"href":"https:\/\/www.hashtag.al\/index.php\/wp-json\/wp\/v2\/types\/post"}],"author":[{"embeddable":true,"href":"https:\/\/www.hashtag.al\/index.php\/wp-json\/wp\/v2\/users\/30"}],"replies":[{"embeddable":true,"href":"https:\/\/www.hashtag.al\/index.php\/wp-json\/wp\/v2\/comments?post=410985"}],"version-history":[{"count":0,"href":"https:\/\/www.hashtag.al\/index.php\/wp-json\/wp\/v2\/posts\/410985\/revisions"}],"wp:featuredmedia":[{"embeddable":true,"href":"https:\/\/www.hashtag.al\/index.php\/wp-json\/wp\/v2\/media\/410986"}],"wp:attachment":[{"href":"https:\/\/www.hashtag.al\/index.php\/wp-json\/wp\/v2\/media?parent=410985"}],"wp:term":[{"taxonomy":"category","embeddable":true,"href":"https:\/\/www.hashtag.al\/index.php\/wp-json\/wp\/v2\/categories?post=410985"},{"taxonomy":"post_tag","embeddable":true,"href":"https:\/\/www.hashtag.al\/index.php\/wp-json\/wp\/v2\/tags?post=410985"}],"curies":[{"name":"wp","href":"https:\/\/api.w.org\/{rel}","templated":true}]}}