{"id":410983,"date":"2020-11-12T10:04:54","date_gmt":"2020-11-12T09:04:54","guid":{"rendered":"https:\/\/hashtag.al\/?p=410983"},"modified":"2020-11-12T10:17:16","modified_gmt":"2020-11-12T09:17:16","slug":"anila-denaj-konfirmohet-me-koronavirus","status":"publish","type":"post","link":"https:\/\/www.hashtag.al\/index.php\/2020\/11\/12\/anila-denaj-konfirmohet-me-koronavirus\/","title":{"rendered":"Anila Denaj konfirmohet me koronavirus","gt_translate_keys":[{"key":"rendered","format":"text"}]},"content":{"rendered":"<p><a href=\"https:\/\/hashtag.al\/wp-content\/uploads\/2020\/03\/aniladenaj.jpeg\"><img loading=\"lazy\" decoding=\"async\" class=\"aligncenter size-full wp-image-357933\" src=\"https:\/\/hashtag.al\/wp-content\/uploads\/2020\/03\/aniladenaj.jpeg\" alt=\"\" width=\"1280\" height=\"853\" srcset=\"https:\/\/www.hashtag.al\/wp-content\/uploads\/2020\/03\/aniladenaj.jpeg 1280w, https:\/\/www.hashtag.al\/wp-content\/uploads\/2020\/03\/aniladenaj-300x200.jpeg 300w, https:\/\/www.hashtag.al\/wp-content\/uploads\/2020\/03\/aniladenaj-768x512.jpeg 768w, https:\/\/www.hashtag.al\/wp-content\/uploads\/2020\/03\/aniladenaj-1024x682.jpeg 1024w\" sizes=\"auto, (max-width: 1280px) 100vw, 1280px\" \/><\/a><\/p>\n<p><span style=\"color: #000000;\">Ministrja e Financave, Anila Denaj \u00ebsht\u00eb konfirmuar me Covid-19. Lajmin e ka b\u00ebr\u00eb t\u00eb ditur vet\u00eb ministrja, e cila thot\u00eb se \u00ebsht\u00eb karantinuar n\u00eb banes\u00ebn e saj dhe se po ndjek t\u00eb gjitha udh\u00ebzimet e mjek\u00ebve.<\/span><\/p>\n<p><span style=\"color: #000000;\">Ajo u b\u00ebn apel qytetar\u00ebve q\u00eb t\u00eb zbatojn\u00eb rregullat p\u00ebr t\u2019u mbrojtur nga koronavirusi.<\/span><\/p>\n<p><em><span style=\"color: #000000;\">\u201cT\u00eb dashur miq, Pas testimit p\u00ebr COVID 19, ju informoj se kam rezultuar pozitive. Aktualisht jam karantinuar, duke ndjekur udh\u00ebzimet e mjek\u00ebve p\u00ebr hapat e m\u00ebtejsh\u00ebm dhe trajtimin gradual t\u00eb s\u00ebmundjes.<\/span><\/em><\/p>\n<p><span style=\"color: #000000;\"><em>Ju ftoj t\u00eb gjith\u00ebve, t\u00eb zbatojm\u00eb rregullat e higjien\u00ebs dhe t\u00eb mbajm\u00eb mask\u00ebn duke ruajtur distanc\u00ebn sociale. Ju uroj sh\u00ebndet t\u00eb plot\u00eb!\u201d<\/em>&#8211; shkruan ministrja.<\/span><\/p>\n<p><span style=\"color: #000000;\">Anila Denaj\u00a0\u00ebsht\u00eb ministrja e tret\u00eb, e cila \u00ebsht\u00eb prekur nga koronavirusi. Kujtojm\u00eb se jav\u00ebn e kaluar<\/span><\/p>\n<p><span style=\"color: #000000;\">Para dy jav\u00ebsh u dha lajmi se ishte prekur nga Covidi ministrja e Infrastruktur\u00ebs dhe Energjetikes, Belinda Balluku. Dit\u00eb m\u00eb pas edhe ministri i Turizmit, Blendi Klosi dha lajmin se ishte i infektuar.<\/span><\/p>\n<p>&nbsp;<\/p>\n","protected":false,"gt_translate_keys":[{"key":"rendered","format":"html"}]},"excerpt":{"rendered":"<p>Ministrja e Financave, Anila Denaj \u00ebsht\u00eb konfirmuar me Covid-19. Lajmin e ka b\u00ebr\u00eb t\u00eb ditur vet\u00eb ministrja, e cila thot\u00eb se \u00ebsht\u00eb karantinuar n\u00eb banes\u00ebn e saj dhe se po ndjek t\u00eb gjitha udh\u00ebzimet e mjek\u00ebve. Ajo u b\u00ebn apel qytetar\u00ebve q\u00eb t\u00eb zbatojn\u00eb rregullat p\u00ebr t\u2019u mbrojtur nga koronavirusi. \u201cT\u00eb dashur miq, Pas testimit [&hellip;]<\/p>\n","protected":false,"gt_translate_keys":[{"key":"rendered","format":"html"}]},"author":30,"featured_media":357933,"comment_status":"open","ping_status":"open","sticky":false,"template":"","format":"standard","meta":{"footnotes":""},"categories":[65,13],"tags":[],"class_list":["post-410983","post","type-post","status-publish","format-standard","has-post-thumbnail","hentry","category-lajme","category-te-fundit"],"gt_translate_keys":[{"key":"link","format":"url"}],"_links":{"self":[{"href":"https:\/\/www.hashtag.al\/index.php\/wp-json\/wp\/v2\/posts\/410983","targetHints":{"allow":["GET"]}}],"collection":[{"href":"https:\/\/www.hashtag.al\/index.php\/wp-json\/wp\/v2\/posts"}],"about":[{"href":"https:\/\/www.hashtag.al\/index.php\/wp-json\/wp\/v2\/types\/post"}],"author":[{"embeddable":true,"href":"https:\/\/www.hashtag.al\/index.php\/wp-json\/wp\/v2\/users\/30"}],"replies":[{"embeddable":true,"href":"https:\/\/www.hashtag.al\/index.php\/wp-json\/wp\/v2\/comments?post=410983"}],"version-history":[{"count":0,"href":"https:\/\/www.hashtag.al\/index.php\/wp-json\/wp\/v2\/posts\/410983\/revisions"}],"wp:featuredmedia":[{"embeddable":true,"href":"https:\/\/www.hashtag.al\/index.php\/wp-json\/wp\/v2\/media\/357933"}],"wp:attachment":[{"href":"https:\/\/www.hashtag.al\/index.php\/wp-json\/wp\/v2\/media?parent=410983"}],"wp:term":[{"taxonomy":"category","embeddable":true,"href":"https:\/\/www.hashtag.al\/index.php\/wp-json\/wp\/v2\/categories?post=410983"},{"taxonomy":"post_tag","embeddable":true,"href":"https:\/\/www.hashtag.al\/index.php\/wp-json\/wp\/v2\/tags?post=410983"}],"curies":[{"name":"wp","href":"https:\/\/api.w.org\/{rel}","templated":true}]}}