{"id":410298,"date":"2020-11-06T15:08:22","date_gmt":"2020-11-06T14:08:22","guid":{"rendered":"https:\/\/hashtag.al\/?p=410298"},"modified":"2020-11-06T15:08:22","modified_gmt":"2020-11-06T14:08:22","slug":"gjykata-administrative-rrezon-vendimin-e-ked-se-papandile-rikthehet-ne-gare-per-kushtetuesen","status":"publish","type":"post","link":"https:\/\/www.hashtag.al\/index.php\/2020\/11\/06\/gjykata-administrative-rrezon-vendimin-e-ked-se-papandile-rikthehet-ne-gare-per-kushtetuesen\/","title":{"rendered":"Gjykata Administrative rr\u00ebzon vendimin e KED-s\u00eb, Papandile rikthehet n\u00eb gar\u00eb p\u00ebr Kushtetuesen","gt_translate_keys":[{"key":"rendered","format":"text"}]},"content":{"rendered":"<p><a href=\"https:\/\/hashtag.al\/wp-content\/uploads\/2020\/11\/Papandile.jpg\"><img loading=\"lazy\" decoding=\"async\" class=\"aligncenter size-full wp-image-410299\" src=\"https:\/\/hashtag.al\/wp-content\/uploads\/2020\/11\/Papandile.jpg\" alt=\"\" width=\"640\" height=\"364\" srcset=\"https:\/\/www.hashtag.al\/wp-content\/uploads\/2020\/11\/Papandile.jpg 640w, https:\/\/www.hashtag.al\/wp-content\/uploads\/2020\/11\/Papandile-300x171.jpg 300w\" sizes=\"auto, (max-width: 640px) 100vw, 640px\" \/><\/a><\/p>\n<p><span style=\"color: #000000;\">Gjykata Administrative e Apelit ka rr\u00ebzuar vendimin e KE-s\u00eb p\u00ebr skualifikimin nga gara p\u00ebr n\u00eb Kushtetuese t\u00eb Eugen Papandiles.<\/span><\/p>\n<p><span style=\"color: #000000;\">Apeli ka pranuar padin\u00eb e Eugen Papandiles, i cili e paditi KED-n\u00eb pasi deklaroi se ishte skualifikuar padrejt\u00ebsisht nga gara p\u00ebr n\u00eb Gjykat\u00ebn Kushtetuese.<\/span><\/p>\n<p><span style=\"color: #000000;\">Pas vendimit t\u00eb Apelit, KED do t\u00eb detyrohet rishqyrtoj\u00eb kandidimin e Eugen Papandiles.<\/span><\/p>\n<p><span style=\"color: #000000;\">Papandile m\u00eb par\u00eb ka mbajtur n\u00eb Gjykat\u00ebn Kushtetuese postin e Sekretarit t\u00eb P\u00ebrgjithsh\u00ebm kurse tani do t\u00eb jet\u00eb an\u00ebtar- gjyqtar.<\/span><\/p>\n","protected":false,"gt_translate_keys":[{"key":"rendered","format":"html"}]},"excerpt":{"rendered":"<p>Gjykata Administrative e Apelit ka rr\u00ebzuar vendimin e KE-s\u00eb p\u00ebr skualifikimin nga gara p\u00ebr n\u00eb Kushtetuese t\u00eb Eugen Papandiles. Apeli ka pranuar padin\u00eb e Eugen Papandiles, i cili e paditi KED-n\u00eb pasi deklaroi se ishte skualifikuar padrejt\u00ebsisht nga gara p\u00ebr n\u00eb Gjykat\u00ebn Kushtetuese. Pas vendimit t\u00eb Apelit, KED do t\u00eb detyrohet rishqyrtoj\u00eb kandidimin e Eugen [&hellip;]<\/p>\n","protected":false,"gt_translate_keys":[{"key":"rendered","format":"html"}]},"author":30,"featured_media":410299,"comment_status":"open","ping_status":"open","sticky":false,"template":"","format":"standard","meta":{"footnotes":""},"categories":[65,13],"tags":[],"class_list":["post-410298","post","type-post","status-publish","format-standard","has-post-thumbnail","hentry","category-lajme","category-te-fundit"],"gt_translate_keys":[{"key":"link","format":"url"}],"_links":{"self":[{"href":"https:\/\/www.hashtag.al\/index.php\/wp-json\/wp\/v2\/posts\/410298","targetHints":{"allow":["GET"]}}],"collection":[{"href":"https:\/\/www.hashtag.al\/index.php\/wp-json\/wp\/v2\/posts"}],"about":[{"href":"https:\/\/www.hashtag.al\/index.php\/wp-json\/wp\/v2\/types\/post"}],"author":[{"embeddable":true,"href":"https:\/\/www.hashtag.al\/index.php\/wp-json\/wp\/v2\/users\/30"}],"replies":[{"embeddable":true,"href":"https:\/\/www.hashtag.al\/index.php\/wp-json\/wp\/v2\/comments?post=410298"}],"version-history":[{"count":0,"href":"https:\/\/www.hashtag.al\/index.php\/wp-json\/wp\/v2\/posts\/410298\/revisions"}],"wp:featuredmedia":[{"embeddable":true,"href":"https:\/\/www.hashtag.al\/index.php\/wp-json\/wp\/v2\/media\/410299"}],"wp:attachment":[{"href":"https:\/\/www.hashtag.al\/index.php\/wp-json\/wp\/v2\/media?parent=410298"}],"wp:term":[{"taxonomy":"category","embeddable":true,"href":"https:\/\/www.hashtag.al\/index.php\/wp-json\/wp\/v2\/categories?post=410298"},{"taxonomy":"post_tag","embeddable":true,"href":"https:\/\/www.hashtag.al\/index.php\/wp-json\/wp\/v2\/tags?post=410298"}],"curies":[{"name":"wp","href":"https:\/\/api.w.org\/{rel}","templated":true}]}}