{"id":410096,"date":"2020-11-05T14:15:45","date_gmt":"2020-11-05T13:15:45","guid":{"rendered":"https:\/\/hashtag.al\/?p=410096"},"modified":"2020-11-05T14:15:45","modified_gmt":"2020-11-05T13:15:45","slug":"basha-smund-te-barazohet-lufta-e-uck-se-me-genocidin-serb-e-verteta-do-ngadhnjeje","status":"publish","type":"post","link":"https:\/\/www.hashtag.al\/index.php\/2020\/11\/05\/basha-smund-te-barazohet-lufta-e-uck-se-me-genocidin-serb-e-verteta-do-ngadhnjeje\/","title":{"rendered":"Basha: S&#8217;mund t\u00eb barazohet lufta e U\u00c7K-s\u00eb me genocidin serb, e v\u00ebrteta do ngadhnjej\u00eb","gt_translate_keys":[{"key":"rendered","format":"text"}]},"content":{"rendered":"<p><img loading=\"lazy\" decoding=\"async\" class=\"aligncenter size-full wp-image-410097\" src=\"https:\/\/hashtag.al\/wp-content\/uploads\/2020\/11\/uck.jpg\" alt=\"\" width=\"940\" height=\"528\" srcset=\"https:\/\/www.hashtag.al\/wp-content\/uploads\/2020\/11\/uck.jpg 940w, https:\/\/www.hashtag.al\/wp-content\/uploads\/2020\/11\/uck-300x169.jpg 300w, https:\/\/www.hashtag.al\/wp-content\/uploads\/2020\/11\/uck-768x431.jpg 768w\" sizes=\"auto, (max-width: 940px) 100vw, 940px\" \/><\/p>\n<p><span style=\"color: #000000;\">Kreu i PD-s\u00eb, Basha, ka shkruar sot se lufta e U\u00c7K-s\u00eb, ishte e drejt\u00eb p\u00ebrball\u00eb agresionit e krimeve kund\u00ebr njer\u00ebzimit t\u00eb kryera nga regjimi kriminal i Sllobodan Milloshevi\u00e7it. <\/span><\/p>\n<p><span style=\"color: #000000;\">Kryedemokrati ka reaguar pas dor\u00ebheqjes s\u00eb presidentit t\u00eb Kosov\u00ebs, Tha\u00e7i e daljen e tij para Gjykat\u00ebs Speciale bashk\u00eb me Kadri Veselin e Jakup Krasniqin.<\/span><\/p>\n<p><span style=\"color: #000000;\"><em>\u201cLufta e Ushtris\u00eb \u00c7lirimtare t\u00eb Kosov\u00ebs ishte nj\u00eb luft\u00eb e drejt\u00eb p\u00ebrball\u00eb agresionit dhe krimeve kund\u00ebr njer\u00ebzimit e spastrimit etnik q\u00eb regjimi kriminal i Milloshevi\u00e7it po kryente ndaj popullsis\u00eb s\u00eb pambrojtur n\u00eb Kosov\u00eb. An\u00ebtar\u00ebt e U\u00c7K-s\u00eb, pjes\u00ebmarr\u00ebs n\u00eb k\u00ebt\u00eb luft\u00eb t\u00eb pabarabart\u00eb, jan\u00eb p\u00ebrballur e kan\u00eb dal\u00eb faqebardh\u00eb ndaj akuzave t\u00eb ndryshme q\u00eb jan\u00eb ngritur ndaj tyre. T\u00eb tjer\u00eb luft\u00ebtar\u00eb po p\u00ebrballen sot.<\/em><\/span><\/p>\n<p><span style=\"color: #000000;\"><em>Jam i bindur se edhe ata, q\u00eb nga presidenti Hashim Tha\u00e7i, kryetari i PDK Kadri Veseli, ish kryetari i Kuvendit Jakup Krasniqi e luft\u00ebtar\u00eb t\u00eb tjer\u00eb t\u00eb U\u00c7K-s\u00eb, do t\u2019i faktojn\u00eb drejt\u00ebsis\u00eb dhe mbar\u00eb bot\u00ebs se aktakuzat ndaj tyre jan\u00eb t\u00eb pabaza.\u201d<\/em> \u2013 shkruan Basha.<\/span><\/p>\n<p><span style=\"color: #000000;\">Ai shton m\u00eb tej se viktima nuk mund t\u00eb barazohet me agresorin dhe lufta e U\u00c7K-s\u00eb nuk mund t\u00eb barazohet me masakrat dhe genocidin nga ana e Serbis\u00eb. N\u00eb fund Basha thekson se \u00ebsht\u00eb i bindur q\u00eb e v\u00ebrteta do ngadhnjej\u00eb.<\/span><\/p>\n<p><span style=\"color: #000000;\"><em>\u201cAskush nuk mund t\u00eb barazoj\u00eb viktim\u00ebn me agresorin. Askush nuk mund t\u00eb barazoj\u00eb luft\u00ebn e drejt\u00eb t\u00eb U\u00c7K-s\u00eb p\u00ebr dinjitet njer\u00ebzor dhe liri, me masakrat dhe genocidin e ushtruar nga hordhit\u00eb kriminale t\u00eb Milloshevi\u00e7it ndaj popullsis\u00eb civile t\u00eb Kosov\u00ebs. Lufta e U\u00c7K-s\u00eb pati n\u00eb krah t\u00eb saj Aleanc\u00ebn e Atlantikut t\u00eb Veriut me n\u00eb krye SHBA, sepse ishte nj\u00eb luft\u00eb e drejt\u00eb. Shqiptar\u00ebt pat\u00ebn n\u00eb krah dhe mbrojtje t\u00eb tyre t\u00eb gjitha vendet demokratike t\u00eb bot\u00ebs sepse ndaj tyre po kryeheshin krimet m\u00eb \u00e7njer\u00ebzore. Asnj\u00eb shqiptar i Kosov\u00ebs nuk i \u00ebsht\u00eb fshehur drejt\u00ebsis\u00eb por \u00ebsht\u00eb p\u00ebrballur dhe ka ngadhnjyer. Jam i bindur se edhe k\u00ebt\u00eb her\u00eb e v\u00ebrteta do t\u00eb ngadhnjej\u00eb dhe se asgj\u00eb nuk do mund t\u00eb p\u00ebrbalt\u00eb luft\u00ebn e drejt\u00eb t\u00eb U\u00c7K p\u00ebr liri.\u201d<\/em> \u2013 mbyll Basha reagimin e tij.<\/span><\/p>\n","protected":false,"gt_translate_keys":[{"key":"rendered","format":"html"}]},"excerpt":{"rendered":"<p>Kreu i PD-s\u00eb, Basha, ka shkruar sot se lufta e U\u00c7K-s\u00eb, ishte e drejt\u00eb p\u00ebrball\u00eb agresionit e krimeve kund\u00ebr njer\u00ebzimit t\u00eb kryera nga regjimi kriminal i Sllobodan Milloshevi\u00e7it. Kryedemokrati ka reaguar pas dor\u00ebheqjes s\u00eb presidentit t\u00eb Kosov\u00ebs, Tha\u00e7i e daljen e tij para Gjykat\u00ebs Speciale bashk\u00eb me Kadri Veselin e Jakup Krasniqin. \u201cLufta e Ushtris\u00eb [&hellip;]<\/p>\n","protected":false,"gt_translate_keys":[{"key":"rendered","format":"html"}]},"author":51,"featured_media":410097,"comment_status":"open","ping_status":"open","sticky":false,"template":"","format":"standard","meta":{"footnotes":""},"categories":[65,13],"tags":[],"class_list":["post-410096","post","type-post","status-publish","format-standard","has-post-thumbnail","hentry","category-lajme","category-te-fundit"],"gt_translate_keys":[{"key":"link","format":"url"}],"_links":{"self":[{"href":"https:\/\/www.hashtag.al\/index.php\/wp-json\/wp\/v2\/posts\/410096","targetHints":{"allow":["GET"]}}],"collection":[{"href":"https:\/\/www.hashtag.al\/index.php\/wp-json\/wp\/v2\/posts"}],"about":[{"href":"https:\/\/www.hashtag.al\/index.php\/wp-json\/wp\/v2\/types\/post"}],"author":[{"embeddable":true,"href":"https:\/\/www.hashtag.al\/index.php\/wp-json\/wp\/v2\/users\/51"}],"replies":[{"embeddable":true,"href":"https:\/\/www.hashtag.al\/index.php\/wp-json\/wp\/v2\/comments?post=410096"}],"version-history":[{"count":0,"href":"https:\/\/www.hashtag.al\/index.php\/wp-json\/wp\/v2\/posts\/410096\/revisions"}],"wp:featuredmedia":[{"embeddable":true,"href":"https:\/\/www.hashtag.al\/index.php\/wp-json\/wp\/v2\/media\/410097"}],"wp:attachment":[{"href":"https:\/\/www.hashtag.al\/index.php\/wp-json\/wp\/v2\/media?parent=410096"}],"wp:term":[{"taxonomy":"category","embeddable":true,"href":"https:\/\/www.hashtag.al\/index.php\/wp-json\/wp\/v2\/categories?post=410096"},{"taxonomy":"post_tag","embeddable":true,"href":"https:\/\/www.hashtag.al\/index.php\/wp-json\/wp\/v2\/tags?post=410096"}],"curies":[{"name":"wp","href":"https:\/\/api.w.org\/{rel}","templated":true}]}}