{"id":410084,"date":"2020-11-05T13:14:43","date_gmt":"2020-11-05T12:14:43","guid":{"rendered":"https:\/\/hashtag.al\/?p=410084"},"modified":"2020-11-05T13:21:27","modified_gmt":"2020-11-05T12:21:27","slug":"rama-procesi-ndaj-thacit-absurd-ka-mbeshtetjen-e-solidaritetin-e-shqiperise","status":"publish","type":"post","link":"https:\/\/www.hashtag.al\/index.php\/2020\/11\/05\/rama-procesi-ndaj-thacit-absurd-ka-mbeshtetjen-e-solidaritetin-e-shqiperise\/","title":{"rendered":"Rama: Procesi ndaj Tha\u00e7it absurd, ka mb\u00ebshtetjen e solidaritetin e Shqip\u00ebris\u00eb","gt_translate_keys":[{"key":"rendered","format":"text"}]},"content":{"rendered":"<p><img loading=\"lazy\" decoding=\"async\" class=\"aligncenter size-full wp-image-253316\" src=\"https:\/\/hashtag.al\/wp-content\/uploads\/2018\/11\/ramathaci26nentior.jpg\" alt=\"\" width=\"1042\" height=\"663\" srcset=\"https:\/\/www.hashtag.al\/wp-content\/uploads\/2018\/11\/ramathaci26nentior.jpg 1042w, https:\/\/www.hashtag.al\/wp-content\/uploads\/2018\/11\/ramathaci26nentior-300x191.jpg 300w, https:\/\/www.hashtag.al\/wp-content\/uploads\/2018\/11\/ramathaci26nentior-768x489.jpg 768w, https:\/\/www.hashtag.al\/wp-content\/uploads\/2018\/11\/ramathaci26nentior-1024x652.jpg 1024w\" sizes=\"auto, (max-width: 1042px) 100vw, 1042px\" \/><\/p>\n<p><span style=\"color: #000000;\">Kryeministri Rama ka shprehur mb\u00ebshtetjen e tij p\u00ebr ish-presidentin e Kosov\u00ebs, Hashim Tha\u00e7i. <\/span><\/p>\n<p><span style=\"color: #000000;\">Ai shkruan se Tha\u00e7i ka solidaritetin e Shqip\u00ebris\u00eb p\u00ebr betej\u00ebn e radh\u00ebs p\u00ebr Kosov\u00ebn dhe drejt\u00ebsin\u00eb e pac\u00ebnueshme t\u00eb luft\u00ebs \u00e7lirimtare nd\u00ebrsa e quan absurd procesin.<\/span><\/p>\n<p><span style=\"color: #000000;\"><em>\u201cHashim Tha\u00e7i ka gjjith\u00eb mb\u00ebshtetjen e solidaritetin e Shqip\u00ebris\u00eb n\u00eb k\u00ebt\u00eb betej\u00eb t\u00eb radh\u00ebs p\u00ebr Kosov\u00ebn dhe p\u00ebr drejt\u00ebsin\u00eb e pac\u00ebnueshme t\u00eb Luft\u00ebs \u00c7lirimtare! Procesi absurd ndaj tij do t\u00eb vulos\u00eb p\u00ebrfundimisht past\u00ebrtin\u00eb e U\u00c7K-s\u00eb dhe pamund\u00ebsin\u00eb p\u00ebr ta rishkruar historin\u00eb e saj.\u201d<\/em> &#8211; shkruan Rama n\u00eb Twitter.<\/span><\/p>\n","protected":false,"gt_translate_keys":[{"key":"rendered","format":"html"}]},"excerpt":{"rendered":"<p>Kryeministri Rama ka shprehur mb\u00ebshtetjen e tij p\u00ebr ish-presidentin e Kosov\u00ebs, Hashim Tha\u00e7i. Ai shkruan se Tha\u00e7i ka solidaritetin e Shqip\u00ebris\u00eb p\u00ebr betej\u00ebn e radh\u00ebs p\u00ebr Kosov\u00ebn dhe drejt\u00ebsin\u00eb e pac\u00ebnueshme t\u00eb luft\u00ebs \u00e7lirimtare nd\u00ebrsa e quan absurd procesin. \u201cHashim Tha\u00e7i ka gjjith\u00eb mb\u00ebshtetjen e solidaritetin e Shqip\u00ebris\u00eb n\u00eb k\u00ebt\u00eb betej\u00eb t\u00eb radh\u00ebs p\u00ebr Kosov\u00ebn [&hellip;]<\/p>\n","protected":false,"gt_translate_keys":[{"key":"rendered","format":"html"}]},"author":51,"featured_media":253314,"comment_status":"open","ping_status":"open","sticky":false,"template":"","format":"standard","meta":{"footnotes":""},"categories":[149],"tags":[],"class_list":["post-410084","post","type-post","status-publish","format-standard","has-post-thumbnail","hentry","category-kosoverajon"],"gt_translate_keys":[{"key":"link","format":"url"}],"_links":{"self":[{"href":"https:\/\/www.hashtag.al\/index.php\/wp-json\/wp\/v2\/posts\/410084","targetHints":{"allow":["GET"]}}],"collection":[{"href":"https:\/\/www.hashtag.al\/index.php\/wp-json\/wp\/v2\/posts"}],"about":[{"href":"https:\/\/www.hashtag.al\/index.php\/wp-json\/wp\/v2\/types\/post"}],"author":[{"embeddable":true,"href":"https:\/\/www.hashtag.al\/index.php\/wp-json\/wp\/v2\/users\/51"}],"replies":[{"embeddable":true,"href":"https:\/\/www.hashtag.al\/index.php\/wp-json\/wp\/v2\/comments?post=410084"}],"version-history":[{"count":0,"href":"https:\/\/www.hashtag.al\/index.php\/wp-json\/wp\/v2\/posts\/410084\/revisions"}],"wp:featuredmedia":[{"embeddable":true,"href":"https:\/\/www.hashtag.al\/index.php\/wp-json\/wp\/v2\/media\/253314"}],"wp:attachment":[{"href":"https:\/\/www.hashtag.al\/index.php\/wp-json\/wp\/v2\/media?parent=410084"}],"wp:term":[{"taxonomy":"category","embeddable":true,"href":"https:\/\/www.hashtag.al\/index.php\/wp-json\/wp\/v2\/categories?post=410084"},{"taxonomy":"post_tag","embeddable":true,"href":"https:\/\/www.hashtag.al\/index.php\/wp-json\/wp\/v2\/tags?post=410084"}],"curies":[{"name":"wp","href":"https:\/\/api.w.org\/{rel}","templated":true}]}}