{"id":410080,"date":"2020-11-05T12:56:33","date_gmt":"2020-11-05T11:56:33","guid":{"rendered":"https:\/\/hashtag.al\/?p=410080"},"modified":"2020-11-05T12:59:54","modified_gmt":"2020-11-05T11:59:54","slug":"pas-doreheqjes-hashim-thaci-shkon-ne-seline-e-eulex-it","status":"publish","type":"post","link":"https:\/\/www.hashtag.al\/index.php\/2020\/11\/05\/pas-doreheqjes-hashim-thaci-shkon-ne-seline-e-eulex-it\/","title":{"rendered":"Pas dor\u00ebheqjes, Hashim Tha\u00e7i shkon n\u00eb selin\u00eb e EULEX-it","gt_translate_keys":[{"key":"rendered","format":"text"}]},"content":{"rendered":"<p><a href=\"https:\/\/hashtag.al\/wp-content\/uploads\/2020\/11\/thaci-1.jpg\"><img loading=\"lazy\" decoding=\"async\" class=\"aligncenter size-full wp-image-410081\" src=\"https:\/\/hashtag.al\/wp-content\/uploads\/2020\/11\/thaci-1.jpg\" alt=\"\" width=\"1536\" height=\"1150\" srcset=\"https:\/\/www.hashtag.al\/wp-content\/uploads\/2020\/11\/thaci-1.jpg 1536w, https:\/\/www.hashtag.al\/wp-content\/uploads\/2020\/11\/thaci-1-300x225.jpg 300w, https:\/\/www.hashtag.al\/wp-content\/uploads\/2020\/11\/thaci-1-768x575.jpg 768w, https:\/\/www.hashtag.al\/wp-content\/uploads\/2020\/11\/thaci-1-1024x767.jpg 1024w\" sizes=\"auto, (max-width: 1536px) 100vw, 1536px\" \/><\/a><\/p>\n<p><span style=\"color: #000000;\">Pak pasi dha dor\u00ebheqjen, presidenti Hashim Tha\u00e7i ka shkuar n\u00eb selin\u00eb e EULEX-it. Ndaj tij kishte nj\u00eb urdh\u00ebr paraqitje. \u00a0<\/span><\/p>\n<p><span style=\"color: #000000;\">Mediat n\u00eb Kosov\u00eb kan\u00eb publikuar pamje t\u00eb automjetit t\u00eb tij duke hyr\u00eb brenda n\u00eb selin\u00eb e EULEX-it.<\/span><\/p>\n<p><span style=\"color: #000000;\">Tha\u00e7i konsideroi k\u00ebt\u00eb m\u00ebngjes se ndaj tij \u00ebsht\u00eb konfirmuar aktakuza nga Gjykata Speciale. P\u00ebr k\u00ebt\u00eb arsye ai dha dor\u00ebheqjen, duke th\u00ebn\u00eb se s\u2019mund t\u00eb lejoj\u00eb q\u00eb presidenti i Kosov\u00ebs t\u00eb dal\u00eb para gjyqit.<\/span><\/p>\n<p><span style=\"color: #000000;\">\u00a0\u201cDo bashk\u00ebpunoj ngusht\u00eb me drejt\u00ebsin\u00eb dhe nga ky moment jam n\u00eb dispozion t\u00eb drejt\u00ebsis\u00eb. Un\u00eb <em>besoj n\u00eb t\u00eb v\u00ebrtet\u00ebn dhe t\u00eb ardhmen e shoq\u00ebris\u00eb son\u00eb\u201d,<\/em> deklaroi Tha\u00e7i.<\/span><\/p>\n<p><span style=\"color: #000000;\">Presidenti tha se ky nuk ishte nj\u00eb fjalim lamtumire, nd\u00ebrsa premtoi se do t\u00eb dilte faqebardh\u00eb sa i takon \u00e7\u00ebshtjes s\u00eb hapur me Gjykat\u00ebn e Hag\u00ebs.<\/span><\/p>\n<p><span style=\"color: #000000;\"><em>\u201cT\u00eb dashur qytetar\u00eb, m\u00eb lejoni t\u2019ju fal\u00ebnderoj p\u00ebr solidaritetin q\u00eb keni treguar dhe mb\u00ebshtetje n\u00eb k\u00ebt\u00eb periudh\u00eb. Ju ftoj q\u00eb t\u00eb ruani qet\u00ebsin\u00eb dhe t\u00eb shmangi \u00e7do manifestim me q\u00ebllim mb\u00ebshtetje. Drejt\u00ebsia nuk b\u00ebhet n\u00eb rrug\u00eb por me ballafaqim t\u00eb argumenteve. Ju falenderoj p\u00ebr besimin q\u00eb m\u00eb keni dh\u00ebn\u00eb. Kjo nuk \u00ebsht\u00eb lamtumir\u00eb por mirupafshim. Do shihemi prap dhe do dalim faqebardh\u00eb. Zoti e bekoft\u00eb Kosov\u00ebn dhe miqt\u00eb tan\u00eb nd\u00ebrkomb\u00ebtar\u00eb.\u201d\u2013<\/em> tha Tha\u00e7i.<\/span><\/p>\n<p><span style=\"color: #000000;\">Akuza i \u00ebsht\u00eb konfirmuar edhe kreut t\u00eb Partis\u00eb Demokratike t\u00eb Kosov\u00ebs, Kadri Veseli.\u00a0Dje po ashtu ish-z\u00ebdh\u00ebn\u00ebsi i U\u00c7K-s\u00eb, Jakup Krasniqi \u00ebsht\u00eb arrestuar nga hetuesit e Gjykat\u00ebs Speciale dhe \u00ebsht\u00eb d\u00ebrguar p\u00ebr n\u00eb Hag\u00eb.<\/span><\/p>\n<p><span style=\"color: #000000;\">Krasniqi \u00ebsht\u00eb arrestuar n\u00eb baz\u00eb t\u00eb nj\u00eb aktakuze t\u00eb konfirmuar p\u00ebr krime lufte dhe krime kund\u00ebr njer\u00ebzimit.<\/span><\/p>\n<p><iframe loading=\"lazy\" style=\"border: none; overflow: hidden;\" src=\"https:\/\/www.facebook.com\/plugins\/video.php?href=https%3A%2F%2Fwww.facebook.com%2FKlanKosovaOfficial1%2Fvideos%2F1780883758731207%2F&amp;show_text=0&amp;width=560\" width=\"560\" height=\"315\" frameborder=\"0\" scrolling=\"no\" allowfullscreen=\"allowfullscreen\"><\/iframe><\/p>\n","protected":false,"gt_translate_keys":[{"key":"rendered","format":"html"}]},"excerpt":{"rendered":"<p>Pak pasi dha dor\u00ebheqjen, presidenti Hashim Tha\u00e7i ka shkuar n\u00eb selin\u00eb e EULEX-it. Ndaj tij kishte nj\u00eb urdh\u00ebr paraqitje. \u00a0 Mediat n\u00eb Kosov\u00eb kan\u00eb publikuar pamje t\u00eb automjetit t\u00eb tij duke hyr\u00eb brenda n\u00eb selin\u00eb e EULEX-it. Tha\u00e7i konsideroi k\u00ebt\u00eb m\u00ebngjes se ndaj tij \u00ebsht\u00eb konfirmuar aktakuza nga Gjykata Speciale. P\u00ebr k\u00ebt\u00eb arsye ai dha [&hellip;]<\/p>\n","protected":false,"gt_translate_keys":[{"key":"rendered","format":"html"}]},"author":30,"featured_media":410081,"comment_status":"open","ping_status":"open","sticky":false,"template":"","format":"standard","meta":{"footnotes":""},"categories":[65,13],"tags":[],"class_list":["post-410080","post","type-post","status-publish","format-standard","has-post-thumbnail","hentry","category-lajme","category-te-fundit"],"gt_translate_keys":[{"key":"link","format":"url"}],"_links":{"self":[{"href":"https:\/\/www.hashtag.al\/index.php\/wp-json\/wp\/v2\/posts\/410080","targetHints":{"allow":["GET"]}}],"collection":[{"href":"https:\/\/www.hashtag.al\/index.php\/wp-json\/wp\/v2\/posts"}],"about":[{"href":"https:\/\/www.hashtag.al\/index.php\/wp-json\/wp\/v2\/types\/post"}],"author":[{"embeddable":true,"href":"https:\/\/www.hashtag.al\/index.php\/wp-json\/wp\/v2\/users\/30"}],"replies":[{"embeddable":true,"href":"https:\/\/www.hashtag.al\/index.php\/wp-json\/wp\/v2\/comments?post=410080"}],"version-history":[{"count":0,"href":"https:\/\/www.hashtag.al\/index.php\/wp-json\/wp\/v2\/posts\/410080\/revisions"}],"wp:featuredmedia":[{"embeddable":true,"href":"https:\/\/www.hashtag.al\/index.php\/wp-json\/wp\/v2\/media\/410081"}],"wp:attachment":[{"href":"https:\/\/www.hashtag.al\/index.php\/wp-json\/wp\/v2\/media?parent=410080"}],"wp:term":[{"taxonomy":"category","embeddable":true,"href":"https:\/\/www.hashtag.al\/index.php\/wp-json\/wp\/v2\/categories?post=410080"},{"taxonomy":"post_tag","embeddable":true,"href":"https:\/\/www.hashtag.al\/index.php\/wp-json\/wp\/v2\/tags?post=410080"}],"curies":[{"name":"wp","href":"https:\/\/api.w.org\/{rel}","templated":true}]}}