{"id":410070,"date":"2020-11-05T12:16:59","date_gmt":"2020-11-05T11:16:59","guid":{"rendered":"https:\/\/hashtag.al\/?p=410070"},"modified":"2020-11-05T12:19:47","modified_gmt":"2020-11-05T11:19:47","slug":"doreheqja-e-thacit-vjosa-osmani-merr-pergjegjesite-e-presidentit","status":"publish","type":"post","link":"https:\/\/www.hashtag.al\/index.php\/2020\/11\/05\/doreheqja-e-thacit-vjosa-osmani-merr-pergjegjesite-e-presidentit\/","title":{"rendered":"Dor\u00ebheqja e Tha\u00e7it, Vjosa Osmani merr p\u00ebrgjegj\u00ebsit\u00eb e presidentit","gt_translate_keys":[{"key":"rendered","format":"text"}]},"content":{"rendered":"<p><img loading=\"lazy\" decoding=\"async\" class=\"aligncenter size-full wp-image-382204\" src=\"https:\/\/hashtag.al\/wp-content\/uploads\/2020\/06\/Vjosa-Osmani.jpg\" alt=\"\" width=\"633\" height=\"347\" srcset=\"https:\/\/www.hashtag.al\/wp-content\/uploads\/2020\/06\/Vjosa-Osmani.jpg 633w, https:\/\/www.hashtag.al\/wp-content\/uploads\/2020\/06\/Vjosa-Osmani-300x164.jpg 300w\" sizes=\"auto, (max-width: 633px) 100vw, 633px\" \/><\/p>\n<p><span style=\"color: #000000;\">Pas dor\u00ebheqjes s\u00eb presidentit Tha\u00e7i, vendin e tij e ka marr\u00eb kryetarja e Kuvendit, Vjosa Osmani.<\/span><\/p>\n<p><span style=\"color: #000000;\">K\u00ebt\u00eb gj\u00eb e parashikon Kushtetuta e Kosov\u00ebs, q\u00eb n\u00eb rast dor\u00ebheqjeje apo shkarkimi t\u00eb presidentit, vendin e z\u00eb kryeparlamentari. <\/span><\/p>\n<p><span style=\"color: #000000;\">Tha\u00e7i dha dor\u00ebheqjen pas konfirmit t\u00eb akuzave ndaj tij nga Gjykata Speciale.<\/span><\/p>\n","protected":false,"gt_translate_keys":[{"key":"rendered","format":"html"}]},"excerpt":{"rendered":"<p>Pas dor\u00ebheqjes s\u00eb presidentit Tha\u00e7i, vendin e tij e ka marr\u00eb kryetarja e Kuvendit, Vjosa Osmani. K\u00ebt\u00eb gj\u00eb e parashikon Kushtetuta e Kosov\u00ebs, q\u00eb n\u00eb rast dor\u00ebheqjeje apo shkarkimi t\u00eb presidentit, vendin e z\u00eb kryeparlamentari. Tha\u00e7i dha dor\u00ebheqjen pas konfirmit t\u00eb akuzave ndaj tij nga Gjykata Speciale.<\/p>\n","protected":false,"gt_translate_keys":[{"key":"rendered","format":"html"}]},"author":51,"featured_media":382204,"comment_status":"open","ping_status":"open","sticky":false,"template":"","format":"standard","meta":{"footnotes":""},"categories":[149],"tags":[],"class_list":["post-410070","post","type-post","status-publish","format-standard","has-post-thumbnail","hentry","category-kosoverajon"],"gt_translate_keys":[{"key":"link","format":"url"}],"_links":{"self":[{"href":"https:\/\/www.hashtag.al\/index.php\/wp-json\/wp\/v2\/posts\/410070","targetHints":{"allow":["GET"]}}],"collection":[{"href":"https:\/\/www.hashtag.al\/index.php\/wp-json\/wp\/v2\/posts"}],"about":[{"href":"https:\/\/www.hashtag.al\/index.php\/wp-json\/wp\/v2\/types\/post"}],"author":[{"embeddable":true,"href":"https:\/\/www.hashtag.al\/index.php\/wp-json\/wp\/v2\/users\/51"}],"replies":[{"embeddable":true,"href":"https:\/\/www.hashtag.al\/index.php\/wp-json\/wp\/v2\/comments?post=410070"}],"version-history":[{"count":0,"href":"https:\/\/www.hashtag.al\/index.php\/wp-json\/wp\/v2\/posts\/410070\/revisions"}],"wp:featuredmedia":[{"embeddable":true,"href":"https:\/\/www.hashtag.al\/index.php\/wp-json\/wp\/v2\/media\/382204"}],"wp:attachment":[{"href":"https:\/\/www.hashtag.al\/index.php\/wp-json\/wp\/v2\/media?parent=410070"}],"wp:term":[{"taxonomy":"category","embeddable":true,"href":"https:\/\/www.hashtag.al\/index.php\/wp-json\/wp\/v2\/categories?post=410070"},{"taxonomy":"post_tag","embeddable":true,"href":"https:\/\/www.hashtag.al\/index.php\/wp-json\/wp\/v2\/tags?post=410070"}],"curies":[{"name":"wp","href":"https:\/\/api.w.org\/{rel}","templated":true}]}}