{"id":409994,"date":"2020-11-05T07:48:28","date_gmt":"2020-11-05T06:48:28","guid":{"rendered":"https:\/\/hashtag.al\/?p=409994"},"modified":"2020-11-05T07:54:40","modified_gmt":"2020-11-05T06:54:40","slug":"cfare-dime-per-te-riun-qe-vrau-kater-veta-ne-vjene","status":"publish","type":"post","link":"https:\/\/www.hashtag.al\/index.php\/2020\/11\/05\/cfare-dime-per-te-riun-qe-vrau-kater-veta-ne-vjene\/","title":{"rendered":"\u00c7far\u00eb dim\u00eb p\u00ebr t\u00eb riun q\u00eb vrau kat\u00ebr veta n\u00eb Vjen\u00eb","gt_translate_keys":[{"key":"rendered","format":"text"}]},"content":{"rendered":"<p><a href=\"https:\/\/hashtag.al\/wp-content\/uploads\/2020\/11\/Kujtim-Fejzulai.jpg\"><img loading=\"lazy\" decoding=\"async\" class=\"aligncenter size-full wp-image-409995\" src=\"https:\/\/hashtag.al\/wp-content\/uploads\/2020\/11\/Kujtim-Fejzulai.jpg\" alt=\"\" width=\"717\" height=\"357\" srcset=\"https:\/\/www.hashtag.al\/wp-content\/uploads\/2020\/11\/Kujtim-Fejzulai.jpg 717w, https:\/\/www.hashtag.al\/wp-content\/uploads\/2020\/11\/Kujtim-Fejzulai-300x149.jpg 300w\" sizes=\"auto, (max-width: 717px) 100vw, 717px\" \/><\/a><\/p>\n<p><span style=\"color: #000000;\">I veshur me nj\u00eb bluz\u00eb dhe kapuc t\u00eb zi, me nj\u00eb pushk\u00eb automatike, nj\u00eb pistolet\u00eb dhe nj\u00eb hanxhar n\u00eb duar, 20-vje\u00e7ari Kujtim Fejzulai pozoi p\u00ebr foto p\u00ebrpara se t\u00eb nisej p\u00ebr t\u00eb kryer masakr\u00ebn n\u00eb Vjen\u00eb. Dhe foton e publikoi n\u00eb Instagram.<\/span><\/p>\n<p><a href=\"https:\/\/hashtag.al\/wp-content\/uploads\/2020\/11\/Fejzulai.jpg\"><img loading=\"lazy\" decoding=\"async\" class=\"aligncenter size-full wp-image-409996\" src=\"https:\/\/hashtag.al\/wp-content\/uploads\/2020\/11\/Fejzulai.jpg\" alt=\"\" width=\"3824\" height=\"2148\" srcset=\"https:\/\/www.hashtag.al\/wp-content\/uploads\/2020\/11\/Fejzulai.jpg 3824w, https:\/\/www.hashtag.al\/wp-content\/uploads\/2020\/11\/Fejzulai-300x169.jpg 300w, https:\/\/www.hashtag.al\/wp-content\/uploads\/2020\/11\/Fejzulai-768x431.jpg 768w, https:\/\/www.hashtag.al\/wp-content\/uploads\/2020\/11\/Fejzulai-1024x575.jpg 1024w\" sizes=\"auto, (max-width: 3824px) 100vw, 3824px\" \/><\/a><\/p>\n<p><span style=\"color: #000000;\">T\u00eb h\u00ebn\u00ebn Fejzulai vrau kat\u00ebr persona dhe plagosi 22 t\u00eb tjer\u00eb n\u00eb at\u00eb q\u00eb ishte sulmi m\u00eb vdekjeprur\u00ebs n\u00eb dekada n\u00eb kryeqytetin e Austris\u00eb.<\/span><\/p>\n<p><span style=\"color: #000000;\">Ai q\u00eblloi ndaj kalimtar\u00ebve p\u00ebr rreth n\u00ebnt\u00eb minuta derisa u q\u00ebllua p\u00ebr vdekje nga policia. Sipas d\u00ebshmitar\u00ebve dhe videove t\u00eb publikuara n\u00eb rrjet, ai n\u00eb nj\u00eb moment u kthye p\u00ebr t\u00eb q\u00eblluar nj\u00eb nga viktimat p\u00ebr her\u00eb t\u00eb dyt\u00eb.<\/span><\/p>\n<p><a href=\"https:\/\/hashtag.al\/wp-content\/uploads\/2020\/11\/Kujtim-Fejzulai-2.jpg\"><img loading=\"lazy\" decoding=\"async\" class=\"aligncenter size-full wp-image-410000\" src=\"https:\/\/hashtag.al\/wp-content\/uploads\/2020\/11\/Kujtim-Fejzulai-2.jpg\" alt=\"\" width=\"800\" height=\"700\" srcset=\"https:\/\/www.hashtag.al\/wp-content\/uploads\/2020\/11\/Kujtim-Fejzulai-2.jpg 800w, https:\/\/www.hashtag.al\/wp-content\/uploads\/2020\/11\/Kujtim-Fejzulai-2-300x263.jpg 300w, https:\/\/www.hashtag.al\/wp-content\/uploads\/2020\/11\/Kujtim-Fejzulai-2-768x672.jpg 768w\" sizes=\"auto, (max-width: 800px) 100vw, 800px\" \/><\/a><\/p>\n<p><span style=\"color: #000000;\">Ministri i Brendsh\u00ebm austriak Karl Nehammer tha se Fejzulai ishte nj\u00eb &#8220;terrorist islamik&#8221;, i cili lindi n\u00eb skajet jugore t\u00eb Vjen\u00ebs m\u00eb 24 qershor t\u00eb vitit 2000 nga prind\u00ebr me origjin\u00eb nga Maqedonia e Veriut &#8211; ai nj\u00eb kopshtar dhe ajo nj\u00eb ndihm\u00ebse dyqani.<\/span><\/p>\n<p><span style=\"color: #000000;\"><em>&#8220;Q\u00eb nga puberteti, i akuzuari kishte probleme masive n\u00eb sht\u00ebpi, t\u00eb cilat gjithashtu \u00e7uan n\u00eb ekspozim t\u00eb dhun\u00ebs&#8221;<\/em>&#8211; thuhej n\u00eb dokumentet e gjykat\u00ebs t\u00eb vitit 2019, citon <span style=\"color: #0000ff;\"><a style=\"color: #0000ff;\" href=\"https:\/\/www.reuters.com\/article\/us-austria-attack-shooter-idUSKBN27K2JM?utm_campaign=trueAnthem%3A%20Trending%20Content&amp;utm_medium=trueAnthem&amp;utm_source=facebook&amp;fbclid=IwAR3gu_fGfGR38kAMbDe7VES7naFgTK40FaUwjMicmOLjPjzgwuoYPLkhwOw\">Reuters<\/a><\/span>.<\/span><\/p>\n<p><span style=\"color: #000000;\">N\u00eb koh\u00ebn kur ishte 18-vje\u00e7, ai kishte t\u00ebrhequr v\u00ebmendjen e agjencis\u00eb s\u00eb brendshme t\u00eb inteligjenc\u00ebs s\u00eb Austris\u00eb, duke u b\u00ebr\u00eb i njohur si ndjek\u00ebs i ideologjis\u00eb xhihadiste.<\/span><\/p>\n<p><span style=\"color: #000000;\">Fejzulai u p\u00ebrpoq t\u00eb kalonte kufirin nga Turqia n\u00eb Siri n\u00eb vitin 2018 por u kap dhe u deportua n\u00eb Austri, tha shefi i sigurimit t\u00eb vendit Franz Ruf t\u00eb m\u00ebrkur\u00ebn.<\/span><\/p>\n<p><span style=\"color: #000000;\">Gjykata penale e Vjen\u00ebs e d\u00ebnoi Fejzulain me 22 muaj burg n\u00eb prill t\u00eb vitit 2019 p\u00ebr an\u00ebtar\u00ebsi n\u00eb nj\u00eb organizate terroriste dhe p\u00ebr p\u00ebrhapje t\u00eb propagand\u00ebs.<\/span><\/p>\n<p><span style=\"color: #000000;\">P\u00ebr shkak t\u00eb mosh\u00ebs s\u00eb tij t\u00eb re, ai duhej t\u00eb vuante vet\u00ebm nj\u00eb t\u00eb tret\u00ebn e d\u00ebnimit dhe u la i lir\u00eb n\u00eb dhjetor t\u00eb vitit 2019.<\/span><\/p>\n<p><span style=\"color: #000000;\">Gjykata kishte arritur n\u00eb p\u00ebrfundimin se Fejzulai, nj\u00eb tifoz i futbollit, dukej t\u00eb ishte<em> &#8220;mendjehapur dhe i arritsh\u00ebm&#8221;, &#8220;sigurisht reflektues dhe i strukturuar mir\u00eb nga pik\u00ebpamja kognitive&#8221;.<\/em><\/span><\/p>\n<p><span style=\"color: #000000;\">Dihet pak p\u00ebr jet\u00ebn e tij pas k\u00ebsaj, p\u00ebrve\u00e7 se ai mori pjes\u00eb n\u00eb nj\u00eb program de-radikalizimi.<\/span><\/p>\n<p><span style=\"color: #000000;\">Nikolaus Rast, avokati q\u00eb p\u00ebrfaq\u00ebsoi Fejzulain gjat\u00eb atij gjyqi, tha se ishte i shokuar nga lajmi i sulmit, duke th\u00ebn\u00eb se ai kurr\u00eb nuk do t\u00eb kishte menduar q\u00eb i riu ishte n\u00eb gjendje t\u00eb b\u00ebnte nj\u00eb gj\u00eb t\u00eb till\u00eb.<\/span><\/p>\n<p><span style=\"color: #000000;\">Ai tha se i kujtohej klienti i tij si <em>&#8220;nj\u00eb shpirt i humbur&#8230; nj\u00eb djal\u00eb i vog\u00ebl, i cili po k\u00ebrkon vendin e tij n\u00eb shoq\u00ebri, por nuk di se ku t\u00eb shkoj\u00eb&#8221;.<\/em> Rast shtoi se ai kishte krijuar p\u00ebrshtypjen se Fejzulai kishte gjetur rrug\u00ebn e tij drejt <em>&#8220;vlerave t\u00eb v\u00ebrteta t\u00eb shoq\u00ebris\u00eb&#8221;.<\/em> Megjithat\u00eb shton: <em>&#8220;Por padyshim q\u00eb ai arriti t\u00eb na mashtroj\u00eb t\u00eb gjith\u00ebve&#8221;.<\/em><\/span><\/p>\n<p><a href=\"https:\/\/hashtag.al\/wp-content\/uploads\/2020\/11\/Vjene.jpg\"><img loading=\"lazy\" decoding=\"async\" class=\"aligncenter size-full wp-image-409999\" src=\"https:\/\/hashtag.al\/wp-content\/uploads\/2020\/11\/Vjene.jpg\" alt=\"\" width=\"847\" height=\"555\" srcset=\"https:\/\/www.hashtag.al\/wp-content\/uploads\/2020\/11\/Vjene.jpg 847w, https:\/\/www.hashtag.al\/wp-content\/uploads\/2020\/11\/Vjene-300x197.jpg 300w, https:\/\/www.hashtag.al\/wp-content\/uploads\/2020\/11\/Vjene-768x503.jpg 768w\" sizes=\"auto, (max-width: 847px) 100vw, 847px\" \/><\/a><\/p>\n","protected":false,"gt_translate_keys":[{"key":"rendered","format":"html"}]},"excerpt":{"rendered":"<p>I veshur me nj\u00eb bluz\u00eb dhe kapuc t\u00eb zi, me nj\u00eb pushk\u00eb automatike, nj\u00eb pistolet\u00eb dhe nj\u00eb hanxhar n\u00eb duar, 20-vje\u00e7ari Kujtim Fejzulai pozoi p\u00ebr foto p\u00ebrpara se t\u00eb nisej p\u00ebr t\u00eb kryer masakr\u00ebn n\u00eb Vjen\u00eb. Dhe foton e publikoi n\u00eb Instagram. T\u00eb h\u00ebn\u00ebn Fejzulai vrau kat\u00ebr persona dhe plagosi 22 t\u00eb tjer\u00eb n\u00eb at\u00eb [&hellip;]<\/p>\n","protected":false,"gt_translate_keys":[{"key":"rendered","format":"html"}]},"author":30,"featured_media":409995,"comment_status":"open","ping_status":"open","sticky":false,"template":"","format":"standard","meta":{"footnotes":""},"categories":[6,13],"tags":[],"class_list":["post-409994","post","type-post","status-publish","format-standard","has-post-thumbnail","hentry","category-nderkombetare","category-te-fundit"],"gt_translate_keys":[{"key":"link","format":"url"}],"_links":{"self":[{"href":"https:\/\/www.hashtag.al\/index.php\/wp-json\/wp\/v2\/posts\/409994","targetHints":{"allow":["GET"]}}],"collection":[{"href":"https:\/\/www.hashtag.al\/index.php\/wp-json\/wp\/v2\/posts"}],"about":[{"href":"https:\/\/www.hashtag.al\/index.php\/wp-json\/wp\/v2\/types\/post"}],"author":[{"embeddable":true,"href":"https:\/\/www.hashtag.al\/index.php\/wp-json\/wp\/v2\/users\/30"}],"replies":[{"embeddable":true,"href":"https:\/\/www.hashtag.al\/index.php\/wp-json\/wp\/v2\/comments?post=409994"}],"version-history":[{"count":0,"href":"https:\/\/www.hashtag.al\/index.php\/wp-json\/wp\/v2\/posts\/409994\/revisions"}],"wp:featuredmedia":[{"embeddable":true,"href":"https:\/\/www.hashtag.al\/index.php\/wp-json\/wp\/v2\/media\/409995"}],"wp:attachment":[{"href":"https:\/\/www.hashtag.al\/index.php\/wp-json\/wp\/v2\/media?parent=409994"}],"wp:term":[{"taxonomy":"category","embeddable":true,"href":"https:\/\/www.hashtag.al\/index.php\/wp-json\/wp\/v2\/categories?post=409994"},{"taxonomy":"post_tag","embeddable":true,"href":"https:\/\/www.hashtag.al\/index.php\/wp-json\/wp\/v2\/tags?post=409994"}],"curies":[{"name":"wp","href":"https:\/\/api.w.org\/{rel}","templated":true}]}}