{"id":409874,"date":"2020-11-04T14:08:55","date_gmt":"2020-11-04T13:08:55","guid":{"rendered":"https:\/\/hashtag.al\/?p=409874"},"modified":"2020-11-04T14:21:35","modified_gmt":"2020-11-04T13:21:35","slug":"gjykata-e-larte-nis-punen-fillon-shqyrtimi-i-dosjeve-ne-seanca-publike-njoftimi","status":"publish","type":"post","link":"https:\/\/www.hashtag.al\/index.php\/2020\/11\/04\/gjykata-e-larte-nis-punen-fillon-shqyrtimi-i-dosjeve-ne-seanca-publike-njoftimi\/","title":{"rendered":"Gjykata e Lart\u00eb nis pun\u00ebn, fillon shqyrtimi i dosjeve n\u00eb seanca publike (Njoftimi)","gt_translate_keys":[{"key":"rendered","format":"text"}]},"content":{"rendered":"<p><img loading=\"lazy\" decoding=\"async\" class=\"aligncenter size-full wp-image-409876\" src=\"https:\/\/hashtag.al\/wp-content\/uploads\/2020\/11\/gjykataelarte.png\" alt=\"\" width=\"833\" height=\"468\" srcset=\"https:\/\/www.hashtag.al\/wp-content\/uploads\/2020\/11\/gjykataelarte.png 833w, https:\/\/www.hashtag.al\/wp-content\/uploads\/2020\/11\/gjykataelarte-300x169.png 300w, https:\/\/www.hashtag.al\/wp-content\/uploads\/2020\/11\/gjykataelarte-768x431.png 768w\" sizes=\"auto, (max-width: 833px) 100vw, 833px\" \/><\/p>\n<p><span style=\"color: #000000;\">Gjykata e Lart\u00eb ka filluar shqyrtimin e \u00e7\u00ebshtjeve gjyq\u00ebsore n\u00eb seanca publike, sipas kalendarit t\u00eb planifikuar dhe shpalljeve n\u00eb faqen zyrtare t\u00eb k\u00ebsaj gjykate si dhe mjediset e saj. <\/span><\/p>\n<p><span style=\"color: #000000;\">N\u00eb njoftimin e k\u00ebtij institucioni, u b\u00ebhet thirrje pal\u00ebve n\u00eb proces dhe avokat\u00ebve respektiv\u00eb t\u00eb cil\u00ebt kan\u00eb b\u00ebr\u00eb rekurse n\u00eb k\u00ebt\u00eb gjykat\u00eb, t\u00eb kontrollojn\u00eb shpalljet zyrtare n\u00eb faqen e Gjykat\u00ebs s\u00eb Lart\u00eb si dhe n\u00eb stendat e vendosura jasht\u00eb mjediseve t\u00eb gjykat\u00ebs.<\/span><\/p>\n<p><span style=\"color: #000000;\"><em>\u201cD\u00ebshirojm\u00eb t\u00eb sjellim n\u00eb v\u00ebmendjen e pal\u00ebve n\u00eb proces dhe avokat\u00ebve, t\u00eb cil\u00ebt kan\u00eb paraqitur rekurse pran\u00eb k\u00ebsaj gjykate, t\u00eb konsultohen rregullisht m\u00eb shpalljet zyrtare q\u00eb b\u00ebn Gjykata e Lart\u00eb n\u00eb websitin e saj www.gjykataelarte.gov.al, \u201cLista e \u00c7\u00ebshtjeve t\u00eb Shpallura p\u00ebr Gjykim\u201d si edhe n\u00eb ambjentet e jashtme t\u00eb gjykat\u00ebs (stendat publike).\u201d<\/em> \u2013 thuhet n\u00eb njoftimin e Gjykat\u00ebs s\u00eb Lart\u00eb.<\/span><\/p>\n","protected":false,"gt_translate_keys":[{"key":"rendered","format":"html"}]},"excerpt":{"rendered":"<p>Gjykata e Lart\u00eb ka filluar shqyrtimin e \u00e7\u00ebshtjeve gjyq\u00ebsore n\u00eb seanca publike, sipas kalendarit t\u00eb planifikuar dhe shpalljeve n\u00eb faqen zyrtare t\u00eb k\u00ebsaj gjykate si dhe mjediset e saj. N\u00eb njoftimin e k\u00ebtij institucioni, u b\u00ebhet thirrje pal\u00ebve n\u00eb proces dhe avokat\u00ebve respektiv\u00eb t\u00eb cil\u00ebt kan\u00eb b\u00ebr\u00eb rekurse n\u00eb k\u00ebt\u00eb gjykat\u00eb, t\u00eb kontrollojn\u00eb shpalljet zyrtare [&hellip;]<\/p>\n","protected":false,"gt_translate_keys":[{"key":"rendered","format":"html"}]},"author":51,"featured_media":409876,"comment_status":"open","ping_status":"open","sticky":false,"template":"","format":"standard","meta":{"footnotes":""},"categories":[65,13],"tags":[],"class_list":["post-409874","post","type-post","status-publish","format-standard","has-post-thumbnail","hentry","category-lajme","category-te-fundit"],"gt_translate_keys":[{"key":"link","format":"url"}],"_links":{"self":[{"href":"https:\/\/www.hashtag.al\/index.php\/wp-json\/wp\/v2\/posts\/409874","targetHints":{"allow":["GET"]}}],"collection":[{"href":"https:\/\/www.hashtag.al\/index.php\/wp-json\/wp\/v2\/posts"}],"about":[{"href":"https:\/\/www.hashtag.al\/index.php\/wp-json\/wp\/v2\/types\/post"}],"author":[{"embeddable":true,"href":"https:\/\/www.hashtag.al\/index.php\/wp-json\/wp\/v2\/users\/51"}],"replies":[{"embeddable":true,"href":"https:\/\/www.hashtag.al\/index.php\/wp-json\/wp\/v2\/comments?post=409874"}],"version-history":[{"count":0,"href":"https:\/\/www.hashtag.al\/index.php\/wp-json\/wp\/v2\/posts\/409874\/revisions"}],"wp:featuredmedia":[{"embeddable":true,"href":"https:\/\/www.hashtag.al\/index.php\/wp-json\/wp\/v2\/media\/409876"}],"wp:attachment":[{"href":"https:\/\/www.hashtag.al\/index.php\/wp-json\/wp\/v2\/media?parent=409874"}],"wp:term":[{"taxonomy":"category","embeddable":true,"href":"https:\/\/www.hashtag.al\/index.php\/wp-json\/wp\/v2\/categories?post=409874"},{"taxonomy":"post_tag","embeddable":true,"href":"https:\/\/www.hashtag.al\/index.php\/wp-json\/wp\/v2\/tags?post=409874"}],"curies":[{"name":"wp","href":"https:\/\/api.w.org\/{rel}","templated":true}]}}