{"id":409674,"date":"2020-11-03T16:23:15","date_gmt":"2020-11-03T15:23:15","guid":{"rendered":"https:\/\/hashtag.al\/?p=409674"},"modified":"2020-11-03T16:23:15","modified_gmt":"2020-11-03T15:23:15","slug":"gjykata-e-apelit-liron-isuf-berberin-biznesmeni-i-akuzuar-per-tenderat-ne-akbn","status":"publish","type":"post","link":"https:\/\/www.hashtag.al\/index.php\/2020\/11\/03\/gjykata-e-apelit-liron-isuf-berberin-biznesmeni-i-akuzuar-per-tenderat-ne-akbn\/","title":{"rendered":"Gjykata e Apelit liron Isuf Berberin, biznesmeni i akuzuar p\u00ebr tenderat n\u00eb AKBN","gt_translate_keys":[{"key":"rendered","format":"text"}]},"content":{"rendered":"<p><img loading=\"lazy\" decoding=\"async\" class=\"aligncenter size-full wp-image-409675\" src=\"https:\/\/hashtag.al\/wp-content\/uploads\/2020\/11\/isufberberi.png\" alt=\"\" width=\"906\" height=\"465\" srcset=\"https:\/\/www.hashtag.al\/wp-content\/uploads\/2020\/11\/isufberberi.png 906w, https:\/\/www.hashtag.al\/wp-content\/uploads\/2020\/11\/isufberberi-300x154.png 300w, https:\/\/www.hashtag.al\/wp-content\/uploads\/2020\/11\/isufberberi-768x394.png 768w\" sizes=\"auto, (max-width: 906px) 100vw, 906px\" \/><\/p>\n<p><span style=\"color: #000000;\">Gjykata e Apelit t\u00eb Tiran\u00ebs ka vendosur lirimin e Isuf Berberit, nj\u00eb nga biznesmen\u00ebt e akuzuar p\u00ebr tenderat e AKBN-s\u00eb. <\/span><\/p>\n<p><span style=\"color: #000000;\">Berberi ishte shpallur n\u00eb k\u00ebrkim pasi ndaj tij ishte dh\u00ebn\u00eb fillimisht masa e siguris\u00eb \u2018arrest n\u00eb burg\u2019 n\u00eb munges\u00eb, shkruan Abc News. <\/span><\/p>\n<p><span style=\"color: #000000;\">Me vendimin e sot\u00ebm, Apeli ngarkon Prokurorin\u00eb e Tiran\u00ebs n\u00eb ekzekutimin e vendimit p\u00ebr lirimin e Isuf Berberit. <\/span><\/p>\n<p><span style=\"color: #000000;\">Biznesmeni dhe zyrtar\u00ebt e AKBN-s\u00eb u akuzuan p\u00ebr korrupsionin me vler\u00eb 1.5 milion\u00eb dollar\u00eb n\u00eb fush\u00ebn e hidrokarbureve.<\/span><\/p>\n","protected":false,"gt_translate_keys":[{"key":"rendered","format":"html"}]},"excerpt":{"rendered":"<p>Gjykata e Apelit t\u00eb Tiran\u00ebs ka vendosur lirimin e Isuf Berberit, nj\u00eb nga biznesmen\u00ebt e akuzuar p\u00ebr tenderat e AKBN-s\u00eb. Berberi ishte shpallur n\u00eb k\u00ebrkim pasi ndaj tij ishte dh\u00ebn\u00eb fillimisht masa e siguris\u00eb \u2018arrest n\u00eb burg\u2019 n\u00eb munges\u00eb, shkruan Abc News. Me vendimin e sot\u00ebm, Apeli ngarkon Prokurorin\u00eb e Tiran\u00ebs n\u00eb ekzekutimin e vendimit [&hellip;]<\/p>\n","protected":false,"gt_translate_keys":[{"key":"rendered","format":"html"}]},"author":51,"featured_media":409675,"comment_status":"open","ping_status":"open","sticky":false,"template":"","format":"standard","meta":{"footnotes":""},"categories":[65,13],"tags":[],"class_list":["post-409674","post","type-post","status-publish","format-standard","has-post-thumbnail","hentry","category-lajme","category-te-fundit"],"gt_translate_keys":[{"key":"link","format":"url"}],"_links":{"self":[{"href":"https:\/\/www.hashtag.al\/index.php\/wp-json\/wp\/v2\/posts\/409674","targetHints":{"allow":["GET"]}}],"collection":[{"href":"https:\/\/www.hashtag.al\/index.php\/wp-json\/wp\/v2\/posts"}],"about":[{"href":"https:\/\/www.hashtag.al\/index.php\/wp-json\/wp\/v2\/types\/post"}],"author":[{"embeddable":true,"href":"https:\/\/www.hashtag.al\/index.php\/wp-json\/wp\/v2\/users\/51"}],"replies":[{"embeddable":true,"href":"https:\/\/www.hashtag.al\/index.php\/wp-json\/wp\/v2\/comments?post=409674"}],"version-history":[{"count":0,"href":"https:\/\/www.hashtag.al\/index.php\/wp-json\/wp\/v2\/posts\/409674\/revisions"}],"wp:featuredmedia":[{"embeddable":true,"href":"https:\/\/www.hashtag.al\/index.php\/wp-json\/wp\/v2\/media\/409675"}],"wp:attachment":[{"href":"https:\/\/www.hashtag.al\/index.php\/wp-json\/wp\/v2\/media?parent=409674"}],"wp:term":[{"taxonomy":"category","embeddable":true,"href":"https:\/\/www.hashtag.al\/index.php\/wp-json\/wp\/v2\/categories?post=409674"},{"taxonomy":"post_tag","embeddable":true,"href":"https:\/\/www.hashtag.al\/index.php\/wp-json\/wp\/v2\/tags?post=409674"}],"curies":[{"name":"wp","href":"https:\/\/api.w.org\/{rel}","templated":true}]}}