{"id":409595,"date":"2020-11-03T11:05:22","date_gmt":"2020-11-03T10:05:22","guid":{"rendered":"https:\/\/hashtag.al\/?p=409595"},"modified":"2020-11-03T11:15:04","modified_gmt":"2020-11-03T10:15:04","slug":"redaktori-austriak-njeri-nga-xhihadistet-qe-kryen-sulmin-me-origjine-shqiptare","status":"publish","type":"post","link":"https:\/\/www.hashtag.al\/index.php\/2020\/11\/03\/redaktori-austriak-njeri-nga-xhihadistet-qe-kryen-sulmin-me-origjine-shqiptare\/","title":{"rendered":"Redaktori austriak: Nj\u00ebri nga xhihadist\u00ebt q\u00eb kryen sulmin me origjin\u00eb shqiptare","gt_translate_keys":[{"key":"rendered","format":"text"}]},"content":{"rendered":"<p><a href=\"https:\/\/hashtag.al\/wp-content\/uploads\/2020\/11\/35174486-0-image-a-28_1604367960336.jpg\"><img loading=\"lazy\" decoding=\"async\" class=\"aligncenter size-full wp-image-409578\" src=\"https:\/\/hashtag.al\/wp-content\/uploads\/2020\/11\/35174486-0-image-a-28_1604367960336.jpg\" alt=\"\" width=\"1908\" height=\"1146\" srcset=\"https:\/\/www.hashtag.al\/wp-content\/uploads\/2020\/11\/35174486-0-image-a-28_1604367960336.jpg 1908w, https:\/\/www.hashtag.al\/wp-content\/uploads\/2020\/11\/35174486-0-image-a-28_1604367960336-300x180.jpg 300w, https:\/\/www.hashtag.al\/wp-content\/uploads\/2020\/11\/35174486-0-image-a-28_1604367960336-768x461.jpg 768w, https:\/\/www.hashtag.al\/wp-content\/uploads\/2020\/11\/35174486-0-image-a-28_1604367960336-1024x615.jpg 1024w\" sizes=\"auto, (max-width: 1908px) 100vw, 1908px\" \/><\/a><\/p>\n<p><span style=\"color: #000000;\">Personi i armatosur q\u00eb u ekzekutua nga policia pas sulmit n\u00eb Vjen\u00eb ishte me origjin\u00eb shqiptare.<\/span><\/p>\n<p><span style=\"color: #000000;\">Duke iu referuar nj\u00eb gazetari austriak, <span style=\"color: #0000ff;\"><a style=\"color: #0000ff;\" href=\"https:\/\/de.reuters.com\/article\/us-austria-attack-gunman\/vienna-attacker-was-born-and-raised-in-the-city-newspaper-editor-says-idUSKBN27J0SP\">Reuters<\/a> <\/span>shkruan se xhihadisti ishte nj\u00eb 20-vje\u00e7ar i lindur dhe \u00a0I rritur n\u00eb Vjen\u00eb, por me origjin\u00eb shqiptare nga Maqedonia e Veriut.<\/span><\/p>\n<p><span style=\"color: #000000;\">Ai ishte i njohur p\u00ebr inteligjenc\u00ebn austriake sepse ai ishte nj\u00eb nga 90 islamik\u00ebt austriak\u00eb q\u00eb donin t\u00eb udh\u00ebtonin n\u00eb Siri.<\/span><\/p>\n<p><em><span style=\"color: #000000;\">&#8220;Tani kam hulumtuar disa detaje rreth terroristit. Emri i tij \u00ebsht\u00eb Kurtin S., i lindur n\u00eb 2000, ishte 20 vje\u00e7, u lind dhe u rrit n\u00eb Vjen\u00eb dhe ka rr\u00ebnj\u00eb shqiptare. Prind\u00ebrit e tij vijn\u00eb nga Maqedonia e Veriut dhe nuk bien n\u00eb sy kur b\u00ebhet fjal\u00eb p\u00ebr Islamizmin.<\/span><\/em><\/p>\n<p><span style=\"color: #000000;\"><em>Ai ishte n\u00eb radarin e sh\u00ebrbimit sekret sepse ishte nj\u00eb nga rreth 90 islamik\u00eb austriak\u00eb q\u00eb donin t\u00eb udh\u00ebtonin n\u00eb Siri. Ai u ndalua ta b\u00ebnte k\u00ebt\u00eb n\u00eb korrik. Policia nuk i besoi atij q\u00eb po planifikonte nj\u00eb sulm terrorist n\u00eb Vjen\u00eb&#8221;<\/em>, tha redaktori austriak Florian Klenk.<\/span><\/p>\n<p><span style=\"color: #000000;\">Mbr\u00ebmjen e kaluar, njer\u00ebz t\u00eb armatosur kan\u00eb hapur zjarr n\u00eb gjasht\u00eb lokacione t\u00eb ndryshme n\u00eb qend\u00ebr t\u00eb Vjen\u00ebs, duke vrar\u00eb tre persona dhe duke plagosur disa t\u00eb tjer\u00eb. Nj\u00eb nga agresor\u00ebt u ekzekutua nga policia, pasi plagosi nj\u00eb prej efektiv\u00ebve, nd\u00ebrsa tjetri mbetet n\u00eb k\u00ebrkim.<\/span><\/p>\n","protected":false,"gt_translate_keys":[{"key":"rendered","format":"html"}]},"excerpt":{"rendered":"<p>Personi i armatosur q\u00eb u ekzekutua nga policia pas sulmit n\u00eb Vjen\u00eb ishte me origjin\u00eb shqiptare. Duke iu referuar nj\u00eb gazetari austriak, Reuters shkruan se xhihadisti ishte nj\u00eb 20-vje\u00e7ar i lindur dhe \u00a0I rritur n\u00eb Vjen\u00eb, por me origjin\u00eb shqiptare nga Maqedonia e Veriut. Ai ishte i njohur p\u00ebr inteligjenc\u00ebn austriake sepse ai ishte nj\u00eb [&hellip;]<\/p>\n","protected":false,"gt_translate_keys":[{"key":"rendered","format":"html"}]},"author":30,"featured_media":409578,"comment_status":"open","ping_status":"open","sticky":false,"template":"","format":"standard","meta":{"footnotes":""},"categories":[6,13],"tags":[],"class_list":["post-409595","post","type-post","status-publish","format-standard","has-post-thumbnail","hentry","category-nderkombetare","category-te-fundit"],"gt_translate_keys":[{"key":"link","format":"url"}],"_links":{"self":[{"href":"https:\/\/www.hashtag.al\/index.php\/wp-json\/wp\/v2\/posts\/409595","targetHints":{"allow":["GET"]}}],"collection":[{"href":"https:\/\/www.hashtag.al\/index.php\/wp-json\/wp\/v2\/posts"}],"about":[{"href":"https:\/\/www.hashtag.al\/index.php\/wp-json\/wp\/v2\/types\/post"}],"author":[{"embeddable":true,"href":"https:\/\/www.hashtag.al\/index.php\/wp-json\/wp\/v2\/users\/30"}],"replies":[{"embeddable":true,"href":"https:\/\/www.hashtag.al\/index.php\/wp-json\/wp\/v2\/comments?post=409595"}],"version-history":[{"count":0,"href":"https:\/\/www.hashtag.al\/index.php\/wp-json\/wp\/v2\/posts\/409595\/revisions"}],"wp:featuredmedia":[{"embeddable":true,"href":"https:\/\/www.hashtag.al\/index.php\/wp-json\/wp\/v2\/media\/409578"}],"wp:attachment":[{"href":"https:\/\/www.hashtag.al\/index.php\/wp-json\/wp\/v2\/media?parent=409595"}],"wp:term":[{"taxonomy":"category","embeddable":true,"href":"https:\/\/www.hashtag.al\/index.php\/wp-json\/wp\/v2\/categories?post=409595"},{"taxonomy":"post_tag","embeddable":true,"href":"https:\/\/www.hashtag.al\/index.php\/wp-json\/wp\/v2\/tags?post=409595"}],"curies":[{"name":"wp","href":"https:\/\/api.w.org\/{rel}","templated":true}]}}