{"id":409126,"date":"2020-11-01T07:58:55","date_gmt":"2020-11-01T06:58:55","guid":{"rendered":"https:\/\/hashtag.al\/?p=409126"},"modified":"2020-11-01T07:40:22","modified_gmt":"2020-11-01T06:40:22","slug":"austria-vendos-oren-policore-mbyll-baret-dhe-restorantet-gjate-nates","status":"publish","type":"post","link":"https:\/\/www.hashtag.al\/index.php\/2020\/11\/01\/austria-vendos-oren-policore-mbyll-baret-dhe-restorantet-gjate-nates\/","title":{"rendered":"Austria vendos or\u00ebn policore, mbyll baret dhe restorantet gjat\u00eb nat\u00ebs","gt_translate_keys":[{"key":"rendered","format":"text"}]},"content":{"rendered":"<p><img loading=\"lazy\" decoding=\"async\" class=\"aligncenter size-full wp-image-399251\" src=\"https:\/\/hashtag.al\/wp-content\/uploads\/2020\/09\/austri.jpg\" alt=\"\" width=\"1100\" height=\"825\" srcset=\"https:\/\/www.hashtag.al\/wp-content\/uploads\/2020\/09\/austri.jpg 1100w, https:\/\/www.hashtag.al\/wp-content\/uploads\/2020\/09\/austri-300x225.jpg 300w, https:\/\/www.hashtag.al\/wp-content\/uploads\/2020\/09\/austri-768x576.jpg 768w, https:\/\/www.hashtag.al\/wp-content\/uploads\/2020\/09\/austri-1024x768.jpg 1024w\" sizes=\"auto, (max-width: 1100px) 100vw, 1100px\" \/><\/p>\n<p>Austria t\u00eb Shtun\u00ebn njoftoi nj\u00eb or\u00eb policore duke mbyllur kafenet\u00eb dhe restorantet p\u00eb\u00ebr t\u00eb gjith\u00eb gjat\u00eb nat\u00ebs, pasi nj\u00eb rritje e infeksioneve nga koronavirus k\u00ebrc\u00ebnon t\u00eb mbingarkoj\u00eb spitalet e saj.<\/p>\n<p>Fabrikat, dyqanet, kopshtet dhe shkollat \u200b\u200bfillore do t\u00eb mbeten t\u00eb hapura, nd\u00ebrsa shkollat \u200b\u200be mesme dhe universitetet do t\u00eb kalojn\u00eb n\u00eb m\u00ebsimin n\u00eb distanc\u00eb. Ushtrimet ose sh\u00ebtitjet do t\u00eb lejohen p\u00ebrs\u00ebri pas or\u00ebs policore.<\/p>\n<p>Me infeksione ditore n\u00eb nj\u00eb rekord 5,627 t\u00eb Premten, megjithat\u00eb &#8211; vet\u00ebm pak nga niveli 6,000 n\u00eb t\u00eb cilin qeveria thot\u00eb se spitalet nuk do t\u00eb p\u00ebrballen m\u00eb &#8211; qeveria e udh\u00ebhequr nga konservator\u00ebt u detyrua t\u00eb veproj\u00eb.<\/p>\n","protected":false,"gt_translate_keys":[{"key":"rendered","format":"html"}]},"excerpt":{"rendered":"<p>Austria t\u00eb Shtun\u00ebn njoftoi nj\u00eb or\u00eb policore duke mbyllur kafenet\u00eb dhe restorantet p\u00eb\u00ebr t\u00eb gjith\u00eb gjat\u00eb nat\u00ebs, pasi nj\u00eb rritje e infeksioneve nga koronavirus k\u00ebrc\u00ebnon t\u00eb mbingarkoj\u00eb spitalet e saj. Fabrikat, dyqanet, kopshtet dhe shkollat \u200b\u200bfillore do t\u00eb mbeten t\u00eb hapura, nd\u00ebrsa shkollat \u200b\u200be mesme dhe universitetet do t\u00eb kalojn\u00eb n\u00eb m\u00ebsimin n\u00eb distanc\u00eb. Ushtrimet [&hellip;]<\/p>\n","protected":false,"gt_translate_keys":[{"key":"rendered","format":"html"}]},"author":32,"featured_media":399251,"comment_status":"open","ping_status":"open","sticky":false,"template":"","format":"standard","meta":{"footnotes":""},"categories":[6,13],"tags":[],"class_list":["post-409126","post","type-post","status-publish","format-standard","has-post-thumbnail","hentry","category-nderkombetare","category-te-fundit"],"gt_translate_keys":[{"key":"link","format":"url"}],"_links":{"self":[{"href":"https:\/\/www.hashtag.al\/index.php\/wp-json\/wp\/v2\/posts\/409126","targetHints":{"allow":["GET"]}}],"collection":[{"href":"https:\/\/www.hashtag.al\/index.php\/wp-json\/wp\/v2\/posts"}],"about":[{"href":"https:\/\/www.hashtag.al\/index.php\/wp-json\/wp\/v2\/types\/post"}],"author":[{"embeddable":true,"href":"https:\/\/www.hashtag.al\/index.php\/wp-json\/wp\/v2\/users\/32"}],"replies":[{"embeddable":true,"href":"https:\/\/www.hashtag.al\/index.php\/wp-json\/wp\/v2\/comments?post=409126"}],"version-history":[{"count":0,"href":"https:\/\/www.hashtag.al\/index.php\/wp-json\/wp\/v2\/posts\/409126\/revisions"}],"wp:featuredmedia":[{"embeddable":true,"href":"https:\/\/www.hashtag.al\/index.php\/wp-json\/wp\/v2\/media\/399251"}],"wp:attachment":[{"href":"https:\/\/www.hashtag.al\/index.php\/wp-json\/wp\/v2\/media?parent=409126"}],"wp:term":[{"taxonomy":"category","embeddable":true,"href":"https:\/\/www.hashtag.al\/index.php\/wp-json\/wp\/v2\/categories?post=409126"},{"taxonomy":"post_tag","embeddable":true,"href":"https:\/\/www.hashtag.al\/index.php\/wp-json\/wp\/v2\/tags?post=409126"}],"curies":[{"name":"wp","href":"https:\/\/api.w.org\/{rel}","templated":true}]}}