{"id":409105,"date":"2020-10-31T22:06:01","date_gmt":"2020-10-31T21:06:01","guid":{"rendered":"https:\/\/hashtag.al\/?p=409105"},"modified":"2020-10-31T22:12:43","modified_gmt":"2020-10-31T21:12:43","slug":"boris-johnson-it-i-rrjedhin-ne-media-informaciont-mbi-karantinen-therret-mbledhje-urgjente-te-qeverise","status":"publish","type":"post","link":"https:\/\/www.hashtag.al\/index.php\/2020\/10\/31\/boris-johnson-it-i-rrjedhin-ne-media-informaciont-mbi-karantinen-therret-mbledhje-urgjente-te-qeverise\/","title":{"rendered":"Boris Johnson-it i rrjedhin n\u00eb media informacionet mbi karantin\u00ebn, th\u00ebrret mbledhje urgjente t\u00eb qeveris\u00eb","gt_translate_keys":[{"key":"rendered","format":"text"}]},"content":{"rendered":"<p><img loading=\"lazy\" decoding=\"async\" class=\"aligncenter size-full wp-image-409106\" src=\"https:\/\/hashtag.al\/wp-content\/uploads\/2020\/10\/bojo-2.jpg\" alt=\"\" width=\"980\" height=\"551\" srcset=\"https:\/\/www.hashtag.al\/wp-content\/uploads\/2020\/10\/bojo-2.jpg 980w, https:\/\/www.hashtag.al\/wp-content\/uploads\/2020\/10\/bojo-2-300x169.jpg 300w, https:\/\/www.hashtag.al\/wp-content\/uploads\/2020\/10\/bojo-2-768x432.jpg 768w\" sizes=\"auto, (max-width: 980px) 100vw, 980px\" \/><\/p>\n<p><span style=\"color: #000000;\">Kryeministri britanik Boris Johnson do t\u00eb mbledh\u00eb ministrat e tij p\u00ebr nj\u00eb takim urgjent t\u00eb shtun\u00ebn pasi media zbuloi se nj\u00eb bllokim i ri n\u00eb Angli ishte duke u shqyrtuar mes nj\u00eb situate t\u00eb p\u00ebrkeq\u00ebsuar me Covid-19.<\/span><\/p>\n<p><span style=\"color: #000000;\">Nj\u00eb zyrtar qeveritar anonim i tha revist\u00ebs \u2018Times\u2019 m\u00eb her\u00ebt se kufizimet nj\u00ebmujore ishin ende n\u00eb diskutim, por n\u00ebse arrihet marr\u00ebveshja ato do t\u00eb njoftohen nga kryeministri Johnson gjat\u00eb nj\u00eb konference shtypi t\u00eb h\u00ebn\u00ebn.<\/span><\/p>\n<p><span style=\"color: #000000;\">N\u00ebn bllokimin e ri, njer\u00ebzve p\u00ebrs\u00ebri do t&#8217;u k\u00ebrkohet t\u00eb q\u00ebndrojn\u00eb n\u00eb sht\u00ebpi si\u00e7 ndodhi gjat\u00eb val\u00ebs s\u00eb par\u00eb t\u00eb koronavirusit. Por dyqanet thelb\u00ebsore, shkollat, \u00e7erdhet, universitetet do t\u00eb lejohen t\u00eb q\u00ebndrojn\u00eb t\u00eb hapura.<\/span><\/p>\n<p><span style=\"color: #000000;\">Kufizimet do t\u00eb preknin n\u00eb rast se miratohen vet\u00ebm Anglin\u00eb. Skocia, Uellsi dhe Irlanda e Veriut do t\u00eb vendosin ve\u00e7mas se si t\u00eb trajtojn\u00eb p\u00ebrhapjen e virusit.<\/span><\/p>\n<p><span style=\"color: #000000;\">Zyra e kryeministrit nuk pranoi t\u00eb komentonte raportin kur u pyet nga \u2018Reuters\u2019.<\/span><\/p>\n","protected":false,"gt_translate_keys":[{"key":"rendered","format":"html"}]},"excerpt":{"rendered":"<p>Kryeministri britanik Boris Johnson do t\u00eb mbledh\u00eb ministrat e tij p\u00ebr nj\u00eb takim urgjent t\u00eb shtun\u00ebn pasi media zbuloi se nj\u00eb bllokim i ri n\u00eb Angli ishte duke u shqyrtuar mes nj\u00eb situate t\u00eb p\u00ebrkeq\u00ebsuar me Covid-19. Nj\u00eb zyrtar qeveritar anonim i tha revist\u00ebs \u2018Times\u2019 m\u00eb her\u00ebt se kufizimet nj\u00ebmujore ishin ende n\u00eb diskutim, por [&hellip;]<\/p>\n","protected":false,"gt_translate_keys":[{"key":"rendered","format":"html"}]},"author":51,"featured_media":409106,"comment_status":"open","ping_status":"open","sticky":false,"template":"","format":"standard","meta":{"footnotes":""},"categories":[6],"tags":[],"class_list":["post-409105","post","type-post","status-publish","format-standard","has-post-thumbnail","hentry","category-nderkombetare"],"gt_translate_keys":[{"key":"link","format":"url"}],"_links":{"self":[{"href":"https:\/\/www.hashtag.al\/index.php\/wp-json\/wp\/v2\/posts\/409105","targetHints":{"allow":["GET"]}}],"collection":[{"href":"https:\/\/www.hashtag.al\/index.php\/wp-json\/wp\/v2\/posts"}],"about":[{"href":"https:\/\/www.hashtag.al\/index.php\/wp-json\/wp\/v2\/types\/post"}],"author":[{"embeddable":true,"href":"https:\/\/www.hashtag.al\/index.php\/wp-json\/wp\/v2\/users\/51"}],"replies":[{"embeddable":true,"href":"https:\/\/www.hashtag.al\/index.php\/wp-json\/wp\/v2\/comments?post=409105"}],"version-history":[{"count":0,"href":"https:\/\/www.hashtag.al\/index.php\/wp-json\/wp\/v2\/posts\/409105\/revisions"}],"wp:featuredmedia":[{"embeddable":true,"href":"https:\/\/www.hashtag.al\/index.php\/wp-json\/wp\/v2\/media\/409106"}],"wp:attachment":[{"href":"https:\/\/www.hashtag.al\/index.php\/wp-json\/wp\/v2\/media?parent=409105"}],"wp:term":[{"taxonomy":"category","embeddable":true,"href":"https:\/\/www.hashtag.al\/index.php\/wp-json\/wp\/v2\/categories?post=409105"},{"taxonomy":"post_tag","embeddable":true,"href":"https:\/\/www.hashtag.al\/index.php\/wp-json\/wp\/v2\/tags?post=409105"}],"curies":[{"name":"wp","href":"https:\/\/api.w.org\/{rel}","templated":true}]}}