{"id":408865,"date":"2020-10-30T14:15:29","date_gmt":"2020-10-30T13:15:29","guid":{"rendered":"https:\/\/hashtag.al\/?p=408865"},"modified":"2020-10-30T14:24:55","modified_gmt":"2020-10-30T13:24:55","slug":"termeti-me-magnitude-6-6-trondit-turqine-dyshohet-per-viktima","status":"publish","type":"post","link":"https:\/\/www.hashtag.al\/index.php\/2020\/10\/30\/termeti-me-magnitude-6-6-trondit-turqine-dyshohet-per-viktima\/","title":{"rendered":"T\u00ebrmeti me magnitud\u00eb 6.6 trondit Turqin\u00eb, dyshohet p\u00ebr viktima","gt_translate_keys":[{"key":"rendered","format":"text"}]},"content":{"rendered":"<p><a href=\"https:\/\/hashtag.al\/wp-content\/uploads\/2020\/10\/Turqi.jpg\"><img loading=\"lazy\" decoding=\"async\" class=\"aligncenter size-full wp-image-408866\" src=\"https:\/\/hashtag.al\/wp-content\/uploads\/2020\/10\/Turqi.jpg\" alt=\"\" width=\"862\" height=\"486\" srcset=\"https:\/\/www.hashtag.al\/wp-content\/uploads\/2020\/10\/Turqi.jpg 862w, https:\/\/www.hashtag.al\/wp-content\/uploads\/2020\/10\/Turqi-300x169.jpg 300w, https:\/\/www.hashtag.al\/wp-content\/uploads\/2020\/10\/Turqi-768x433.jpg 768w\" sizes=\"auto, (max-width: 862px) 100vw, 862px\" \/><\/a><\/p>\n<p><span style=\"color: #000000;\">Nj\u00eb t\u00ebrmet i fuqish\u00ebm me magnitud\u00eb 6.6 ka tronditur sot rajonin e Egjeut t\u00eb Turqis\u00eb. <span style=\"color: #0000ff;\"><a style=\"color: #0000ff;\" href=\"https:\/\/www.aa.com.tr\/en\/turkey\/magnitude-66-earthquake-jolts-turkeys-aegean-region\/2024693\">Anadolu Agency<\/a> <\/span>raporton se t\u00ebrmeti ra rreth or\u00ebs 14.51 (sipas or\u00ebs lokale) n\u00eb nj\u00eb thell\u00ebsi prej 16.54 kilometrash.<\/span><\/p>\n<p><span style=\"color: #000000;\">Bugra Gokce, sekretari i p\u00ebrgjithsh\u00ebm i Komun\u00ebs s\u00eb Izmirit, i tha kanalit t\u00eb lajmeve NTV se disa sht\u00ebpi n\u00eb qytet ishin shkat\u00ebrruar nga l\u00ebkundjet.<\/span><\/p>\n<p><span style=\"color: #000000;\">Guvernatori i Stambollit Ali Yerlikaya tha se t\u00ebrmeti u ndje gjithashtu n\u00eb Stamboll, por nuk u raportuan d\u00ebme.<\/span><\/p>\n<p><span style=\"color: #000000;\">Ministri i Brendsh\u00ebm turk Suleyman Soylu tha se gjasht\u00eb nd\u00ebrtesa n\u00eb Izmir, u shkat\u00ebrruan nga t\u00ebrmeti. Nd\u00ebrkoh\u00eb p\u00ebr momentin nuk raportohet p\u00ebr viktima.<\/span><\/p>\n<p><span style=\"color: #000000;\">Ministri Soulu tha se provincat e tjera per\u00ebndimore turke ku jan\u00eb regjistruar d\u00ebme, jan\u00eb Usak, Denizli, Manisa, Balikesir, Aydin dhe Mugla. Ai theksoi se ekipet turke t\u00eb k\u00ebrkim-shp\u00ebtimit kan\u00eb nisur pun\u00ebn e tyre n\u00eb terren.<\/span><\/p>\n<div style=\"width: 360px;\" class=\"wp-video\"><video class=\"wp-video-shortcode\" id=\"video-408865-1\" width=\"360\" height=\"640\" preload=\"metadata\" controls=\"controls\"><source type=\"video\/mp4\" src=\"https:\/\/hashtag.al\/wp-content\/uploads\/2020\/10\/2lpN7ctUh8VeTy1D.mp4?_=1\" \/><a href=\"https:\/\/hashtag.al\/wp-content\/uploads\/2020\/10\/2lpN7ctUh8VeTy1D.mp4\">https:\/\/hashtag.al\/wp-content\/uploads\/2020\/10\/2lpN7ctUh8VeTy1D.mp4<\/a><\/video><\/div>\n<div style=\"width: 640px;\" class=\"wp-video\"><video class=\"wp-video-shortcode\" id=\"video-408865-2\" width=\"640\" height=\"360\" preload=\"metadata\" controls=\"controls\"><source type=\"video\/mp4\" src=\"https:\/\/hashtag.al\/wp-content\/uploads\/2020\/10\/3300a63956011e41ce961bea006aa410.mp4?_=2\" \/><a href=\"https:\/\/hashtag.al\/wp-content\/uploads\/2020\/10\/3300a63956011e41ce961bea006aa410.mp4\">https:\/\/hashtag.al\/wp-content\/uploads\/2020\/10\/3300a63956011e41ce961bea006aa410.mp4<\/a><\/video><\/div>\n","protected":false,"gt_translate_keys":[{"key":"rendered","format":"html"}]},"excerpt":{"rendered":"<p>Nj\u00eb t\u00ebrmet i fuqish\u00ebm me magnitud\u00eb 6.6 ka tronditur sot rajonin e Egjeut t\u00eb Turqis\u00eb. Anadolu Agency raporton se t\u00ebrmeti ra rreth or\u00ebs 14.51 (sipas or\u00ebs lokale) n\u00eb nj\u00eb thell\u00ebsi prej 16.54 kilometrash. Bugra Gokce, sekretari i p\u00ebrgjithsh\u00ebm i Komun\u00ebs s\u00eb Izmirit, i tha kanalit t\u00eb lajmeve NTV se disa sht\u00ebpi n\u00eb qytet ishin shkat\u00ebrruar [&hellip;]<\/p>\n","protected":false,"gt_translate_keys":[{"key":"rendered","format":"html"}]},"author":30,"featured_media":408866,"comment_status":"open","ping_status":"open","sticky":false,"template":"","format":"standard","meta":{"footnotes":""},"categories":[22,6,13],"tags":[],"class_list":["post-408865","post","type-post","status-publish","format-standard","has-post-thumbnail","hentry","category-ballina","category-nderkombetare","category-te-fundit"],"gt_translate_keys":[{"key":"link","format":"url"}],"_links":{"self":[{"href":"https:\/\/www.hashtag.al\/index.php\/wp-json\/wp\/v2\/posts\/408865","targetHints":{"allow":["GET"]}}],"collection":[{"href":"https:\/\/www.hashtag.al\/index.php\/wp-json\/wp\/v2\/posts"}],"about":[{"href":"https:\/\/www.hashtag.al\/index.php\/wp-json\/wp\/v2\/types\/post"}],"author":[{"embeddable":true,"href":"https:\/\/www.hashtag.al\/index.php\/wp-json\/wp\/v2\/users\/30"}],"replies":[{"embeddable":true,"href":"https:\/\/www.hashtag.al\/index.php\/wp-json\/wp\/v2\/comments?post=408865"}],"version-history":[{"count":0,"href":"https:\/\/www.hashtag.al\/index.php\/wp-json\/wp\/v2\/posts\/408865\/revisions"}],"wp:featuredmedia":[{"embeddable":true,"href":"https:\/\/www.hashtag.al\/index.php\/wp-json\/wp\/v2\/media\/408866"}],"wp:attachment":[{"href":"https:\/\/www.hashtag.al\/index.php\/wp-json\/wp\/v2\/media?parent=408865"}],"wp:term":[{"taxonomy":"category","embeddable":true,"href":"https:\/\/www.hashtag.al\/index.php\/wp-json\/wp\/v2\/categories?post=408865"},{"taxonomy":"post_tag","embeddable":true,"href":"https:\/\/www.hashtag.al\/index.php\/wp-json\/wp\/v2\/tags?post=408865"}],"curies":[{"name":"wp","href":"https:\/\/api.w.org\/{rel}","templated":true}]}}