{"id":408435,"date":"2020-10-28T12:51:19","date_gmt":"2020-10-28T11:51:19","guid":{"rendered":"https:\/\/hashtag.al\/?p=408435"},"modified":"2020-10-28T12:57:27","modified_gmt":"2020-10-28T11:57:27","slug":"vip-at-qe-kane-mbledhur-fonde-per-joe-bidenin","status":"publish","type":"post","link":"https:\/\/www.hashtag.al\/index.php\/2020\/10\/28\/vip-at-qe-kane-mbledhur-fonde-per-joe-bidenin\/","title":{"rendered":"VIP-at q\u00eb kan\u00eb mbledhur fonde p\u00ebr Joe Bidenin","gt_translate_keys":[{"key":"rendered","format":"text"}]},"content":{"rendered":"<p><a href=\"https:\/\/hashtag.al\/wp-content\/uploads\/2020\/10\/VIP.jpg\"><img loading=\"lazy\" decoding=\"async\" class=\"aligncenter size-full wp-image-408436\" src=\"https:\/\/hashtag.al\/wp-content\/uploads\/2020\/10\/VIP.jpg\" alt=\"\" width=\"3264\" height=\"1515\" srcset=\"https:\/\/www.hashtag.al\/wp-content\/uploads\/2020\/10\/VIP.jpg 3264w, https:\/\/www.hashtag.al\/wp-content\/uploads\/2020\/10\/VIP-300x139.jpg 300w, https:\/\/www.hashtag.al\/wp-content\/uploads\/2020\/10\/VIP-768x356.jpg 768w, https:\/\/www.hashtag.al\/wp-content\/uploads\/2020\/10\/VIP-1024x475.jpg 1024w\" sizes=\"auto, (max-width: 3264px) 100vw, 3264px\" \/><\/a><\/p>\n<p><span style=\"color: #000000;\">Nd\u00ebrsa Dita e Zgjedhjeve po afrohet, elita e Hollivudit po b\u00ebn gjith\u00e7ka q\u00eb mundet p\u00ebr t\u2019u siguruar q\u00eb kandidati demokrat \u00a0Joe Biden t\u00eb zgjidhet president.<\/span><\/p>\n<p><span style=\"color: #000000;\">Shum\u00eb artist\u00eb kan\u00eb dhuruar jo vet\u00ebm koh\u00ebn dhe energjin\u00eb e tyre, por edhe kan\u00eb ndihmuar n\u00eb mbledhjen e parave p\u00ebr fushat\u00ebn e Bidenit.<\/span><\/p>\n<p><span style=\"color: #000000;\"><span style=\"color: #0000ff;\"><a style=\"color: #0000ff;\" href=\"https:\/\/www.foxnews.com\/entertainment\/celebrity-virtual-fundraisers-joe-biden\">Fox News<\/a><\/span> ka p\u00ebrgatitur nj\u00eb list\u00eb t\u00eb artist\u00ebve t\u00eb famshm\u00ebn amerikan\u00eb, t\u00eb cil\u00ebt kan\u00eb kontribuar p\u00ebr t\u00eb mbledhur fonde p\u00ebr Bidenin.<\/span><\/p>\n<p><strong><span style=\"color: #000000;\">George Clooney<\/span><\/strong><\/p>\n<p><a href=\"https:\/\/hashtag.al\/wp-content\/uploads\/2020\/10\/george-clooney-reuters.jpg\"><img loading=\"lazy\" decoding=\"async\" class=\"aligncenter size-full wp-image-408443\" src=\"https:\/\/hashtag.al\/wp-content\/uploads\/2020\/10\/george-clooney-reuters.jpg\" alt=\"\" width=\"1862\" height=\"1048\" srcset=\"https:\/\/www.hashtag.al\/wp-content\/uploads\/2020\/10\/george-clooney-reuters.jpg 1862w, https:\/\/www.hashtag.al\/wp-content\/uploads\/2020\/10\/george-clooney-reuters-300x169.jpg 300w, https:\/\/www.hashtag.al\/wp-content\/uploads\/2020\/10\/george-clooney-reuters-768x432.jpg 768w, https:\/\/www.hashtag.al\/wp-content\/uploads\/2020\/10\/george-clooney-reuters-1024x576.jpg 1024w\" sizes=\"auto, (max-width: 1862px) 100vw, 1862px\" \/><\/a><\/p>\n<p><span style=\"color: #000000;\">Aktori dhe aktivisti u bashkuan me ish-Presidentin Barack Obama p\u00ebr nj\u00eb bised\u00eb virtuale p\u00ebr mbledhjen \u00a0e fondeve p\u00ebr Biden.<\/span><\/p>\n<p><span style=\"color: #000000;\">Ky event i zhvilluar n\u00eb korrik thuhet se mblodhi plot 11 milion dollar\u00eb. Biletat p\u00ebr k\u00ebt\u00eb event kushtuan 250 deri n\u00eb 250,000 dollar\u00eb p\u00ebr person dhe t\u00eb gjitha shkuan n\u00eb Fondin e Fitores s\u00eb Biden.<\/span><\/p>\n<p><span style=\"color: #000000;\">Clooney ka mb\u00ebshtetur dhe dy fushatat presidenciale t\u00eb Barack Obam\u00ebs dhe ka organizuar nj\u00eb mbledhje fondesh p\u00ebr t\u00eb n\u00eb vitin 2012 n\u00eb sht\u00ebpin\u00eb e tij.<\/span><\/p>\n<p><strong><span style=\"color: #000000;\">Kasta e &#8220;Avengers&#8221;<\/span><\/strong><\/p>\n<p><a href=\"https:\/\/hashtag.al\/wp-content\/uploads\/2020\/10\/AP19118193317403.jpg\"><img loading=\"lazy\" decoding=\"async\" class=\"aligncenter size-full wp-image-408441\" src=\"https:\/\/hashtag.al\/wp-content\/uploads\/2020\/10\/AP19118193317403.jpg\" alt=\"\" width=\"1862\" height=\"1048\" srcset=\"https:\/\/www.hashtag.al\/wp-content\/uploads\/2020\/10\/AP19118193317403.jpg 1862w, https:\/\/www.hashtag.al\/wp-content\/uploads\/2020\/10\/AP19118193317403-300x169.jpg 300w, https:\/\/www.hashtag.al\/wp-content\/uploads\/2020\/10\/AP19118193317403-768x432.jpg 768w, https:\/\/www.hashtag.al\/wp-content\/uploads\/2020\/10\/AP19118193317403-1024x576.jpg 1024w\" sizes=\"auto, (max-width: 1862px) 100vw, 1862px\" \/><\/a><\/p>\n<p><span style=\"color: #000000;\">Aktor\u00ebt e serive t\u00eb \u201cAvengers\u201d si Robert Downey Jr, Chris Evans, Scarlett Johansson, Mark Ruffalo, Zoe Saldana, Don Cheadle, Paul Rudd dhe regjisor\u00ebt Joe dhe Anthony Russo, t\u00eb gjith\u00eb u bashkuan n\u00eb nj\u00eb event virtual p\u00ebr mbledhjen e fondeve p\u00ebr Joe Biden dhe senatoren q\u00eb kandidon p\u00ebr zv.presidente Kamala Harris.<\/span><\/p>\n<p><strong><span style=\"color: #000000;\">Ina Garten<\/span><\/strong><\/p>\n<p><a href=\"https:\/\/hashtag.al\/wp-content\/uploads\/2020\/10\/inagarten.jpg\"><img loading=\"lazy\" decoding=\"async\" class=\"aligncenter size-full wp-image-408446\" src=\"https:\/\/hashtag.al\/wp-content\/uploads\/2020\/10\/inagarten.jpg\" alt=\"\" width=\"1862\" height=\"1048\" srcset=\"https:\/\/www.hashtag.al\/wp-content\/uploads\/2020\/10\/inagarten.jpg 1862w, https:\/\/www.hashtag.al\/wp-content\/uploads\/2020\/10\/inagarten-300x169.jpg 300w, https:\/\/www.hashtag.al\/wp-content\/uploads\/2020\/10\/inagarten-768x432.jpg 768w, https:\/\/www.hashtag.al\/wp-content\/uploads\/2020\/10\/inagarten-1024x576.jpg 1024w\" sizes=\"auto, (max-width: 1862px) 100vw, 1862px\" \/><\/a><\/p>\n<p><span style=\"color: #000000;\">Autorja dhe ylli i Rrjetit t\u00eb Ushqimit intervistoi Jill Biden, gruan e kandidatit demokrat p\u00ebr nj\u00eb mbledhje fondesh n\u00eb internet.<\/span><\/p>\n<p><span style=\"color: #000000;\">Biletat varionin nga 250 deri n\u00eb 10,000 dollar\u00eb.<\/span><\/p>\n<p><span style=\"color: #000000;\"><em>&#8220;Un\u00eb nuk jam politike&#8221;-<\/em> ishte shprehur m\u00eb par\u00eb Garten p\u00ebr revist\u00ebn People. &#8220;Un\u00eb mendoj se n\u00ebse hulumton do t\u00eb zbulosh q\u00eb un\u00eb kam mb\u00ebshtetur programe politike privatisht, por un\u00eb kurr\u00eb nuk kam qen\u00eb shum\u00eb publike p\u00ebr k\u00ebt\u00eb &#8211; por ndonj\u00ebher\u00eb thjesht duhet ta b\u00ebsh at\u00eb.&#8221;<\/span><\/p>\n<p><strong><span style=\"color: #000000;\">Lin-Manuel Miranda<\/span><\/strong><\/p>\n<p><a href=\"https:\/\/hashtag.al\/wp-content\/uploads\/2020\/10\/linmanuel.jpg\"><img loading=\"lazy\" decoding=\"async\" class=\"aligncenter size-full wp-image-408447\" src=\"https:\/\/hashtag.al\/wp-content\/uploads\/2020\/10\/linmanuel.jpg\" alt=\"\" width=\"1862\" height=\"1048\" srcset=\"https:\/\/www.hashtag.al\/wp-content\/uploads\/2020\/10\/linmanuel.jpg 1862w, https:\/\/www.hashtag.al\/wp-content\/uploads\/2020\/10\/linmanuel-300x169.jpg 300w, https:\/\/www.hashtag.al\/wp-content\/uploads\/2020\/10\/linmanuel-768x432.jpg 768w, https:\/\/www.hashtag.al\/wp-content\/uploads\/2020\/10\/linmanuel-1024x576.jpg 1024w\" sizes=\"auto, (max-width: 1862px) 100vw, 1862px\" \/><\/a><\/p>\n<p><span style=\"color: #000000;\">Fituesi i cmimit \u201cTony\u201d, s\u00eb bashku me kastin e mjuzik\u00ebllit t\u00eb Broduejit &#8220;Hamilton&#8221;, mor\u00ebn pjes\u00eb n\u00eb nj\u00eb mbledhje fondesh virtuale p\u00ebr Biden n\u00eb muajin tetor.<\/span><\/p>\n<p><span style=\"color: #000000;\">Regjisori Thomas Kail moderoi seanc\u00ebn me pyetje dhe p\u00ebrgjigje me kast\u00ebn e aktor\u00ebve dhe u b\u00eb nj\u00eb performanc\u00eb e ve\u00e7ant\u00eb. N\u00eb k\u00ebt\u00eb event, mb\u00ebshtet\u00ebsit mund t\u00eb dhuronin \u00e7far\u00ebdo shume parash n\u00eb Fondin e Fitores s\u00eb Biden.<\/span><\/p>\n<p><strong><span style=\"color: #000000;\">Andy Cohen<\/span><\/strong><\/p>\n<p><a href=\"https:\/\/hashtag.al\/wp-content\/uploads\/2020\/10\/andy-cohen.jpg\"><img loading=\"lazy\" decoding=\"async\" class=\"aligncenter size-full wp-image-408445\" src=\"https:\/\/hashtag.al\/wp-content\/uploads\/2020\/10\/andy-cohen.jpg\" alt=\"\" width=\"1862\" height=\"1048\" srcset=\"https:\/\/www.hashtag.al\/wp-content\/uploads\/2020\/10\/andy-cohen.jpg 1862w, https:\/\/www.hashtag.al\/wp-content\/uploads\/2020\/10\/andy-cohen-300x169.jpg 300w, https:\/\/www.hashtag.al\/wp-content\/uploads\/2020\/10\/andy-cohen-768x432.jpg 768w, https:\/\/www.hashtag.al\/wp-content\/uploads\/2020\/10\/andy-cohen-1024x576.jpg 1024w\" sizes=\"auto, (max-width: 1862px) 100vw, 1862px\" \/><\/a><\/p>\n<p><span style=\"color: #000000;\">Moderatori televiziv dhe producenti i &#8220;Real Housewives&#8221; ka b\u00ebr\u00eb disa video t\u00eb personalizuara n\u00eb \u201cCameo\u201d p\u00ebr fansat e tij, n\u00eb nj\u00eb p\u00ebrpjekje p\u00ebr t\u00eb mbledhur para p\u00ebr Biden.<\/span><\/p>\n<p><span style=\"color: #000000;\">Kostoja e nj\u00eb videoje n\u00eb Cameo p\u00ebrcaktohet nga personaliteti dhe p\u00ebr nj\u00eb periudh\u00eb dy javore, Cohen po b\u00ebnte video p\u00ebr 595 dollar\u00ebsh.<\/span><\/p>\n<p><strong><span style=\"color: #000000;\">Cher<\/span><\/strong><\/p>\n<p><a href=\"https:\/\/hashtag.al\/wp-content\/uploads\/2020\/10\/cher.jpg\"><img loading=\"lazy\" decoding=\"async\" class=\"aligncenter size-full wp-image-408442\" src=\"https:\/\/hashtag.al\/wp-content\/uploads\/2020\/10\/cher.jpg\" alt=\"\" width=\"1862\" height=\"1048\" srcset=\"https:\/\/www.hashtag.al\/wp-content\/uploads\/2020\/10\/cher.jpg 1862w, https:\/\/www.hashtag.al\/wp-content\/uploads\/2020\/10\/cher-300x169.jpg 300w, https:\/\/www.hashtag.al\/wp-content\/uploads\/2020\/10\/cher-768x432.jpg 768w, https:\/\/www.hashtag.al\/wp-content\/uploads\/2020\/10\/cher-1024x576.jpg 1024w\" sizes=\"auto, (max-width: 1862px) 100vw, 1862px\" \/><\/a><\/p>\n<p><span style=\"color: #000000;\">K\u00ebng\u00ebtarja organizoi nj\u00eb mbledhje fondesh virtuale p\u00ebr grupet LGBTQ n\u00eb muajin gusht dhe thuhet se mblodhi mbi 2 milion dollar\u00eb.<\/span><\/p>\n<p><span style=\"color: #000000;\">Ajo tha se me Bidenin ishin miq q\u00eb nga viti 2006 kur ajo e ftoi veten n\u00eb zyr\u00ebn e tij. \u201c<em>Ai mendoi se m\u00eb ftoi mua, por un\u00eb n\u00eb t\u00eb v\u00ebrtet ftova veten. Un\u00eb pash\u00eb nj\u00eb fjalim q\u00eb Joe kishte mbajtur dhe ishte dashuri n\u00eb fjalimin e par\u00eb&#8221;-<\/em> kujtonte Cher.<\/span><\/p>\n<p><strong><span style=\"color: #000000;\">John Legend<\/span><\/strong><\/p>\n<p><a href=\"https:\/\/hashtag.al\/wp-content\/uploads\/2020\/10\/GettyImages-1280251307.jpg\"><img loading=\"lazy\" decoding=\"async\" class=\"aligncenter size-full wp-image-408444\" src=\"https:\/\/hashtag.al\/wp-content\/uploads\/2020\/10\/GettyImages-1280251307.jpg\" alt=\"\" width=\"1862\" height=\"1048\" srcset=\"https:\/\/www.hashtag.al\/wp-content\/uploads\/2020\/10\/GettyImages-1280251307.jpg 1862w, https:\/\/www.hashtag.al\/wp-content\/uploads\/2020\/10\/GettyImages-1280251307-300x169.jpg 300w, https:\/\/www.hashtag.al\/wp-content\/uploads\/2020\/10\/GettyImages-1280251307-768x432.jpg 768w, https:\/\/www.hashtag.al\/wp-content\/uploads\/2020\/10\/GettyImages-1280251307-1024x576.jpg 1024w\" sizes=\"auto, (max-width: 1862px) 100vw, 1862px\" \/><\/a><\/p>\n<p><span style=\"color: #000000;\">K\u00ebng\u00ebtari mori pjes\u00eb n\u00eb nj\u00eb mbledhje fondesh p\u00ebr Biden n\u00eb korrik. Ai interpretoi s\u00eb bashku me Barbra Streisand, Sara Bareilles dhe Andra Day.<\/span><\/p>\n<p><span style=\"color: #000000;\"><em>&#8220;Le t\u00eb b\u00ebjm\u00eb gjith\u00e7ka q\u00eb mundemi p\u00ebr ta ndihmuar n\u00eb zgjedhjen e tij k\u00ebt\u00eb n\u00ebntor&#8221;<\/em>&#8211; tha Legend n\u00eb nj\u00eb postim duke promovuar eventin.<\/span><\/p>\n","protected":false,"gt_translate_keys":[{"key":"rendered","format":"html"}]},"excerpt":{"rendered":"<p>Nd\u00ebrsa Dita e Zgjedhjeve po afrohet, elita e Hollivudit po b\u00ebn gjith\u00e7ka q\u00eb mundet p\u00ebr t\u2019u siguruar q\u00eb kandidati demokrat \u00a0Joe Biden t\u00eb zgjidhet president. Shum\u00eb artist\u00eb kan\u00eb dhuruar jo vet\u00ebm koh\u00ebn dhe energjin\u00eb e tyre, por edhe kan\u00eb ndihmuar n\u00eb mbledhjen e parave p\u00ebr fushat\u00ebn e Bidenit. Fox News ka p\u00ebrgatitur nj\u00eb list\u00eb t\u00eb [&hellip;]<\/p>\n","protected":false,"gt_translate_keys":[{"key":"rendered","format":"html"}]},"author":30,"featured_media":408436,"comment_status":"open","ping_status":"open","sticky":false,"template":"","format":"standard","meta":{"footnotes":""},"categories":[53,6],"tags":[],"class_list":["post-408435","post","type-post","status-publish","format-standard","has-post-thumbnail","hentry","category-fast-foodi","category-nderkombetare"],"gt_translate_keys":[{"key":"link","format":"url"}],"_links":{"self":[{"href":"https:\/\/www.hashtag.al\/index.php\/wp-json\/wp\/v2\/posts\/408435","targetHints":{"allow":["GET"]}}],"collection":[{"href":"https:\/\/www.hashtag.al\/index.php\/wp-json\/wp\/v2\/posts"}],"about":[{"href":"https:\/\/www.hashtag.al\/index.php\/wp-json\/wp\/v2\/types\/post"}],"author":[{"embeddable":true,"href":"https:\/\/www.hashtag.al\/index.php\/wp-json\/wp\/v2\/users\/30"}],"replies":[{"embeddable":true,"href":"https:\/\/www.hashtag.al\/index.php\/wp-json\/wp\/v2\/comments?post=408435"}],"version-history":[{"count":0,"href":"https:\/\/www.hashtag.al\/index.php\/wp-json\/wp\/v2\/posts\/408435\/revisions"}],"wp:featuredmedia":[{"embeddable":true,"href":"https:\/\/www.hashtag.al\/index.php\/wp-json\/wp\/v2\/media\/408436"}],"wp:attachment":[{"href":"https:\/\/www.hashtag.al\/index.php\/wp-json\/wp\/v2\/media?parent=408435"}],"wp:term":[{"taxonomy":"category","embeddable":true,"href":"https:\/\/www.hashtag.al\/index.php\/wp-json\/wp\/v2\/categories?post=408435"},{"taxonomy":"post_tag","embeddable":true,"href":"https:\/\/www.hashtag.al\/index.php\/wp-json\/wp\/v2\/tags?post=408435"}],"curies":[{"name":"wp","href":"https:\/\/api.w.org\/{rel}","templated":true}]}}