{"id":408380,"date":"2020-10-28T10:16:19","date_gmt":"2020-10-28T09:16:19","guid":{"rendered":"https:\/\/hashtag.al\/?p=408380"},"modified":"2020-10-28T10:16:19","modified_gmt":"2020-10-28T09:16:19","slug":"albin-kurti-infektohet-me-covid-19-do-te-qendroj-ne-veteizolim-per-dy-jave","status":"publish","type":"post","link":"https:\/\/www.hashtag.al\/index.php\/2020\/10\/28\/albin-kurti-infektohet-me-covid-19-do-te-qendroj-ne-veteizolim-per-dy-jave\/","title":{"rendered":"Albin Kurti infektohet me COVID-19: Do t\u00eb q\u00ebndroj n\u00eb vet\u00ebizolim p\u00ebr dy jav\u00eb","gt_translate_keys":[{"key":"rendered","format":"text"}]},"content":{"rendered":"<p><a href=\"https:\/\/hashtag.al\/wp-content\/uploads\/2020\/03\/albinkurti-e1583270546738.jpg\"><img loading=\"lazy\" decoding=\"async\" class=\"aligncenter size-full wp-image-357907\" src=\"https:\/\/hashtag.al\/wp-content\/uploads\/2020\/03\/albinkurti-e1583270546738.jpg\" alt=\"\" width=\"1582\" height=\"901\" srcset=\"https:\/\/www.hashtag.al\/wp-content\/uploads\/2020\/03\/albinkurti-e1583270546738.jpg 1582w, https:\/\/www.hashtag.al\/wp-content\/uploads\/2020\/03\/albinkurti-e1583270546738-300x171.jpg 300w, https:\/\/www.hashtag.al\/wp-content\/uploads\/2020\/03\/albinkurti-e1583270546738-768x437.jpg 768w, https:\/\/www.hashtag.al\/wp-content\/uploads\/2020\/03\/albinkurti-e1583270546738-1024x583.jpg 1024w\" sizes=\"auto, (max-width: 1582px) 100vw, 1582px\" \/><\/a><\/p>\n<p><span style=\"color: #000000;\">Ish-kryeministri i Kosov\u00ebs dhe kreu i L\u00ebvizjes Vet\u00ebvendosje, Albin Kurti \u00ebsht\u00eb konfirmuar me COVID-19.<\/span><\/p>\n<p><span style=\"color: #000000;\">Lajmin e ka b\u00ebr\u00eb t\u00eb ditur vet\u00eb Kurti p\u00ebrmes nj\u00eb postimi n\u00eb rrjetet sociale.<\/span><\/p>\n<p><span style=\"color: #000000;\">Ai shprehet se ka patur simptoma t\u00eb Covidid prej dy dit\u00ebsh dhe p\u00ebr k\u00ebt\u00eb arsye i \u00ebsht\u00eb n\u00ebnshtruar testimit. Rezultatet kan\u00eb dal\u00eb pozitive dhe ai do t\u00eb q\u00ebndroj\u00eb p\u00ebr dy jav\u00eb i izoluar.<\/span><\/p>\n<p><span style=\"color: #000000;\"><em>\u00a0\u201cParmbr\u00ebm\u00eb kisha disa simptoma: kok\u00ebdhembje t\u00eb leht\u00eb, pak koll dhe dhembje e skuqje t\u00eb syve. Dje jam testuar p\u00ebr COVID-19 dhe kam rezultuar pozitiv. N\u00eb dy jav\u00ebt n\u00eb vijim do t\u00eb q\u00ebndroj n\u00eb vetizolim\u201d<\/em>, shkruan Kurti.<\/span><\/p>\n","protected":false,"gt_translate_keys":[{"key":"rendered","format":"html"}]},"excerpt":{"rendered":"<p>Ish-kryeministri i Kosov\u00ebs dhe kreu i L\u00ebvizjes Vet\u00ebvendosje, Albin Kurti \u00ebsht\u00eb konfirmuar me COVID-19. Lajmin e ka b\u00ebr\u00eb t\u00eb ditur vet\u00eb Kurti p\u00ebrmes nj\u00eb postimi n\u00eb rrjetet sociale. Ai shprehet se ka patur simptoma t\u00eb Covidid prej dy dit\u00ebsh dhe p\u00ebr k\u00ebt\u00eb arsye i \u00ebsht\u00eb n\u00ebnshtruar testimit. Rezultatet kan\u00eb dal\u00eb pozitive dhe ai do t\u00eb [&hellip;]<\/p>\n","protected":false,"gt_translate_keys":[{"key":"rendered","format":"html"}]},"author":30,"featured_media":357907,"comment_status":"open","ping_status":"open","sticky":false,"template":"","format":"standard","meta":{"footnotes":""},"categories":[65,13],"tags":[],"class_list":["post-408380","post","type-post","status-publish","format-standard","has-post-thumbnail","hentry","category-lajme","category-te-fundit"],"gt_translate_keys":[{"key":"link","format":"url"}],"_links":{"self":[{"href":"https:\/\/www.hashtag.al\/index.php\/wp-json\/wp\/v2\/posts\/408380","targetHints":{"allow":["GET"]}}],"collection":[{"href":"https:\/\/www.hashtag.al\/index.php\/wp-json\/wp\/v2\/posts"}],"about":[{"href":"https:\/\/www.hashtag.al\/index.php\/wp-json\/wp\/v2\/types\/post"}],"author":[{"embeddable":true,"href":"https:\/\/www.hashtag.al\/index.php\/wp-json\/wp\/v2\/users\/30"}],"replies":[{"embeddable":true,"href":"https:\/\/www.hashtag.al\/index.php\/wp-json\/wp\/v2\/comments?post=408380"}],"version-history":[{"count":0,"href":"https:\/\/www.hashtag.al\/index.php\/wp-json\/wp\/v2\/posts\/408380\/revisions"}],"wp:featuredmedia":[{"embeddable":true,"href":"https:\/\/www.hashtag.al\/index.php\/wp-json\/wp\/v2\/media\/357907"}],"wp:attachment":[{"href":"https:\/\/www.hashtag.al\/index.php\/wp-json\/wp\/v2\/media?parent=408380"}],"wp:term":[{"taxonomy":"category","embeddable":true,"href":"https:\/\/www.hashtag.al\/index.php\/wp-json\/wp\/v2\/categories?post=408380"},{"taxonomy":"post_tag","embeddable":true,"href":"https:\/\/www.hashtag.al\/index.php\/wp-json\/wp\/v2\/tags?post=408380"}],"curies":[{"name":"wp","href":"https:\/\/api.w.org\/{rel}","templated":true}]}}