{"id":408065,"date":"2020-10-26T18:19:05","date_gmt":"2020-10-26T17:19:05","guid":{"rendered":"https:\/\/hashtag.al\/?p=408065"},"modified":"2020-10-26T18:19:05","modified_gmt":"2020-10-26T17:19:05","slug":"veliaj-rekruton-dhe-rovena-dilon-kengetarja-eshte-njeri-qe-te-jep-shpatullen-te-mbeshtetesh","status":"publish","type":"post","link":"https:\/\/www.hashtag.al\/index.php\/2020\/10\/26\/veliaj-rekruton-dhe-rovena-dilon-kengetarja-eshte-njeri-qe-te-jep-shpatullen-te-mbeshtetesh\/","title":{"rendered":"Veliaj rekruton dhe Rovena Dilon, k\u00ebng\u00ebtarja: \u00cbsht\u00eb njeri q\u00eb t\u00eb jep shpatull\u00ebn t\u00eb mb\u00ebshtetesh","gt_translate_keys":[{"key":"rendered","format":"text"}]},"content":{"rendered":"<p><img loading=\"lazy\" decoding=\"async\" class=\"aligncenter size-full wp-image-408066\" src=\"https:\/\/hashtag.al\/wp-content\/uploads\/2020\/10\/rovena-dilo.jpg\" alt=\"\" width=\"900\" height=\"600\" srcset=\"https:\/\/www.hashtag.al\/wp-content\/uploads\/2020\/10\/rovena-dilo.jpg 900w, https:\/\/www.hashtag.al\/wp-content\/uploads\/2020\/10\/rovena-dilo-300x200.jpg 300w, https:\/\/www.hashtag.al\/wp-content\/uploads\/2020\/10\/rovena-dilo-768x512.jpg 768w\" sizes=\"auto, (max-width: 900px) 100vw, 900px\" \/><\/p>\n<p><span style=\"color: #000000;\">Rovena Dilo \u00ebsht\u00eb k\u00ebng\u00ebtarja e radh\u00ebs, por sipas t\u00eb gjitha gjasave jo e fundit q\u00eb i bashkohet kryebashkiakut Veliaj, n\u00eb fushat\u00ebn e nisur prej tij p\u00ebr zgjedhjet e 25 prillit 2021.<\/span><\/p>\n<p><span style=\"color: #000000;\">M\u00eb her\u00ebt t\u00eb nj\u00ebjt\u00ebn gj\u00eb e kan\u00eb b\u00ebr\u00eb disa emra nga fusha t\u00eb ndryshme, nd\u00ebrsa nga ajo e k\u00ebng\u00ebs mund t\u00eb p\u00ebrmenden Eli Fara e Kastro Zizo.<\/span><\/p>\n<p><span style=\"color: #000000;\">Dilo ishte e pranishme n\u00eb takimin q\u00eb Veliaj i shoq\u00ebruar nga deputeti socialist, Qefalia, zhvilluan n\u00eb Zall Herr t\u00eb Tiran\u00ebs.<\/span><\/p>\n<p><span style=\"color: #000000;\">\u201c<em>Erion Veliaj, \u00ebsht\u00eb ai njeri q\u00eb t\u00eb zgjat dor\u00ebn, t\u00eb jep shpatull\u00ebn t\u00eb mb\u00ebshtetesh dhe gjithmon\u00eb \u00ebsht\u00eb aty, jo vet\u00ebm me fjal\u00ebn e mir\u00eb, por k\u00ebt\u00eb fjal\u00eb ai e b\u00ebn vep\u00ebr.<\/em><\/span><\/p>\n<p><span style=\"color: #000000;\"><em>Un\u00eb mendoj q\u00eb partia ime si artiste e k\u00ebng\u00ebs \u00ebsht\u00eb, Shqip\u00ebria. Por un\u00eb mendoj q\u00eb edhe Erion Veliaj t\u00eb par\u00ebn ka k\u00ebt\u00eb parti, pra Shqip\u00ebria<\/em>\u201d-tha k\u00ebng\u00ebtarja gjat\u00eb fjal\u00ebs s\u00eb saj.<\/span><\/p>\n<p><iframe loading=\"lazy\" style=\"border: none; overflow: hidden;\" src=\"https:\/\/www.facebook.com\/plugins\/video.php?height=314&amp;href=https%3A%2F%2Fwww.facebook.com%2Fwww.hashtag.al%2Fvideos%2F273688023943939%2F&amp;show_text=false&amp;width=560\" width=\"560\" height=\"314\" frameborder=\"0\" scrolling=\"no\" allowfullscreen=\"allowfullscreen\"><\/iframe><\/p>\n","protected":false,"gt_translate_keys":[{"key":"rendered","format":"html"}]},"excerpt":{"rendered":"<p>Rovena Dilo \u00ebsht\u00eb k\u00ebng\u00ebtarja e radh\u00ebs, por sipas t\u00eb gjitha gjasave jo e fundit q\u00eb i bashkohet kryebashkiakut Veliaj, n\u00eb fushat\u00ebn e nisur prej tij p\u00ebr zgjedhjet e 25 prillit 2021. M\u00eb her\u00ebt t\u00eb nj\u00ebjt\u00ebn gj\u00eb e kan\u00eb b\u00ebr\u00eb disa emra nga fusha t\u00eb ndryshme, nd\u00ebrsa nga ajo e k\u00ebng\u00ebs mund t\u00eb p\u00ebrmenden Eli Fara [&hellip;]<\/p>\n","protected":false,"gt_translate_keys":[{"key":"rendered","format":"html"}]},"author":32,"featured_media":408066,"comment_status":"open","ping_status":"open","sticky":false,"template":"","format":"standard","meta":{"footnotes":""},"categories":[65,13],"tags":[],"class_list":["post-408065","post","type-post","status-publish","format-standard","has-post-thumbnail","hentry","category-lajme","category-te-fundit"],"gt_translate_keys":[{"key":"link","format":"url"}],"_links":{"self":[{"href":"https:\/\/www.hashtag.al\/index.php\/wp-json\/wp\/v2\/posts\/408065","targetHints":{"allow":["GET"]}}],"collection":[{"href":"https:\/\/www.hashtag.al\/index.php\/wp-json\/wp\/v2\/posts"}],"about":[{"href":"https:\/\/www.hashtag.al\/index.php\/wp-json\/wp\/v2\/types\/post"}],"author":[{"embeddable":true,"href":"https:\/\/www.hashtag.al\/index.php\/wp-json\/wp\/v2\/users\/32"}],"replies":[{"embeddable":true,"href":"https:\/\/www.hashtag.al\/index.php\/wp-json\/wp\/v2\/comments?post=408065"}],"version-history":[{"count":0,"href":"https:\/\/www.hashtag.al\/index.php\/wp-json\/wp\/v2\/posts\/408065\/revisions"}],"wp:featuredmedia":[{"embeddable":true,"href":"https:\/\/www.hashtag.al\/index.php\/wp-json\/wp\/v2\/media\/408066"}],"wp:attachment":[{"href":"https:\/\/www.hashtag.al\/index.php\/wp-json\/wp\/v2\/media?parent=408065"}],"wp:term":[{"taxonomy":"category","embeddable":true,"href":"https:\/\/www.hashtag.al\/index.php\/wp-json\/wp\/v2\/categories?post=408065"},{"taxonomy":"post_tag","embeddable":true,"href":"https:\/\/www.hashtag.al\/index.php\/wp-json\/wp\/v2\/tags?post=408065"}],"curies":[{"name":"wp","href":"https:\/\/api.w.org\/{rel}","templated":true}]}}