{"id":408059,"date":"2020-10-26T17:48:01","date_gmt":"2020-10-26T16:48:01","guid":{"rendered":"https:\/\/hashtag.al\/?p=408059"},"modified":"2020-10-26T17:52:25","modified_gmt":"2020-10-26T16:52:25","slug":"mezi-e-pres-rastin-e-pare-ne-shqiperi-infektohet-me-covid-19-kryeinspktorja-e-shendetit-areti-beruka","status":"publish","type":"post","link":"https:\/\/www.hashtag.al\/index.php\/2020\/10\/26\/mezi-e-pres-rastin-e-pare-ne-shqiperi-infektohet-me-covid-19-kryeinspktorja-e-shendetit-areti-beruka\/","title":{"rendered":"&#8220;Mezi e pres rastin e par\u00eb n\u00eb Shqip\u00ebri&#8221; &#8211; Infektohet me Covid-19 kryeinspektorja e sh\u00ebndetit, Areti Beruka","gt_translate_keys":[{"key":"rendered","format":"text"}]},"content":{"rendered":"<p><img loading=\"lazy\" decoding=\"async\" class=\"aligncenter size-full wp-image-408060\" src=\"https:\/\/hashtag.al\/wp-content\/uploads\/2020\/10\/aretiberuka.PNG2_.png\" alt=\"\" width=\"686\" height=\"392\" srcset=\"https:\/\/www.hashtag.al\/wp-content\/uploads\/2020\/10\/aretiberuka.PNG2_.png 686w, https:\/\/www.hashtag.al\/wp-content\/uploads\/2020\/10\/aretiberuka.PNG2_-300x171.png 300w\" sizes=\"auto, (max-width: 686px) 100vw, 686px\" \/><\/p>\n<p><span style=\"color: #000000;\">Shefja e Inspektoriatit Shtet\u00ebror t\u00eb Sh\u00ebndetit, Areti Beruka, \u00ebsht\u00eb prekur nga Covid-19. <\/span><\/p>\n<p><span style=\"color: #000000;\">Beruka u b\u00eb e njohur n\u00eb dit\u00ebt e para pas shp\u00ebrthimit t\u00eb pandemis\u00eb Covid-19 n\u00eb bot\u00eb, teksa n\u00eb nj\u00eb emision televiziv pohoi se mezi priste q\u00eb kronavirusi t\u00eb vinte edhe n\u00eb Shqip\u00ebri. <\/span><\/p>\n<p><span style=\"color: #000000;\">Beruka me profesion mjeke, \u00ebsht\u00eb karantinuar n\u00eb banes\u00eb.<\/span><\/p>\n<p><span style=\"color: #000000;\"> E pyetur nga gazetarja n\u00ebse kishte frik\u00eb nga situata q\u00eb do krijohej n\u00eb vend nga Covid-19 ajo u p\u00ebrgjigj se duke th\u00ebn\u00eb se nuk kishte.<\/span><\/p>\n<p><span style=\"color: #000000;\"><em>\u201cAbsolutish jo. Ndoshta ka t\u00eb b\u00ebj\u00eb me profesionin, por edhe me karakterin. Por ta them personale, jo profesionale mezi e pres rastin e par\u00eb n\u00eb fakt, un\u00eb si mjek. E para do t\u00eb kuptojn\u00eb njer\u00ebzit profesionist\u00eb q\u00eb koronavirusi ka nj\u00eb grad\u00eb vijueshm\u00ebrie shum\u00eb t\u00eb ul\u00ebt sesa ky q\u00eb kemi gia. P\u00ebrqindja e vdekshm\u00ebris\u00eb s\u00eb saj \u00ebsht\u00eb 2% . Mosha e f\u00ebmij\u00ebve 16 vje\u00e7 e kan\u00eb shum\u00eb t\u00eb ul\u00ebt dhe me shenja shum\u00eb her\u00eb m\u00eb t\u00eb lehta. Paniku q\u00eb qytetar\u00ebt kishin me SARS-in, apo me gripin e derrit, nuk \u00ebsht\u00eb absolutisht m\u00eb i rreziksh\u00ebm koronavirusi.\u201d<\/em> \u2013 deklaronte n\u00eb 26 shkurt 2020, Beruka.<\/span><\/p>\n","protected":false,"gt_translate_keys":[{"key":"rendered","format":"html"}]},"excerpt":{"rendered":"<p>Shefja e Inspektoriatit Shtet\u00ebror t\u00eb Sh\u00ebndetit, Areti Beruka, \u00ebsht\u00eb prekur nga Covid-19. Beruka u b\u00eb e njohur n\u00eb dit\u00ebt e para pas shp\u00ebrthimit t\u00eb pandemis\u00eb Covid-19 n\u00eb bot\u00eb, teksa n\u00eb nj\u00eb emision televiziv pohoi se mezi priste q\u00eb kronavirusi t\u00eb vinte edhe n\u00eb Shqip\u00ebri. Beruka me profesion mjeke, \u00ebsht\u00eb karantinuar n\u00eb banes\u00eb. E pyetur nga [&hellip;]<\/p>\n","protected":false,"gt_translate_keys":[{"key":"rendered","format":"html"}]},"author":51,"featured_media":408060,"comment_status":"open","ping_status":"open","sticky":false,"template":"","format":"standard","meta":{"footnotes":""},"categories":[65,13],"tags":[],"class_list":["post-408059","post","type-post","status-publish","format-standard","has-post-thumbnail","hentry","category-lajme","category-te-fundit"],"gt_translate_keys":[{"key":"link","format":"url"}],"_links":{"self":[{"href":"https:\/\/www.hashtag.al\/index.php\/wp-json\/wp\/v2\/posts\/408059","targetHints":{"allow":["GET"]}}],"collection":[{"href":"https:\/\/www.hashtag.al\/index.php\/wp-json\/wp\/v2\/posts"}],"about":[{"href":"https:\/\/www.hashtag.al\/index.php\/wp-json\/wp\/v2\/types\/post"}],"author":[{"embeddable":true,"href":"https:\/\/www.hashtag.al\/index.php\/wp-json\/wp\/v2\/users\/51"}],"replies":[{"embeddable":true,"href":"https:\/\/www.hashtag.al\/index.php\/wp-json\/wp\/v2\/comments?post=408059"}],"version-history":[{"count":0,"href":"https:\/\/www.hashtag.al\/index.php\/wp-json\/wp\/v2\/posts\/408059\/revisions"}],"wp:featuredmedia":[{"embeddable":true,"href":"https:\/\/www.hashtag.al\/index.php\/wp-json\/wp\/v2\/media\/408060"}],"wp:attachment":[{"href":"https:\/\/www.hashtag.al\/index.php\/wp-json\/wp\/v2\/media?parent=408059"}],"wp:term":[{"taxonomy":"category","embeddable":true,"href":"https:\/\/www.hashtag.al\/index.php\/wp-json\/wp\/v2\/categories?post=408059"},{"taxonomy":"post_tag","embeddable":true,"href":"https:\/\/www.hashtag.al\/index.php\/wp-json\/wp\/v2\/tags?post=408059"}],"curies":[{"name":"wp","href":"https:\/\/api.w.org\/{rel}","templated":true}]}}