{"id":407587,"date":"2020-10-24T11:12:18","date_gmt":"2020-10-24T09:12:18","guid":{"rendered":"https:\/\/hashtag.al\/?p=407587"},"modified":"2020-10-24T11:12:18","modified_gmt":"2020-10-24T09:12:18","slug":"humbi-jeten-ne-aksident-meta-dekoron-mesuesen-ne-devoll-me-titullin-naim-frasheri","status":"publish","type":"post","link":"https:\/\/www.hashtag.al\/index.php\/2020\/10\/24\/humbi-jeten-ne-aksident-meta-dekoron-mesuesen-ne-devoll-me-titullin-naim-frasheri\/","title":{"rendered":"Humbi jet\u00ebn n\u00eb aksident, Meta dekoron m\u00ebsuesen n\u00eb Devoll me titullin \u201cNaim Frash\u00ebri\u201d","gt_translate_keys":[{"key":"rendered","format":"text"}]},"content":{"rendered":"<p><a href=\"https:\/\/hashtag.al\/wp-content\/uploads\/2020\/10\/3236bc11-3235-45fa-9d95-e8074d4ea312.jpg\"><img loading=\"lazy\" decoding=\"async\" class=\"aligncenter size-full wp-image-407588\" src=\"https:\/\/hashtag.al\/wp-content\/uploads\/2020\/10\/3236bc11-3235-45fa-9d95-e8074d4ea312.jpg\" alt=\"\" width=\"1116\" height=\"744\" srcset=\"https:\/\/www.hashtag.al\/wp-content\/uploads\/2020\/10\/3236bc11-3235-45fa-9d95-e8074d4ea312.jpg 1116w, https:\/\/www.hashtag.al\/wp-content\/uploads\/2020\/10\/3236bc11-3235-45fa-9d95-e8074d4ea312-300x200.jpg 300w, https:\/\/www.hashtag.al\/wp-content\/uploads\/2020\/10\/3236bc11-3235-45fa-9d95-e8074d4ea312-768x512.jpg 768w, https:\/\/www.hashtag.al\/wp-content\/uploads\/2020\/10\/3236bc11-3235-45fa-9d95-e8074d4ea312-1024x683.jpg 1024w\" sizes=\"auto, (max-width: 1116px) 100vw, 1116px\" \/><\/a><\/p>\n<p><span style=\"color: #000000;\">Presidenti i vendit Ilir Meta ka dekoruar m\u00ebsuesen Luiza Dule t\u00eb shkoll\u00ebs 9-vje\u00e7are \u201cSelami Kodra\u201d t\u00eb fshatit Arr\u00ebz n\u00eb Devoll, me Titullin \u201cNaim Frash\u00ebri\u201d, e cila ka humbur jet\u00ebn n\u00eb nj\u00eb aksident nd\u00ebrsa shkonte n\u00eb pun\u00eb.<\/span><\/p>\n<p><span style=\"color: #000000;\">Meta tha se ky titull i jepet m\u00ebsueses s\u00eb ndjer\u00eb me motivacionin:<em> \u201cN\u00eb vler\u00ebsim p\u00ebr m\u00ebsuesen e paharruar, n\u00ebn\u00ebn dhe familjaren model, simbol i p\u00ebrkushtimit t\u00eb pashembullt n\u00eb p\u00ebrhapjen e dijes dhe edukimit t\u00eb brezave t\u00eb rinj, duke sakrifikuar edhe jet\u00ebn e saj\u201d.<\/em><\/span><\/p>\n<p><a href=\"https:\/\/hashtag.al\/wp-content\/uploads\/2020\/10\/54927805-05b3-409e-84c3-3d99794ff1c0.jpg\"><img loading=\"lazy\" decoding=\"async\" class=\"aligncenter size-full wp-image-407590\" src=\"https:\/\/hashtag.al\/wp-content\/uploads\/2020\/10\/54927805-05b3-409e-84c3-3d99794ff1c0.jpg\" alt=\"\" width=\"1116\" height=\"744\" srcset=\"https:\/\/www.hashtag.al\/wp-content\/uploads\/2020\/10\/54927805-05b3-409e-84c3-3d99794ff1c0.jpg 1116w, https:\/\/www.hashtag.al\/wp-content\/uploads\/2020\/10\/54927805-05b3-409e-84c3-3d99794ff1c0-300x200.jpg 300w, https:\/\/www.hashtag.al\/wp-content\/uploads\/2020\/10\/54927805-05b3-409e-84c3-3d99794ff1c0-768x512.jpg 768w, https:\/\/www.hashtag.al\/wp-content\/uploads\/2020\/10\/54927805-05b3-409e-84c3-3d99794ff1c0-1024x683.jpg 1024w\" sizes=\"auto, (max-width: 1116px) 100vw, 1116px\" \/><\/a><\/p>\n<p><span style=\"color: #000000;\">Meta iu drejtua familjar\u00ebve t\u00eb m\u00ebsueses dhe p\u00ebrfaq\u00ebsuesve m\u00eb t\u00eb lart\u00eb t\u00eb pushtetit vendor, stafit pedagogjik, nx\u00ebn\u00ebsve dhe banor\u00ebve t\u00eb pranish\u00ebm duke th\u00ebn\u00eb se: <em>\u201cshkollat nuk jan\u00eb thjesht qendra t\u00eb pun\u00ebsuarish gjat\u00eb gjith\u00eb jet\u00ebs, ku m\u00ebsuesit ndihmojn\u00eb nx\u00ebn\u00ebsit e tyre t\u00eb mendojn\u00eb e analizojn\u00eb n\u00eb m\u00ebnyr\u00eb kritike, t\u00eb zgjidhin problematika, t\u00eb formojn\u00eb gjykime dhe t\u00eb marrin njohuri nga t\u00eb cilat p\u00ebrfitojn\u00eb jo vet\u00eb nx\u00ebn\u00ebsit, por e gjith\u00eb shoq\u00ebria jon\u00eb. Ato jan\u00eb shum\u00eb m\u00eb tep\u00ebr se kaq.\u00a0Ndaj profesioni fisnik i m\u00ebsuesit meriton vler\u00ebsimin m\u00eb t\u00eb lart\u00eb nga gjith\u00eb shoq\u00ebria jon\u00eb, sepse m\u00ebsimdh\u00ebnia \u00ebsht\u00eb thelb\u00ebsore p\u00ebr zhvillimin social, kulturor e ekonomik t\u00eb vendit, p\u00ebr vet\u00eb t\u00eb ardhmen ton\u00eb\u201d.<\/em><\/span><\/p>\n<p><a href=\"https:\/\/hashtag.al\/wp-content\/uploads\/2020\/10\/4c057cc9-2525-4890-9810-4991a0764633.jpg\"><img loading=\"lazy\" decoding=\"async\" class=\"aligncenter size-full wp-image-407591\" src=\"https:\/\/hashtag.al\/wp-content\/uploads\/2020\/10\/4c057cc9-2525-4890-9810-4991a0764633.jpg\" alt=\"\" width=\"1116\" height=\"744\" srcset=\"https:\/\/www.hashtag.al\/wp-content\/uploads\/2020\/10\/4c057cc9-2525-4890-9810-4991a0764633.jpg 1116w, https:\/\/www.hashtag.al\/wp-content\/uploads\/2020\/10\/4c057cc9-2525-4890-9810-4991a0764633-300x200.jpg 300w, https:\/\/www.hashtag.al\/wp-content\/uploads\/2020\/10\/4c057cc9-2525-4890-9810-4991a0764633-768x512.jpg 768w, https:\/\/www.hashtag.al\/wp-content\/uploads\/2020\/10\/4c057cc9-2525-4890-9810-4991a0764633-1024x683.jpg 1024w\" sizes=\"auto, (max-width: 1116px) 100vw, 1116px\" \/><\/a><\/p>\n<p><span style=\"color: #000000;\">Meta tregon se edhe prind\u00ebrit e tij kan\u00eb qen\u00eb m\u00ebsues, nd\u00ebrsa shpreh vler\u00ebsimet e tij p\u00ebr m\u00ebsuese Luiz\u00ebn.<\/span><\/p>\n<p><em><span style=\"color: #000000;\">\u201cT\u00eb jesh m\u00ebsues \u00ebsht\u00eb nj\u00eb mision fisnik, q\u00eb k\u00ebrkon p\u00ebrkushtim e sakrific\u00eb \u00e7do dit\u00eb t\u00eb jet\u00ebs. K\u00ebt\u00eb nuk e them vet\u00ebm si President i Republik\u00ebs, por edhe p\u00ebr nj\u00eb fakt t\u00eb thjesht\u00eb se t\u00eb dy prind\u00ebrit e mi kan\u00eb qen\u00eb m\u00ebsues dhe e di shum\u00eb mir\u00eb se sa shum\u00eb jetojn\u00eb me shqet\u00ebsimet e nx\u00ebn\u00ebsve t\u00eb tyre, se sa shum\u00eb g\u00ebzohen me arritjet e tyre.<\/span><\/em><\/p>\n<p><em><span style=\"color: #000000;\">M\u00ebsuese Luiza u p\u00ebrpoq fort gjat\u00eb gjith\u00eb pun\u00ebs s\u00eb saj si m\u00ebsuese, t\u00eb sillte ndryshime pozitive n\u00eb jet\u00ebn e komunitetit t\u00eb nx\u00ebn\u00ebsve dhe prind\u00ebrve n\u00eb k\u00ebt\u00eb zon\u00eb t\u00eb larg\u00ebt, duke iu ofruar dije, kultur\u00eb, edukat\u00eb dhe mbi t\u00eb gjitha dashuri.<\/span><\/em><\/p>\n<p><em><span style=\"color: #000000;\">N\u00eb nj\u00eb dit\u00eb dhjetori, si \u00e7do dit\u00eb, ajo p\u00ebrs\u00ebri u nis drejt nx\u00ebn\u00ebsve t\u00eb saj, edhe pse dita ishte e akullt dhe rruga ishte e ngrir\u00eb dhe e rrezikshme, dashuria dhe p\u00ebrkushtimi p\u00ebr detyr\u00ebn, p\u00ebr nx\u00ebn\u00ebsit dhe misionin e saj fisnik b\u00ebn\u00eb q\u00eb ajo t\u00eb nisej drejt shkoll\u00ebs s\u00eb saj dhe nx\u00ebn\u00ebsve t\u00eb dashur.<\/span><\/em><\/p>\n<p><em><span style=\"color: #000000;\">Fatkeq\u00ebsisht, m\u00ebsuese Luiza nuk arriti dot as at\u00eb dit\u00eb dhe as kurr\u00eb m\u00eb, n\u00eb shkoll\u00ebn e saj, te nx\u00ebn\u00ebsit e saj t\u00eb dashur pasi aksidenti i mori jet\u00ebn, duke shkaktuar dhimbje e lot te f\u00ebmij\u00ebt, nx\u00ebn\u00ebsit, familjar\u00ebt, koleg\u00ebt, dhe t\u00eb gjith\u00eb komuniteti.<\/span><\/em><\/p>\n<p><em><span style=\"color: #000000;\">Vitet do t\u00eb kalojn\u00eb, por emri i m\u00ebsuese Luiz\u00ebs do t\u00eb mbetet i p\u00ebrjetsh\u00ebm n\u00eb zemr\u00ebn e nx\u00ebn\u00ebsve, q\u00eb ajo i edukoi dhe i deshi me shpirt, t\u00eb koleg\u00ebve, me t\u00eb cil\u00ebt ndante pasionin p\u00ebr misionin fisnik t\u00eb m\u00ebsuesit, t\u00eb f\u00ebmij\u00ebve, t\u00eb bashk\u00ebshortit e familjar\u00ebve t\u00eb saj, t\u00eb cil\u00ebt e kan\u00eb mb\u00ebshtetur pa kushte, n\u00eb zgjedhjet q\u00eb ajo b\u00ebri.<\/span><\/em><\/p>\n<p><span style=\"color: #000000;\"><em>M\u00ebsuese Luiza \u00ebsht\u00eb sot nj\u00eb nga d\u00ebshmor\u00ebt e shkoll\u00ebs son\u00eb shqipe dhe t\u00eb arsimit ton\u00eb, t\u00eb atyre q\u00eb sakrifikuan edhe jet\u00ebn p\u00ebr t\u00eb m\u00ebsuar, edukuar, e ndri\u00e7uar mendjen e f\u00ebmij\u00ebve tan\u00eb\u201d,<\/em>\u00a0deklaroi presidenti Meta.<\/span><\/p>\n<p><a href=\"https:\/\/hashtag.al\/wp-content\/uploads\/2020\/10\/863c0f5d-0194-4c13-9aed-f27f6116be68.jpg\"><img loading=\"lazy\" decoding=\"async\" class=\"aligncenter size-full wp-image-407592\" src=\"https:\/\/hashtag.al\/wp-content\/uploads\/2020\/10\/863c0f5d-0194-4c13-9aed-f27f6116be68.jpg\" alt=\"\" width=\"1280\" height=\"853\" srcset=\"https:\/\/www.hashtag.al\/wp-content\/uploads\/2020\/10\/863c0f5d-0194-4c13-9aed-f27f6116be68.jpg 1280w, https:\/\/www.hashtag.al\/wp-content\/uploads\/2020\/10\/863c0f5d-0194-4c13-9aed-f27f6116be68-300x200.jpg 300w, https:\/\/www.hashtag.al\/wp-content\/uploads\/2020\/10\/863c0f5d-0194-4c13-9aed-f27f6116be68-768x512.jpg 768w, https:\/\/www.hashtag.al\/wp-content\/uploads\/2020\/10\/863c0f5d-0194-4c13-9aed-f27f6116be68-1024x682.jpg 1024w\" sizes=\"auto, (max-width: 1280px) 100vw, 1280px\" \/><\/a> <a href=\"https:\/\/hashtag.al\/wp-content\/uploads\/2020\/10\/77978ddd-c253-4a57-b633-6a504adafd43.jpg\"><img loading=\"lazy\" decoding=\"async\" class=\"aligncenter size-full wp-image-407589\" src=\"https:\/\/hashtag.al\/wp-content\/uploads\/2020\/10\/77978ddd-c253-4a57-b633-6a504adafd43.jpg\" alt=\"\" width=\"744\" height=\"1116\" srcset=\"https:\/\/www.hashtag.al\/wp-content\/uploads\/2020\/10\/77978ddd-c253-4a57-b633-6a504adafd43.jpg 744w, https:\/\/www.hashtag.al\/wp-content\/uploads\/2020\/10\/77978ddd-c253-4a57-b633-6a504adafd43-200x300.jpg 200w, https:\/\/www.hashtag.al\/wp-content\/uploads\/2020\/10\/77978ddd-c253-4a57-b633-6a504adafd43-683x1024.jpg 683w\" sizes=\"auto, (max-width: 744px) 100vw, 744px\" \/><\/a><\/p>\n","protected":false,"gt_translate_keys":[{"key":"rendered","format":"html"}]},"excerpt":{"rendered":"<p>Presidenti i vendit Ilir Meta ka dekoruar m\u00ebsuesen Luiza Dule t\u00eb shkoll\u00ebs 9-vje\u00e7are \u201cSelami Kodra\u201d t\u00eb fshatit Arr\u00ebz n\u00eb Devoll, me Titullin \u201cNaim Frash\u00ebri\u201d, e cila ka humbur jet\u00ebn n\u00eb nj\u00eb aksident nd\u00ebrsa shkonte n\u00eb pun\u00eb. Meta tha se ky titull i jepet m\u00ebsueses s\u00eb ndjer\u00eb me motivacionin: \u201cN\u00eb vler\u00ebsim p\u00ebr m\u00ebsuesen e paharruar, n\u00ebn\u00ebn [&hellip;]<\/p>\n","protected":false,"gt_translate_keys":[{"key":"rendered","format":"html"}]},"author":30,"featured_media":407591,"comment_status":"open","ping_status":"open","sticky":false,"template":"","format":"standard","meta":{"footnotes":""},"categories":[65,13],"tags":[],"class_list":["post-407587","post","type-post","status-publish","format-standard","has-post-thumbnail","hentry","category-lajme","category-te-fundit"],"gt_translate_keys":[{"key":"link","format":"url"}],"_links":{"self":[{"href":"https:\/\/www.hashtag.al\/index.php\/wp-json\/wp\/v2\/posts\/407587","targetHints":{"allow":["GET"]}}],"collection":[{"href":"https:\/\/www.hashtag.al\/index.php\/wp-json\/wp\/v2\/posts"}],"about":[{"href":"https:\/\/www.hashtag.al\/index.php\/wp-json\/wp\/v2\/types\/post"}],"author":[{"embeddable":true,"href":"https:\/\/www.hashtag.al\/index.php\/wp-json\/wp\/v2\/users\/30"}],"replies":[{"embeddable":true,"href":"https:\/\/www.hashtag.al\/index.php\/wp-json\/wp\/v2\/comments?post=407587"}],"version-history":[{"count":0,"href":"https:\/\/www.hashtag.al\/index.php\/wp-json\/wp\/v2\/posts\/407587\/revisions"}],"wp:featuredmedia":[{"embeddable":true,"href":"https:\/\/www.hashtag.al\/index.php\/wp-json\/wp\/v2\/media\/407591"}],"wp:attachment":[{"href":"https:\/\/www.hashtag.al\/index.php\/wp-json\/wp\/v2\/media?parent=407587"}],"wp:term":[{"taxonomy":"category","embeddable":true,"href":"https:\/\/www.hashtag.al\/index.php\/wp-json\/wp\/v2\/categories?post=407587"},{"taxonomy":"post_tag","embeddable":true,"href":"https:\/\/www.hashtag.al\/index.php\/wp-json\/wp\/v2\/tags?post=407587"}],"curies":[{"name":"wp","href":"https:\/\/api.w.org\/{rel}","templated":true}]}}