{"id":407568,"date":"2020-10-24T09:54:15","date_gmt":"2020-10-24T07:54:15","guid":{"rendered":"https:\/\/hashtag.al\/?p=407568"},"modified":"2020-10-24T10:05:54","modified_gmt":"2020-10-24T08:05:54","slug":"10-vite-martese-rama-nxjerr-foton-romantike-me-gruan","status":"publish","type":"post","link":"https:\/\/www.hashtag.al\/index.php\/2020\/10\/24\/10-vite-martese-rama-nxjerr-foton-romantike-me-gruan\/","title":{"rendered":"10 vite martes\u00eb, Rama nxjerr foton romantike me gruan","gt_translate_keys":[{"key":"rendered","format":"text"}]},"content":{"rendered":"<p><a href=\"https:\/\/hashtag.al\/wp-content\/uploads\/2020\/10\/Edi-Rama-Linda-Rama.jpg\"><img loading=\"lazy\" decoding=\"async\" class=\"aligncenter size-full wp-image-407569\" src=\"https:\/\/hashtag.al\/wp-content\/uploads\/2020\/10\/Edi-Rama-Linda-Rama.jpg\" alt=\"\" width=\"472\" height=\"344\" srcset=\"https:\/\/www.hashtag.al\/wp-content\/uploads\/2020\/10\/Edi-Rama-Linda-Rama.jpg 472w, https:\/\/www.hashtag.al\/wp-content\/uploads\/2020\/10\/Edi-Rama-Linda-Rama-300x219.jpg 300w\" sizes=\"auto, (max-width: 472px) 100vw, 472px\" \/><\/a><\/p>\n<p><span style=\"color: #000000;\">Kryeministri Edi Rama feston 10 vjetorin e martes\u00ebs me zonj\u00ebn Linda Rama. Si rrall\u00ebher\u00eb, Rama ka ndar\u00eb me ndjek\u00ebsit e tij n\u00eb rrjetet sociale nj\u00eb foto nga nj\u00eb moment romantic me t\u00eb shoqen, s\u00eb cil\u00ebs i dhuron nj\u00eb buqet\u00eb t\u00eb madhe me lule.<\/span><\/p>\n<p><span style=\"color: #000000;\">Ai e shoq\u00ebron foton me shkrimin <em>\u201c10 vjet\u201d.<a href=\"https:\/\/hashtag.al\/wp-content\/uploads\/2020\/10\/RAMA-EDI.jpg\"><img loading=\"lazy\" decoding=\"async\" class=\"aligncenter size-full wp-image-407570\" src=\"https:\/\/hashtag.al\/wp-content\/uploads\/2020\/10\/RAMA-EDI.jpg\" alt=\"\" width=\"684\" height=\"450\" srcset=\"https:\/\/www.hashtag.al\/wp-content\/uploads\/2020\/10\/RAMA-EDI.jpg 684w, https:\/\/www.hashtag.al\/wp-content\/uploads\/2020\/10\/RAMA-EDI-300x197.jpg 300w\" sizes=\"auto, (max-width: 684px) 100vw, 684px\" \/><\/a><\/em><\/span><\/p>\n<p><span style=\"color: #000000;\">Dyshja i than\u00eb \u201cpo\u201d nj\u00ebri-tjetrit 10 vjet m\u00eb par\u00eb, n\u00eb tetor t\u00eb 2010-\u00ebs n\u00eb nj\u00eb ceremoni me mbi 500 t\u00eb ftuar.<\/span><\/p>\n<p><span style=\"color: #000000;\">Ata e kishin mbajtur historin\u00eb e tyre larg v\u00ebmendjes s\u00eb publikut dhe lajmi i martes\u00ebs doli i papritur vet\u00ebm kur nis\u00ebn t\u00eb shp\u00ebrndaheshin ftesat.<\/span><\/p>\n<p><span style=\"color: #000000;\">Kat\u00ebr vite m\u00eb pas ata u bekuan me nj\u00eb f\u00ebmij\u00eb. Vog\u00eblushi t\u00eb cilin e quajt\u00ebn Zaho, lindi m\u00eb 24 korrik t\u00eb 2014-\u00ebs. \u00c7ifti kan\u00eb edhe dy f\u00ebmij\u00eb nga martesat e tyre t\u00eb m\u00ebparshme: Rama djalin Greg dhe Linda vajz\u00ebn Rea.<\/span><\/p>\n<p><a href=\"https:\/\/hashtag.al\/wp-content\/uploads\/2020\/10\/Rama-1.jpg\"><img loading=\"lazy\" decoding=\"async\" class=\"aligncenter size-full wp-image-407571\" src=\"https:\/\/hashtag.al\/wp-content\/uploads\/2020\/10\/Rama-1.jpg\" alt=\"\" width=\"640\" height=\"734\" srcset=\"https:\/\/www.hashtag.al\/wp-content\/uploads\/2020\/10\/Rama-1.jpg 640w, https:\/\/www.hashtag.al\/wp-content\/uploads\/2020\/10\/Rama-1-262x300.jpg 262w\" sizes=\"auto, (max-width: 640px) 100vw, 640px\" \/><\/a><\/p>\n","protected":false,"gt_translate_keys":[{"key":"rendered","format":"html"}]},"excerpt":{"rendered":"<p>Kryeministri Edi Rama feston 10 vjetorin e martes\u00ebs me zonj\u00ebn Linda Rama. Si rrall\u00ebher\u00eb, Rama ka ndar\u00eb me ndjek\u00ebsit e tij n\u00eb rrjetet sociale nj\u00eb foto nga nj\u00eb moment romantic me t\u00eb shoqen, s\u00eb cil\u00ebs i dhuron nj\u00eb buqet\u00eb t\u00eb madhe me lule. Ai e shoq\u00ebron foton me shkrimin \u201c10 vjet\u201d. Dyshja i than\u00eb \u201cpo\u201d [&hellip;]<\/p>\n","protected":false,"gt_translate_keys":[{"key":"rendered","format":"html"}]},"author":30,"featured_media":407569,"comment_status":"open","ping_status":"open","sticky":false,"template":"","format":"standard","meta":{"footnotes":""},"categories":[53,65],"tags":[],"class_list":["post-407568","post","type-post","status-publish","format-standard","has-post-thumbnail","hentry","category-fast-foodi","category-lajme"],"gt_translate_keys":[{"key":"link","format":"url"}],"_links":{"self":[{"href":"https:\/\/www.hashtag.al\/index.php\/wp-json\/wp\/v2\/posts\/407568","targetHints":{"allow":["GET"]}}],"collection":[{"href":"https:\/\/www.hashtag.al\/index.php\/wp-json\/wp\/v2\/posts"}],"about":[{"href":"https:\/\/www.hashtag.al\/index.php\/wp-json\/wp\/v2\/types\/post"}],"author":[{"embeddable":true,"href":"https:\/\/www.hashtag.al\/index.php\/wp-json\/wp\/v2\/users\/30"}],"replies":[{"embeddable":true,"href":"https:\/\/www.hashtag.al\/index.php\/wp-json\/wp\/v2\/comments?post=407568"}],"version-history":[{"count":0,"href":"https:\/\/www.hashtag.al\/index.php\/wp-json\/wp\/v2\/posts\/407568\/revisions"}],"wp:featuredmedia":[{"embeddable":true,"href":"https:\/\/www.hashtag.al\/index.php\/wp-json\/wp\/v2\/media\/407569"}],"wp:attachment":[{"href":"https:\/\/www.hashtag.al\/index.php\/wp-json\/wp\/v2\/media?parent=407568"}],"wp:term":[{"taxonomy":"category","embeddable":true,"href":"https:\/\/www.hashtag.al\/index.php\/wp-json\/wp\/v2\/categories?post=407568"},{"taxonomy":"post_tag","embeddable":true,"href":"https:\/\/www.hashtag.al\/index.php\/wp-json\/wp\/v2\/tags?post=407568"}],"curies":[{"name":"wp","href":"https:\/\/api.w.org\/{rel}","templated":true}]}}