{"id":407501,"date":"2020-10-23T20:06:11","date_gmt":"2020-10-23T18:06:11","guid":{"rendered":"https:\/\/hashtag.al\/?p=407501"},"modified":"2020-10-23T20:06:11","modified_gmt":"2020-10-23T18:06:11","slug":"rama-futbollistit-nen-akuze-iu-dha-shtetesia-per-8-ore-bashke-me-meten-i-bene-gol-me-koke-drejtesise","status":"publish","type":"post","link":"https:\/\/www.hashtag.al\/index.php\/2020\/10\/23\/rama-futbollistit-nen-akuze-iu-dha-shtetesia-per-8-ore-bashke-me-meten-i-bene-gol-me-koke-drejtesise\/","title":{"rendered":"Rama: Futbollistit n\u00ebn akuz\u00eb iu dha shtet\u00ebsia p\u00ebr 8 or\u00eb, bashk\u00eb me Met\u00ebn i b\u00ebn\u00eb gol me kok\u00eb drejt\u00ebsis\u00eb","gt_translate_keys":[{"key":"rendered","format":"text"}]},"content":{"rendered":"<p><img loading=\"lazy\" decoding=\"async\" class=\"aligncenter size-full wp-image-406745\" src=\"https:\/\/hashtag.al\/wp-content\/uploads\/2020\/10\/RAMA-3.jpg\" alt=\"\" width=\"770\" height=\"421\" srcset=\"https:\/\/www.hashtag.al\/wp-content\/uploads\/2020\/10\/RAMA-3.jpg 770w, https:\/\/www.hashtag.al\/wp-content\/uploads\/2020\/10\/RAMA-3-300x164.jpg 300w, https:\/\/www.hashtag.al\/wp-content\/uploads\/2020\/10\/RAMA-3-768x420.jpg 768w\" sizes=\"auto, (max-width: 770px) 100vw, 770px\" \/><\/p>\n<p><span style=\"color: #000000;\">\u00c7\u00ebshtja e dh\u00ebnies s\u00eb shtet\u00ebsis\u00eb shqiptare t\u00eb futbollistit afrikan t\u00eb Tiran\u00ebs, Winful Cobbinah, \u00ebsht\u00eb rikthyer s\u00ebrish n\u00eb sken\u00eb. <\/span><\/p>\n<p><span style=\"color: #000000;\">Pas publikimit t\u00eb nj\u00eb shkrimi te <a href=\"https:\/\/shqiptarja.com\/lajm\/prokuroria-merr-te-pandehur-afrikanin-cobbina-qe-e-pajisi-ilir-meta-me-nenshtetesi-si-hero-brenda-disa-oreve-rrezikon-4-vjet-burg?r=kh1\"><span style=\"color: #0000ff;\">Shqiptarja.com<\/span><\/a>, sipas t\u00eb cilit, lojtarit afrikan i ishte dh\u00ebn\u00eb shtet\u00ebsia p\u00ebr tet\u00eb or\u00eb nd\u00ebrkoh\u00eb q\u00eb ishte n\u00ebn hetim n\u00eb Shqip\u00ebri, ka reaguar kryeministri Rama. <\/span><\/p>\n<p><span style=\"color: #000000;\">N\u00eb nj\u00eb status n\u00eb Twitter, kryeministri shkruan se Meta ka lidhje me Kushtetut\u00ebn aq sa ka lojtari n\u00eb fjal\u00eb m\u00eb Topin e Art\u00eb duke shtuar se presidenti dhe sulmuesi i kan\u00eb b\u00ebr\u00eb gol me kok\u00eb drejt\u00ebsis\u00eb.<\/span><\/p>\n<p><span style=\"color: #000000;\"><em>\u201cIlir Meta ka lidhje me Kushtetut\u00ebn sa \u00e7\u2019ka lidhje me Topin e Art\u00eb ai futbollisti afrikan q\u00eb mori pashaport\u00ebn shqiptare p\u00ebr 8 or\u00eb nga Iliri, nd\u00ebrkoh\u00eb q\u00eb ishte n\u00ebn akuz\u00eb n\u00eb Shqip\u00ebri p\u00ebr falsifikim dokumentash! T\u00eb dy bashk\u00eb po, e kan\u00eb nj\u00eb lidhje: I kan\u00eb b\u00ebr\u00eb gol me kok\u00eb drejt\u00ebsis\u00eb!\u201d<\/em> \u2013 shkruan Rama n\u00eb \u2018Twitter\u2019.<\/span><\/p>\n<p><img loading=\"lazy\" decoding=\"async\" class=\"aligncenter size-full wp-image-407502\" src=\"https:\/\/hashtag.al\/wp-content\/uploads\/2020\/10\/ramameta-1.png\" alt=\"\" width=\"598\" height=\"317\" srcset=\"https:\/\/www.hashtag.al\/wp-content\/uploads\/2020\/10\/ramameta-1.png 598w, https:\/\/www.hashtag.al\/wp-content\/uploads\/2020\/10\/ramameta-1-300x160.png 300w\" sizes=\"auto, (max-width: 598px) 100vw, 598px\" \/><\/p>\n","protected":false,"gt_translate_keys":[{"key":"rendered","format":"html"}]},"excerpt":{"rendered":"<p>\u00c7\u00ebshtja e dh\u00ebnies s\u00eb shtet\u00ebsis\u00eb shqiptare t\u00eb futbollistit afrikan t\u00eb Tiran\u00ebs, Winful Cobbinah, \u00ebsht\u00eb rikthyer s\u00ebrish n\u00eb sken\u00eb. Pas publikimit t\u00eb nj\u00eb shkrimi te Shqiptarja.com, sipas t\u00eb cilit, lojtarit afrikan i ishte dh\u00ebn\u00eb shtet\u00ebsia p\u00ebr tet\u00eb or\u00eb nd\u00ebrkoh\u00eb q\u00eb ishte n\u00ebn hetim n\u00eb Shqip\u00ebri, ka reaguar kryeministri Rama. N\u00eb nj\u00eb status n\u00eb Twitter, kryeministri shkruan [&hellip;]<\/p>\n","protected":false,"gt_translate_keys":[{"key":"rendered","format":"html"}]},"author":51,"featured_media":406748,"comment_status":"open","ping_status":"open","sticky":false,"template":"","format":"standard","meta":{"footnotes":""},"categories":[65,13],"tags":[],"class_list":["post-407501","post","type-post","status-publish","format-standard","has-post-thumbnail","hentry","category-lajme","category-te-fundit"],"gt_translate_keys":[{"key":"link","format":"url"}],"_links":{"self":[{"href":"https:\/\/www.hashtag.al\/index.php\/wp-json\/wp\/v2\/posts\/407501","targetHints":{"allow":["GET"]}}],"collection":[{"href":"https:\/\/www.hashtag.al\/index.php\/wp-json\/wp\/v2\/posts"}],"about":[{"href":"https:\/\/www.hashtag.al\/index.php\/wp-json\/wp\/v2\/types\/post"}],"author":[{"embeddable":true,"href":"https:\/\/www.hashtag.al\/index.php\/wp-json\/wp\/v2\/users\/51"}],"replies":[{"embeddable":true,"href":"https:\/\/www.hashtag.al\/index.php\/wp-json\/wp\/v2\/comments?post=407501"}],"version-history":[{"count":0,"href":"https:\/\/www.hashtag.al\/index.php\/wp-json\/wp\/v2\/posts\/407501\/revisions"}],"wp:featuredmedia":[{"embeddable":true,"href":"https:\/\/www.hashtag.al\/index.php\/wp-json\/wp\/v2\/media\/406748"}],"wp:attachment":[{"href":"https:\/\/www.hashtag.al\/index.php\/wp-json\/wp\/v2\/media?parent=407501"}],"wp:term":[{"taxonomy":"category","embeddable":true,"href":"https:\/\/www.hashtag.al\/index.php\/wp-json\/wp\/v2\/categories?post=407501"},{"taxonomy":"post_tag","embeddable":true,"href":"https:\/\/www.hashtag.al\/index.php\/wp-json\/wp\/v2\/tags?post=407501"}],"curies":[{"name":"wp","href":"https:\/\/api.w.org\/{rel}","templated":true}]}}