{"id":407120,"date":"2020-10-21T21:23:24","date_gmt":"2020-10-21T19:23:24","guid":{"rendered":"https:\/\/hashtag.al\/?p=407120"},"modified":"2020-10-21T21:23:24","modified_gmt":"2020-10-21T19:23:24","slug":"stoltenberg-kunder-nje-largimi-te-menjehershem-te-natos-nga-afganistani","status":"publish","type":"post","link":"https:\/\/www.hashtag.al\/index.php\/2020\/10\/21\/stoltenberg-kunder-nje-largimi-te-menjehershem-te-natos-nga-afganistani\/","title":{"rendered":"Stoltenberg kund\u00ebr nj\u00eb largimi t\u00eb menj\u00ebhersh\u00ebm t\u00eb NATOS nga Afganistani","gt_translate_keys":[{"key":"rendered","format":"text"}]},"content":{"rendered":"<p><img loading=\"lazy\" decoding=\"async\" class=\"aligncenter size-full wp-image-403045\" src=\"https:\/\/hashtag.al\/wp-content\/uploads\/2020\/10\/stoltenberg.jpg\" alt=\"\" width=\"960\" height=\"600\" srcset=\"https:\/\/www.hashtag.al\/wp-content\/uploads\/2020\/10\/stoltenberg.jpg 960w, https:\/\/www.hashtag.al\/wp-content\/uploads\/2020\/10\/stoltenberg-300x188.jpg 300w, https:\/\/www.hashtag.al\/wp-content\/uploads\/2020\/10\/stoltenberg-768x480.jpg 768w\" sizes=\"auto, (max-width: 960px) 100vw, 960px\" \/><\/p>\n<p><span style=\"color: #000000;\">Sekretari i P\u00ebrgjithsh\u00ebm i NATO-s, Jens Stoltenberg ka th\u00ebn\u00eb se aleanca ushtarake nuk do t\u00eb largohet nga Afganistani derisa t\u00eb plot\u00ebsohen kushtet e siguris\u00eb, meq\u00eb dhuna n\u00eb rritje \u00ebsht\u00eb duke k\u00ebrc\u00ebnuar nd\u00ebrprerjen e bisedimeve t\u00eb brendshme p\u00ebr paqe, q\u00eb po zhvillohen n\u00eb Katar.<\/span><\/p>\n<p><span style=\"color: #000000;\">\u201cNe kemi shkuar n\u00eb Afganistan bashk\u00eb, do t\u00eb ndryshojm\u00eb bashk\u00eb dhe kur t\u00eb jet\u00eb koha, kur t\u00eb plot\u00ebsohen kushtet, do t\u00eb largohemi s\u00eb bashku n\u00eb m\u00ebnyr\u00eb t\u00eb koordinuar. Ky \u00ebsht\u00eb p\u00ebrkushtim i t\u00eb gjith\u00eb aleat\u00ebve dhe un\u00eb jam plot\u00ebsisht i sigurt q\u00eb t\u00eb gjith\u00eb aleat\u00ebt do ta zbatojn\u00eb k\u00ebt\u00eb p\u00ebrkushtim\u201d, ka th\u00ebn\u00eb Stoltenberg para gazetar\u00ebve n\u00eb Bruksel t\u00eb m\u00ebrkur\u00ebn, pak para takimit t\u00eb ministrave t\u00eb Jasht\u00ebm t\u00eb NATO-s.<\/span><\/p>\n<p><span style=\"color: #000000;\">NATO-ja ka drejtuar p\u00ebrpjekjet nd\u00ebrkomb\u00ebtare p\u00ebr siguri n\u00eb Afganistan nga viti 2003, dy vjet pasi koalicioni i udh\u00ebhequr nga Shtetet e Bashkuara ka larguar taliban\u00ebt nga pushteti.<\/span><\/p>\n<p><span style=\"color: #000000;\">Aktualisht n\u00eb Afganistan jan\u00eb 12,000 trupa t\u00eb NATO-s, q\u00eb kryejn\u00eb trajnime dhe u ndihmojn\u00eb forcave komb\u00ebtare t\u00eb siguris\u00eb.<\/span><\/p>\n<p><span style=\"color: #000000;\">M\u00eb 7 tetor, presidenti amerikan, Donald Trump ka th\u00ebn\u00eb se d\u00ebshiron q\u00eb t\u00eb largoj\u00eb t\u00eb gjith\u00eb trupat amerikane nga Afganistani deri m\u00eb 25 dhjetor, mir\u00ebpo K\u00ebshilltari i tij p\u00ebr Siguri Komb\u00ebtare, Robert O&#8217;Brien, ka th\u00ebn\u00eb jav\u00ebn e kaluar se trupat amerikane do t\u00eb tkurren n\u00eb 2,500 n\u00eb fillim t\u00eb vitit t\u00eb ardhsh\u00ebm.<\/span><\/p>\n<p><span style=\"color: #000000;\">Nd\u00ebrkoh\u00eb, militant\u00ebt taliban\u00eb kan\u00eb shtuar sulmet n\u00ebp\u00ebr Afganistan, ndon\u00ebse ky grup \u00ebsht\u00eb duke zhvilluar bisedime p\u00ebr paqe me negociator\u00ebt qeveritar\u00eb n\u00eb Doha t\u00eb Katarit.<\/span><\/p>\n<p><span style=\"color: #000000;\">Bisedimet \u201cofrojn\u00eb mund\u00ebsin\u00eb m\u00eb t\u00eb mir\u00eb p\u00ebr paqe n\u00eb gjenerata\u201d, ka th\u00ebn\u00eb Stoltenberg, duke shtuar se \u201cato duhet t\u00eb ruajn\u00eb arritjet e b\u00ebra n\u00eb dekadat e fundit, p\u00ebrfshir\u00eb grat\u00eb dhe vajzat\u201d.<\/span><\/p>\n<p><span style=\"color: #000000;\">Sekretari i P\u00ebrgjithsh\u00ebm i NATO-s, u ka b\u00ebr\u00eb thirrje taliban\u00ebve \u201cq\u00eb t\u00eb zbatojn\u00eb p\u00ebrkushtimet e tyre, t\u00eb ulin dhun\u00ebn dhe t\u2019i hapin rrug\u00ebn arm\u00ebpushimit\u201d.<\/span><\/p>\n<p><span style=\"color: #000000;\">\u201cAta duhet t\u00eb ndalin t\u00eb gjitha lidhjet me Al-Kaid\u00ebn dhe grupet tjera terroriste nd\u00ebrkomb\u00ebtare. Ata duhet t\u00eb negociojn\u00eb me besim t\u00eb mir\u00eb\u201d, ka shtuar ai.<\/span><\/p>\n<p><span style=\"color: #000000;\">Bisedimet e brendshme p\u00ebr paqe n\u00eb Afganistan jan\u00eb rezultat i marr\u00ebveshjes s\u00eb n\u00ebnshkruar mes Shteteve t\u00eb Bashkuara dhe taliban\u00ebve n\u00eb Doha n\u00eb muajin shkurt.<\/span><\/p>\n<p><span style=\"color: #000000;\">Sipas k\u00ebsaj marr\u00ebveshjeje, forcat e huaja duhet t\u00eb largohen nga Afganistani deri n\u00eb maj t\u00eb vitit 2021, n\u00eb k\u00ebmbim t\u00eb garancive t\u00eb taliban\u00ebve p\u00ebr luftim t\u00eb terrorizimit.<\/span><\/p>\n","protected":false,"gt_translate_keys":[{"key":"rendered","format":"html"}]},"excerpt":{"rendered":"<p>Sekretari i P\u00ebrgjithsh\u00ebm i NATO-s, Jens Stoltenberg ka th\u00ebn\u00eb se aleanca ushtarake nuk do t\u00eb largohet nga Afganistani derisa t\u00eb plot\u00ebsohen kushtet e siguris\u00eb, meq\u00eb dhuna n\u00eb rritje \u00ebsht\u00eb duke k\u00ebrc\u00ebnuar nd\u00ebrprerjen e bisedimeve t\u00eb brendshme p\u00ebr paqe, q\u00eb po zhvillohen n\u00eb Katar. \u201cNe kemi shkuar n\u00eb Afganistan bashk\u00eb, do t\u00eb ndryshojm\u00eb bashk\u00eb dhe kur [&hellip;]<\/p>\n","protected":false,"gt_translate_keys":[{"key":"rendered","format":"html"}]},"author":32,"featured_media":403045,"comment_status":"open","ping_status":"open","sticky":false,"template":"","format":"standard","meta":{"footnotes":""},"categories":[6,13],"tags":[],"class_list":["post-407120","post","type-post","status-publish","format-standard","has-post-thumbnail","hentry","category-nderkombetare","category-te-fundit"],"gt_translate_keys":[{"key":"link","format":"url"}],"_links":{"self":[{"href":"https:\/\/www.hashtag.al\/index.php\/wp-json\/wp\/v2\/posts\/407120","targetHints":{"allow":["GET"]}}],"collection":[{"href":"https:\/\/www.hashtag.al\/index.php\/wp-json\/wp\/v2\/posts"}],"about":[{"href":"https:\/\/www.hashtag.al\/index.php\/wp-json\/wp\/v2\/types\/post"}],"author":[{"embeddable":true,"href":"https:\/\/www.hashtag.al\/index.php\/wp-json\/wp\/v2\/users\/32"}],"replies":[{"embeddable":true,"href":"https:\/\/www.hashtag.al\/index.php\/wp-json\/wp\/v2\/comments?post=407120"}],"version-history":[{"count":0,"href":"https:\/\/www.hashtag.al\/index.php\/wp-json\/wp\/v2\/posts\/407120\/revisions"}],"wp:featuredmedia":[{"embeddable":true,"href":"https:\/\/www.hashtag.al\/index.php\/wp-json\/wp\/v2\/media\/403045"}],"wp:attachment":[{"href":"https:\/\/www.hashtag.al\/index.php\/wp-json\/wp\/v2\/media?parent=407120"}],"wp:term":[{"taxonomy":"category","embeddable":true,"href":"https:\/\/www.hashtag.al\/index.php\/wp-json\/wp\/v2\/categories?post=407120"},{"taxonomy":"post_tag","embeddable":true,"href":"https:\/\/www.hashtag.al\/index.php\/wp-json\/wp\/v2\/tags?post=407120"}],"curies":[{"name":"wp","href":"https:\/\/api.w.org\/{rel}","templated":true}]}}